{"id":15261,"date":"2014-12-27T14:33:05","date_gmt":"2014-12-27T12:33:05","guid":{"rendered":"https:\/\/www.stepienybarno.es\/blog\/?p=15261"},"modified":"2014-12-27T14:33:05","modified_gmt":"2014-12-27T12:33:05","slug":"viviendas-para-el-patronato-de-casas-militares","status":"publish","type":"post","link":"https:\/\/stepienybarno.es\/blog\/2014\/12\/27\/viviendas-para-el-patronato-de-casas-militares\/","title":{"rendered":"VIVIENDAS PARA EL PATRONATO DE CASAS MILITARES"},"content":{"rendered":"<p style=\"text-align: center;\"><a href=\"https:\/\/stepienybarno.es\/blog\/wp-content\/uploads\/2014\/12\/Stepienybarno-Fernando-Higueras-y-Antonio-Mir\u00f3.jpg\"><img loading=\"lazy\" decoding=\"async\" class=\"alignnone size-medium wp-image-15262\" title=\"Stepienybarno- Fernando Higueras y Antonio Mir\u00f3\" src=\"https:\/\/stepienybarno.es\/blog\/wp-content\/uploads\/2014\/12\/Stepienybarno-Fernando-Higueras-y-Antonio-Mir\u00f3-350x234.jpg\" alt=\"Stepienybarno- Fernando Higueras y Antonio Mir\u00f3\" width=\"350\" height=\"234\" \/><\/a><\/p>\n<p>Autores: Fernando Higueras y Antonio Mir\u00f3, en 1973.<\/p>\n<p>Desde Rita _ Redfundamentos.com<\/p>\n<p><!--more--><br \/>\n\u201c(\u2026) Sint\u00e9ticamente, resumiendo los textos de las memorias, las viviendas se explican y defienden con algo parecido a esto, como si lo contara de nuevo Fernando\u2026.la continuidad de las calles facilitan una calle interior que divide en dos la manzana, los patios de los bloques son continuos y mucho m\u00e1s grandes y alegres que los de la ordenanza, las terrazas controlan el sol vertical y alto del verano y captan sus rayos c\u00e1lidos y deseables en invierno, las jardineras dan privacidad entre viviendas y son un filtro de frescor, tienen mucha tierra, tanta, que no necesitan riego, los locales comerciales son muy di\u00e1fanos con poca estructura, porque en su techo resuelven la transici\u00f3n de estructura de los pisos superiores que los libera y que resuelve a su vez el garaje alegre, con luz natural, como debe ser; las cubiertas son de teja \u00e1rabe de toda la vida proporcionando una c\u00e1mara de aislamiento para los \u00e1ticos, todas las viviendas tiene entrada principal y de servicio, las plantas de las viviendas tienen todas las piezas exteriores, alegres, sin casi pasillos, ni cruces, perfectas, y ya que los \u00e1rboles de las calles solo los ven unos pocos, pong\u00e1moslos por todos lados, colgando por las fachadas\u2026\u201d Jos\u00e9 Mar\u00eda de Churtichaga<\/p>\n<blockquote>\n<p style=\"text-align: center;\"><strong>Acceder al post, <a href=\"http:\/\/www.redfundamentos.com\/blog\/es\/obras\/detalle-170\/\">aqu\u00ed.<\/a><\/strong><\/p>\n<\/blockquote>\n<p align=\"left\"><span style=\"color: #888888;\"><em>Noticia seleccionada por el Canal de arquitectura STEPIENYBARNO.<\/em><\/span><\/p>\n<p><a href=\"https:\/\/twitter.com\/stepienybarno\"><span style=\"color: #888888;\"><em>STEPIENYBARNO EN TWITTER _ @stepienybarno<\/em><\/span><\/a><\/p>\n<p align=\"left\"><a href=\"http:\/\/www.linkedin.com\/company\/stepienybarno\"><span style=\"color: #888888;\"><em>STEPIENYBARNO EN LINKEDIN<\/em><\/span><\/a><\/p>\n<p align=\"left\"><a href=\"https:\/\/www.facebook.com\/pages\/BLOG-DE-STEPIENYBARNO\/78001079029\"><span style=\"color: #888888;\"><em>STEPIENYBARNO EN FACEBOOK<\/em><\/span><\/a><\/p>\n<p align=\"left\"><span style=\"color: #888888;\"><em>*Stepienybarno est\u00e1 formado por Agnieszka Stepien y Lorenzo Barn\u00f3 y desde mayo del 2009 estamos en la red con\u00a0 la presente publicaci\u00f3n digital (Blog) de arquitectura.<\/em><\/span><\/p>\n<p align=\"left\"><span style=\"color: #888888;\"><em>Nuestra actividad se sustenta en tres pilares b\u00e1sicos: la investigaci\u00f3n, la publicaci\u00f3n (comunicaci\u00f3n y difusi\u00f3n) y la redacci\u00f3n de proyectos de arquitectura.<\/em><\/span><\/p>\n<p align=\"left\"><span style=\"color: #888888;\"><em>A su vez, somos socios cofundadores de <a href=\"http:\/\/sinergiasostenible.org\/\">SINERGIA SOSTENIBLE<\/a> y redactores de <a href=\"http:\/\/www.laciudadviva.org\/blogs\/?author=45\">LA CIUDAD VIVA<\/a>.<\/em><\/span><\/p>\n<p align=\"left\"><span style=\"color: #888888;\"><em>* Los editores de esta publicaci\u00f3n digital no nos hacemos cargo de de los comentarios y\u00a0 conceptos vertidos en los textos firmados por otras personas, siendo \u00e9stos de responsabilidad exclusiva de sus autores.<\/em><\/span><\/p>\n<p align=\"left\"><span style=\"color: #888888;\"><em>* Tu comentario podr\u00e1 ser moderado, por lo tanto, aunque aparezca inmediatamente al ser publicado en la entrada, los editores de esta publicaci\u00f3n digital nos reservamos el derecho tanto de editarlo (si fuera necesario, para hacerlo m\u00e1s legible) como de eliminarlo en el caso de que se usen expresiones incorrectas (descalificaciones, palabras malsonantes\u2026). A su vez, si quieres comentar desde el anonimato puedes hacerlo, aunque, nosotros personalmente, agradecemos que tod@s nos podamos identificar.<\/em><\/span><\/p>\n","protected":false},"excerpt":{"rendered":"<p>Autores: Fernando Higueras y Antonio Mir\u00f3, en 1973.<\/p>\n<p>Desde Rita _ Redfundamentos.com<\/p>\n<p>(m\u00e1s&#8230;)<\/p>\n","protected":false},"author":2,"featured_media":0,"comment_status":"open","ping_status":"closed","sticky":false,"template":"","format":"standard","meta":{"om_disable_all_campaigns":false,"_monsterinsights_skip_tracking":false,"_monsterinsights_sitenote_active":false,"_monsterinsights_sitenote_note":"","_monsterinsights_sitenote_category":0,"_uf_show_specific_survey":0,"_uf_disable_surveys":false,"episode_type":"","audio_file":"","cover_image":"","cover_image_id":"","duration":"","filesize":"","date_recorded":"","explicit":"","block":"","filesize_raw":"","footnotes":""},"categories":[34,4,244],"tags":[3232,2662,3235,3234,3233],"series":[],"class_list":["post-15261","post","type-post","status-publish","format-standard","hentry","category-actualidad","category-arquilectura","category-canal-de-arquitectura","tag-antonio-miro","tag-fernando-higueras","tag-jose-maria-de-churtichaga","tag-redfundamentos","tag-rita"],"aioseo_notices":[],"episode_featured_image":false,"episode_player_image":"https:\/\/stepienybarno.es\/blog\/wp-content\/uploads\/2020\/11\/stepienybarno-podcast-scaled.jpg","download_link":"","player_link":"","audio_player":false,"episode_data":{"playerMode":"dark","subscribeUrls":[],"rssFeedUrl":"https:\/\/stepienybarno.es\/blog\/feed\/podcast\/podcast-de-stepienybarno","embedCode":"<blockquote class=\"wp-embedded-content\" data-secret=\"ThCfpbnB2M\"><a href=\"https:\/\/stepienybarno.es\/blog\/2014\/12\/27\/viviendas-para-el-patronato-de-casas-militares\/\">VIVIENDAS PARA EL PATRONATO DE CASAS MILITARES<\/a><\/blockquote><iframe sandbox=\"allow-scripts\" security=\"restricted\" src=\"https:\/\/stepienybarno.es\/blog\/2014\/12\/27\/viviendas-para-el-patronato-de-casas-militares\/embed\/#?secret=ThCfpbnB2M\" width=\"500\" height=\"350\" title=\"\u00abVIVIENDAS PARA EL PATRONATO DE CASAS MILITARES\u00bb \u2014 Blog de STEPIEN Y BARNO - publicaci\u00f3n digital sobre arquitectura\" data-secret=\"ThCfpbnB2M\" frameborder=\"0\" marginwidth=\"0\" marginheight=\"0\" scrolling=\"no\" class=\"wp-embedded-content\"><\/iframe><script type=\"text\/javascript\">\n\/* <![CDATA[ *\/\n\/*! This file is auto-generated *\/\n!function(d,l){\"use strict\";l.querySelector&&d.addEventListener&&\"undefined\"!=typeof URL&&(d.wp=d.wp||{},d.wp.receiveEmbedMessage||(d.wp.receiveEmbedMessage=function(e){var t=e.data;if((t||t.secret||t.message||t.value)&&!\/[^a-zA-Z0-9]\/.test(t.secret)){for(var s,r,n,a=l.querySelectorAll('iframe[data-secret=\"'+t.secret+'\"]'),o=l.querySelectorAll('blockquote[data-secret=\"'+t.secret+'\"]'),c=new RegExp(\"^https?:$\",\"i\"),i=0;i<o.length;i++)o[i].style.display=\"none\";for(i=0;i<a.length;i++)s=a[i],e.source===s.contentWindow&&(s.removeAttribute(\"style\"),\"height\"===t.message?(1e3<(r=parseInt(t.value,10))?r=1e3:~~r<200&&(r=200),s.height=r):\"link\"===t.message&&(r=new URL(s.getAttribute(\"src\")),n=new URL(t.value),c.test(n.protocol))&&n.host===r.host&&l.activeElement===s&&(d.top.location.href=t.value))}},d.addEventListener(\"message\",d.wp.receiveEmbedMessage,!1),l.addEventListener(\"DOMContentLoaded\",function(){for(var e,t,s=l.querySelectorAll(\"iframe.wp-embedded-content\"),r=0;r<s.length;r++)(t=(e=s[r]).getAttribute(\"data-secret\"))||(t=Math.random().toString(36).substring(2,12),e.src+=\"#?secret=\"+t,e.setAttribute(\"data-secret\",t)),e.contentWindow.postMessage({message:\"ready\",secret:t},\"*\")},!1)))}(window,document);\n\/* ]]> *\/\n<\/script>\n"},"_links":{"self":[{"href":"https:\/\/stepienybarno.es\/blog\/wp-json\/wp\/v2\/posts\/15261"}],"collection":[{"href":"https:\/\/stepienybarno.es\/blog\/wp-json\/wp\/v2\/posts"}],"about":[{"href":"https:\/\/stepienybarno.es\/blog\/wp-json\/wp\/v2\/types\/post"}],"author":[{"embeddable":true,"href":"https:\/\/stepienybarno.es\/blog\/wp-json\/wp\/v2\/users\/2"}],"replies":[{"embeddable":true,"href":"https:\/\/stepienybarno.es\/blog\/wp-json\/wp\/v2\/comments?post=15261"}],"version-history":[{"count":2,"href":"https:\/\/stepienybarno.es\/blog\/wp-json\/wp\/v2\/posts\/15261\/revisions"}],"predecessor-version":[{"id":15264,"href":"https:\/\/stepienybarno.es\/blog\/wp-json\/wp\/v2\/posts\/15261\/revisions\/15264"}],"wp:attachment":[{"href":"https:\/\/stepienybarno.es\/blog\/wp-json\/wp\/v2\/media?parent=15261"}],"wp:term":[{"taxonomy":"category","embeddable":true,"href":"https:\/\/stepienybarno.es\/blog\/wp-json\/wp\/v2\/categories?post=15261"},{"taxonomy":"post_tag","embeddable":true,"href":"https:\/\/stepienybarno.es\/blog\/wp-json\/wp\/v2\/tags?post=15261"},{"taxonomy":"series","embeddable":true,"href":"https:\/\/stepienybarno.es\/blog\/wp-json\/wp\/v2\/series?post=15261"}],"curies":[{"name":"wp","href":"https:\/\/api.w.org\/{rel}","templated":true}]}}