{"id":15265,"date":"2014-12-27T19:25:18","date_gmt":"2014-12-27T17:25:18","guid":{"rendered":"https:\/\/www.stepienybarno.es\/blog\/?p=15265"},"modified":"2021-02-08T19:01:33","modified_gmt":"2021-02-08T17:01:33","slug":"arquitectura-y-educacion-eduarq","status":"publish","type":"post","link":"https:\/\/stepienybarno.es\/blog\/2014\/12\/27\/arquitectura-y-educacion-eduarq\/","title":{"rendered":"ARQUITECTURA Y EDUCACI\u00d3N #EDUARQ"},"content":{"rendered":"<p style=\"text-align: center;\"><a href=\"https:\/\/stepienybarno.es\/blog\/wp-content\/uploads\/2014\/12\/Stepienybarno-blog-ARQUITECTURA-Y-EDUCACI\u00d3N-EDUARQ-0-350.png\"><img loading=\"lazy\" decoding=\"async\" class=\"alignnone size-full wp-image-15266\" title=\"Stepienybarno-blog- ARQUITECTURA Y EDUCACI\u00d3N #EDUARQ 0 350\" src=\"https:\/\/stepienybarno.es\/blog\/wp-content\/uploads\/2014\/12\/Stepienybarno-blog-ARQUITECTURA-Y-EDUCACI\u00d3N-EDUARQ-0-350.png\" alt=\"Stepienybarno-blog- ARQUITECTURA Y EDUCACI\u00d3N #EDUARQ 0 350\" width=\"350\" height=\"233\" srcset=\"https:\/\/stepienybarno.es\/blog\/wp-content\/uploads\/2014\/12\/Stepienybarno-blog-ARQUITECTURA-Y-EDUCACI\u00d3N-EDUARQ-0-350.png 350w, https:\/\/stepienybarno.es\/blog\/wp-content\/uploads\/2014\/12\/Stepienybarno-blog-ARQUITECTURA-Y-EDUCACI\u00d3N-EDUARQ-0-350-180x120.png 180w, https:\/\/stepienybarno.es\/blog\/wp-content\/uploads\/2014\/12\/Stepienybarno-blog-ARQUITECTURA-Y-EDUCACI\u00d3N-EDUARQ-0-350-316x210.png 316w\" sizes=\"(max-width: 350px) 100vw, 350px\" \/><\/a><\/p>\n<p>Hoy, os queremos presentar un post muy especial ya que se trata de una recopilaci\u00f3n de art\u00edculos sobre Arquitectura y educaci\u00f3n que, o bien hemos publicado en Stepienybarno o bien hemos escrito nosotros mismos en este blog o en otros como Urbs o La ciudad Viva.<\/p>\n<p>Y una vez puestos a recopilar, nos hemos liado a maquetar un poco y compilar en forma de publicaci\u00f3n digital; vaya\u2026 que presentamos lo que podr\u00eda ser la maqueta de un libro sobre Arquitectura y educaci\u00f3n.<\/p>\n<p>Si os apetece echarle un ojo, no ten\u00e9is m\u00e1s que seguir leyendo.<\/p>\n<p><!--more--><\/p>\n<p><iframe loading=\"lazy\" title=\"\ud83e\udd13  POR UNA ENSE\u00d1ANZA L\u00cdQUIDA EN ARQUITECTURA\" width=\"911\" height=\"512\" src=\"https:\/\/www.youtube.com\/embed\/nGgUTHP8tIQ?feature=oembed\" frameborder=\"0\" allow=\"accelerometer; autoplay; clipboard-write; encrypted-media; gyroscope; picture-in-picture\" allowfullscreen><\/iframe><\/p>\n<p>PARTE 1<\/p>\n<p>Con: Stepienybarno, Blanca Espigares, Jos\u00e9 Ram\u00f3n \u00a0Hern\u00e1ndez, Ver\u00f3nica S\u00e1nchez, Alberto Ruiz\u00a0 + Raquel Mart\u00ednez, Susana Garc\u00eda Bujalande, Brijuni, I\u00f1igo Garc\u00eda, Play Estudio, Bonsai arquitectos y Miguel \u00c1ngel D\u00edaz Camacho.<\/p>\n<p>PARTE 2<\/p>\n<p>Con: Stepienybarno<\/p>\n<blockquote>\n<p style=\"text-align: center;\"><strong>Acceder, <a href=\"http:\/\/issuu.com\/stepienybarno\/docs\/_eduarq___arquitectura_y_educaci__n_d1895f65d0e03a\"><span style=\"color: #ff0000;\">AQU\u00cd<\/span>,<\/a> a la publicaci\u00f3n digital: Arquitectura y educaci\u00f3n <span style=\"color: #ff0000;\">#EduArq<\/span><\/strong><\/p>\n<p style=\"text-align: center;\"><strong><span style=\"color: #ff0000;\"><a href=\"https:\/\/stepienybarno.es\/blog\/wp-content\/uploads\/2014\/12\/Stepienybarno-blog-ARQUITECTURA-Y-EDUCACI\u00d3N-EDUARQ-1-500.png\"><img loading=\"lazy\" decoding=\"async\" class=\"alignnone size-full wp-image-15267\" title=\"Stepienybarno-blog- ARQUITECTURA Y EDUCACI\u00d3N #EDUARQ 1 500\" src=\"https:\/\/stepienybarno.es\/blog\/wp-content\/uploads\/2014\/12\/Stepienybarno-blog-ARQUITECTURA-Y-EDUCACI\u00d3N-EDUARQ-1-500.png\" alt=\"Stepienybarno-blog- ARQUITECTURA Y EDUCACI\u00d3N #EDUARQ 1 500\" width=\"500\" height=\"228\" srcset=\"https:\/\/stepienybarno.es\/blog\/wp-content\/uploads\/2014\/12\/Stepienybarno-blog-ARQUITECTURA-Y-EDUCACI\u00d3N-EDUARQ-1-500.png 500w, https:\/\/stepienybarno.es\/blog\/wp-content\/uploads\/2014\/12\/Stepienybarno-blog-ARQUITECTURA-Y-EDUCACI\u00d3N-EDUARQ-1-500-180x82.png 180w, https:\/\/stepienybarno.es\/blog\/wp-content\/uploads\/2014\/12\/Stepienybarno-blog-ARQUITECTURA-Y-EDUCACI\u00d3N-EDUARQ-1-500-316x144.png 316w\" sizes=\"(max-width: 500px) 100vw, 500px\" \/><\/a><\/span><\/strong><\/p>\n<\/blockquote>\n<p align=\"left\">\n<blockquote>\n<p align=\"left\"><strong>Post relacionados:<\/strong><\/p>\n<p align=\"left\">#EDUARQ<\/p>\n<p align=\"left\"><a href=\"https:\/\/stepienybarno.es\/blog\/category\/eduarq10\/\">https:\/\/stepienybarno.es\/blog\/category\/eduarq10\/<\/a><\/p>\n<\/blockquote>\n<p>&nbsp;<\/p>\n","protected":false},"excerpt":{"rendered":"<p>Hoy, os queremos presentar un post muy especial ya que se trata de una recopilaci\u00f3n de art\u00edculos sobre Arquitectura y educaci\u00f3n que, o bien hemos publicado en Stepienybarno o bien hemos escrito nosotros mismos en este blog o en otros como Urbs o La ciudad Viva.<\/p>\n<p>Y una vez puestos a recopilar, nos hemos liado a maquetar un poco y compilar en forma de publicaci\u00f3n digital; vaya\u2026 que presentamos lo que podr\u00eda ser la maqueta de un libro sobre Arquitectura y educaci\u00f3n.<\/p>\n<p>Si os apetece echarle un ojo, no ten\u00e9is m\u00e1s que seguir leyendo.<\/p>\n<p>(m\u00e1s&#8230;)<\/p>\n","protected":false},"author":2,"featured_media":0,"comment_status":"open","ping_status":"closed","sticky":false,"template":"","format":"standard","meta":{"om_disable_all_campaigns":false,"_monsterinsights_skip_tracking":false,"_monsterinsights_sitenote_active":false,"_monsterinsights_sitenote_note":"","_monsterinsights_sitenote_category":0,"_uf_show_specific_survey":0,"_uf_disable_surveys":false,"episode_type":"audio","audio_file":"","cover_image":"","cover_image_id":"","duration":"","filesize":"","date_recorded":"","explicit":"","block":"","filesize_raw":"","footnotes":""},"categories":[2899,34],"tags":[],"series":[],"class_list":["post-15265","post","type-post","status-publish","format-standard","hentry","category-eduarq10","category-actualidad"],"aioseo_notices":[],"episode_featured_image":false,"episode_player_image":"https:\/\/stepienybarno.es\/blog\/wp-content\/uploads\/2020\/11\/stepienybarno-podcast-scaled.jpg","download_link":"","player_link":"","audio_player":false,"episode_data":{"playerMode":"dark","subscribeUrls":[],"rssFeedUrl":"https:\/\/stepienybarno.es\/blog\/feed\/podcast\/podcast-de-stepienybarno","embedCode":"<blockquote class=\"wp-embedded-content\" data-secret=\"aLbOHHKERB\"><a href=\"https:\/\/stepienybarno.es\/blog\/2014\/12\/27\/arquitectura-y-educacion-eduarq\/\">ARQUITECTURA Y EDUCACI\u00d3N #EDUARQ<\/a><\/blockquote><iframe sandbox=\"allow-scripts\" security=\"restricted\" src=\"https:\/\/stepienybarno.es\/blog\/2014\/12\/27\/arquitectura-y-educacion-eduarq\/embed\/#?secret=aLbOHHKERB\" width=\"500\" height=\"350\" title=\"\u00abARQUITECTURA Y EDUCACI\u00d3N #EDUARQ\u00bb \u2014 Blog de STEPIEN Y BARNO - publicaci\u00f3n digital sobre arquitectura\" data-secret=\"aLbOHHKERB\" frameborder=\"0\" marginwidth=\"0\" marginheight=\"0\" scrolling=\"no\" class=\"wp-embedded-content\"><\/iframe><script type=\"text\/javascript\">\n\/* <![CDATA[ *\/\n\/*! This file is auto-generated *\/\n!function(d,l){\"use strict\";l.querySelector&&d.addEventListener&&\"undefined\"!=typeof URL&&(d.wp=d.wp||{},d.wp.receiveEmbedMessage||(d.wp.receiveEmbedMessage=function(e){var t=e.data;if((t||t.secret||t.message||t.value)&&!\/[^a-zA-Z0-9]\/.test(t.secret)){for(var s,r,n,a=l.querySelectorAll('iframe[data-secret=\"'+t.secret+'\"]'),o=l.querySelectorAll('blockquote[data-secret=\"'+t.secret+'\"]'),c=new RegExp(\"^https?:$\",\"i\"),i=0;i<o.length;i++)o[i].style.display=\"none\";for(i=0;i<a.length;i++)s=a[i],e.source===s.contentWindow&&(s.removeAttribute(\"style\"),\"height\"===t.message?(1e3<(r=parseInt(t.value,10))?r=1e3:~~r<200&&(r=200),s.height=r):\"link\"===t.message&&(r=new URL(s.getAttribute(\"src\")),n=new URL(t.value),c.test(n.protocol))&&n.host===r.host&&l.activeElement===s&&(d.top.location.href=t.value))}},d.addEventListener(\"message\",d.wp.receiveEmbedMessage,!1),l.addEventListener(\"DOMContentLoaded\",function(){for(var e,t,s=l.querySelectorAll(\"iframe.wp-embedded-content\"),r=0;r<s.length;r++)(t=(e=s[r]).getAttribute(\"data-secret\"))||(t=Math.random().toString(36).substring(2,12),e.src+=\"#?secret=\"+t,e.setAttribute(\"data-secret\",t)),e.contentWindow.postMessage({message:\"ready\",secret:t},\"*\")},!1)))}(window,document);\n\/* ]]> *\/\n<\/script>\n"},"_links":{"self":[{"href":"https:\/\/stepienybarno.es\/blog\/wp-json\/wp\/v2\/posts\/15265"}],"collection":[{"href":"https:\/\/stepienybarno.es\/blog\/wp-json\/wp\/v2\/posts"}],"about":[{"href":"https:\/\/stepienybarno.es\/blog\/wp-json\/wp\/v2\/types\/post"}],"author":[{"embeddable":true,"href":"https:\/\/stepienybarno.es\/blog\/wp-json\/wp\/v2\/users\/2"}],"replies":[{"embeddable":true,"href":"https:\/\/stepienybarno.es\/blog\/wp-json\/wp\/v2\/comments?post=15265"}],"version-history":[{"count":5,"href":"https:\/\/stepienybarno.es\/blog\/wp-json\/wp\/v2\/posts\/15265\/revisions"}],"predecessor-version":[{"id":46143,"href":"https:\/\/stepienybarno.es\/blog\/wp-json\/wp\/v2\/posts\/15265\/revisions\/46143"}],"wp:attachment":[{"href":"https:\/\/stepienybarno.es\/blog\/wp-json\/wp\/v2\/media?parent=15265"}],"wp:term":[{"taxonomy":"category","embeddable":true,"href":"https:\/\/stepienybarno.es\/blog\/wp-json\/wp\/v2\/categories?post=15265"},{"taxonomy":"post_tag","embeddable":true,"href":"https:\/\/stepienybarno.es\/blog\/wp-json\/wp\/v2\/tags?post=15265"},{"taxonomy":"series","embeddable":true,"href":"https:\/\/stepienybarno.es\/blog\/wp-json\/wp\/v2\/series?post=15265"}],"curies":[{"name":"wp","href":"https:\/\/api.w.org\/{rel}","templated":true}]}}