{"id":15458,"date":"2015-01-08T11:24:24","date_gmt":"2015-01-08T09:24:24","guid":{"rendered":"https:\/\/www.stepienybarno.es\/blog\/?p=15458"},"modified":"2020-04-23T20:14:07","modified_gmt":"2020-04-23T18:14:07","slug":"arquitectos-y-facebook","status":"publish","type":"post","link":"https:\/\/stepienybarno.es\/blog\/2015\/01\/08\/arquitectos-y-facebook\/","title":{"rendered":"ARQUITECTOS Y FACEBOOK"},"content":{"rendered":"<p style=\"text-align: center;\"><a href=\"https:\/\/stepienybarno.es\/blog\/wp-content\/uploads\/2015\/01\/0.PORTADA-FACEBOOK-ARQUITECTOS-STEPIENYBARNO.png\"><img loading=\"lazy\" decoding=\"async\" class=\"alignnone size-medium wp-image-15461\" title=\"0.PORTADA-FACEBOOK-ARQUITECTOS-STEPIENYBARNO\" src=\"https:\/\/stepienybarno.es\/blog\/wp-content\/uploads\/2015\/01\/0.PORTADA-FACEBOOK-ARQUITECTOS-STEPIENYBARNO-350x173.png\" alt=\"0.PORTADA-FACEBOOK-ARQUITECTOS-STEPIENYBARNO\" width=\"350\" height=\"173\" \/><\/a><\/p>\n<p>Despu\u00e9s del post de la semana pasada en el que reflexion\u00e1bamos sobre arquitectos y Twitter (<a href=\"https:\/\/stepienybarno.es\/blog\/2014\/12\/30\/arquitectos-y-twitter\/\">aqu\u00ed<\/a>), hoy, nos animamos a echar un ojo a los arquitectos y su actividad en Facebook.<\/p>\n<p>\u00bfOs anim\u00e1is a seguir leyendo?<\/p>\n<p><!--more--><\/p>\n<p>Cuando dimos salida a nuestro blog de Stepienybarno, all\u00e1 por el 2009, no imagin\u00e1bamos la importancia, que al poco tiempo, adquir\u00edan las redes sociales. Nuestro desembarco en ellas no se produjo desde el primer momento, pero pronto vimos la necesidad de estar en ellas.<\/p>\n<p>Nuestra presencia en <strong><a href=\"https:\/\/www.facebook.com\/pages\/BLOG-DE-STEPIENYBARNO\/78001079029\">Facebook<\/a><\/strong>, desde un principio, siempre ha sido bastante activa, aunque ha sido en el \u00faltimo a\u00f1o cuando hemos intensificado esta actividad. Nuestro inter\u00e9s, en ella, radica principalmente en que, en muchas ocasiones, se convierte en un <strong>estupendo foro de discusi\u00f3n<\/strong> con gente que nos sigue y seguimos muy de cerca. De hecho, cada vez cuesta m\u00e1s que un post del blog genere una buena cantidad de comentarios y, en consecuencia, el siempre necesario debate, cosa que en Facebook es, relativamente, habitual.<\/p>\n<p align=\"left\">A su vez, Facebook tiene para nosotros un factor muy importante, como es el hecho poder hacer <strong>grupos<\/strong>. Durante, los \u00faltimos a\u00f1os hemos creado varios grupo abiertos\u00a0 (<a href=\"http:\/\/www.facebook.com\/groups\/141169372659105\/\">Debate y reflexi\u00f3n arquitect\u00f3nica<\/a>, <a href=\"http:\/\/www.facebook.com\/groups\/118781404872092\/\">#urbanismorealya<\/a> o el <a href=\"http:\/\/www.facebook.com\/groups\/120016338085358\/\">grupo de debate de la Escuela de Arquitectura de M\u00e1laga<\/a>), as\u00ed como otros de car\u00e1cter cerrado para comunicarnos laboralmente sobre todo en nuestra asociaci\u00f3n de Sinergia Sostenible.<\/p>\n<p align=\"left\">\n<p>As\u00ed, durante este tiempo, hemos intentado, <strong>compartir <\/strong>bastante informaci\u00f3n y contenido, de manera constante e <strong>interactuar <\/strong>con otros usuarios. Desde ah\u00ed, nos hemos podido hacer una idea de c\u00f3mo funciona el \u201cchiringuito digital de Mark Zuckerberg\u201d. As\u00ed que, vamos a comentar, quienes son algunos de los arquitectos m\u00e1s activos por estos lares.<\/p>\n<p align=\"center\"><span style=\"color: #888888;\"><a href=\"https:\/\/stepienybarno.es\/blog\/wp-content\/uploads\/2015\/01\/1.-gerhy-gerhy1.jpg\"><img loading=\"lazy\" decoding=\"async\" class=\"alignnone size-full wp-image-15460\" title=\"FACEBOOK-CAMPUS\/\" src=\"https:\/\/stepienybarno.es\/blog\/wp-content\/uploads\/2015\/01\/1.-gerhy-gerhy1.jpg\" alt=\"FACEBOOK-CAMPUS\/\" width=\"500\" height=\"331\" srcset=\"https:\/\/stepienybarno.es\/blog\/wp-content\/uploads\/2015\/01\/1.-gerhy-gerhy1.jpg 500w, https:\/\/stepienybarno.es\/blog\/wp-content\/uploads\/2015\/01\/1.-gerhy-gerhy1-180x119.jpg 180w, https:\/\/stepienybarno.es\/blog\/wp-content\/uploads\/2015\/01\/1.-gerhy-gerhy1-316x209.jpg 316w\" sizes=\"(max-width: 500px) 100vw, 500px\" \/><\/a><\/span><\/p>\n<p align=\"center\"><span style=\"color: #888888;\">Frank Gehry+ Mark Zuckerberg<\/span><\/p>\n<p>Empezaremos, si os parece bien, por las <strong>publicaciones digitales<\/strong> de arquitectura. \u00c9stas tienen una presencia moderada, los n\u00fameros e intensidad de revistas como <a href=\"https:\/\/www.facebook.com\/pages\/Arquitectura-Viva\/106903759363250?fref=ts\" target=\"_blank\" rel=\"noopener noreferrer\">Arquitectura Viva<\/a> o <a href=\"https:\/\/www.facebook.com\/tectonicaonline?fref=ts\" target=\"_blank\" rel=\"noopener noreferrer\">Tectonica<\/a> no son altos, en comparaci\u00f3n a su importancia offline; otras muchas ni siquiera est\u00e1n o tienen una presencia testimonial. Sin embargo, s\u00ed que nos encontramos con otras publicaciones que son directamente digitales o con clara vocaci\u00f3n por la red con una presencia muy potente. \u00bfAlgunos ejemplos? <a href=\"https:\/\/www.facebook.com\/PlataformaArquitectura?fref=ts\" target=\"_blank\" rel=\"noopener noreferrer\">Plataforma de arquitectura<\/a> (340.000 seguidores), <a href=\"https:\/\/www.facebook.com\/revista.arquine?fref=ts\" target=\"_blank\" rel=\"noopener noreferrer\">Arquine<\/a> (275.00 seguidores) o <a href=\"https:\/\/www.facebook.com\/pages\/COSAS-de-ARQUITECTOS\/107335645977745?fref=ts\" target=\"_blank\" rel=\"noopener noreferrer\">Cosas de Arquitectos<\/a> (casi 200.000 seguidores).<\/p>\n<p>Por suerte, al igual que ve\u00edamos la semana pasada en Twitter, \u00a0cada vez podemos encontrar m\u00e1s arquitectos que se toman en serio su presencia digital. \u00bfCu\u00e1les? Podr\u00edamos destacar al estudio donostiarra <strong>Vaumm<\/strong> y su incansable presencia en <a href=\"http:\/\/www.facebook.com\/vaumm?ref=ts&amp;fref=ts&amp;__req=2d\">Facebook<\/a>, o la presencia de <strong><a href=\"https:\/\/www.facebook.com\/jordiguerreroarquitecto?fref=nf\">Agua Architects<\/a><\/strong> \/<a href=\"https:\/\/www.facebook.com\/AguileraGuerreroArquitectos?fref=nf\">Aguilera Guerrero arquitectos<\/a>, compartiendo y comentado arquitectura a un ritmo trepidante.<\/p>\n<p>Ah!! Y no nos podemos olvidar los debates que se generan en los muros de <a href=\"https:\/\/www.facebook.com\/rodrigoalmonacidcanseco?fref=nf\" target=\"_blank\" rel=\"noopener noreferrer\">Rodrigo Almonacid Canseco<\/a> y <a href=\"https:\/\/www.facebook.com\/carles.camara?fref=nf\" target=\"_blank\" rel=\"noopener noreferrer\">Carlos C\u00e1mara<\/a> cada vez que abren la boca para preguntar al personal por alg\u00fan tema de actualidad. No es algo f\u00e1cil de conseguir y ellos lo hacen con mucha naturalidad. Un diez para ellos.<\/p>\n<p>Pero si miramos el tema desde el punto de vista de la visibilidad<span style=\"font-size: 13px;\">, sin duda, quien se lleva la palma es\u00a0 \u00c1ngel Luis Tendero Mart\u00edn de <\/span><strong><a href=\"https:\/\/www.facebook.com\/ALTarqu?fref=ts\" target=\"_blank\" rel=\"noopener noreferrer\">Alt arquitectura<\/a><\/strong><span style=\"font-size: 13px;\"> que gracias a su gran popularidad en esta <\/span><a style=\"font-size: 13px;\" href=\"http:\/\/www.twylah.com\/CSCAE\/tweets\/182737112595038209\">red social <\/a><span style=\"font-size: 13px;\"> se ha convertido en uno de los arquitectos m\u00e1s conocidos y como \u00e9l mismo afirmaba hace un tiempo: <\/span><a style=\"font-size: 13px;\" href=\"https:\/\/stepienybarno.es\/blog\/2012\/05\/07\/arquitectos-publicaciones-digitales-y-redes-sociales-_-vol-1\/\">\u201cla presencia de ALT en internet es enorme. En Google tenemos m\u00e1s de 200 mil resultados directos de b\u00fasqueda y eso nos hace estar posicionados de forma \u00f3ptima.\u201d<\/a><span style=\"font-size: 13px;\"> Seguimos los pasos de \u00c1ngel desde hace mucho tiempo y su compromiso con quien le sigue es muy alto, conversando sin cesar con much\u00edsimos seguidores. Todo ello, le lleva, por ejemplo, a dar un sinf\u00edn de conferencias, sobre todo al otro lado del charco o poder difundir el estupendo <\/span><a style=\"font-size: 13px;\" href=\"https:\/\/stepienybarno.es\/blog\/2013\/04\/04\/alt-lanza-el-comic-%E2%80%9Cuna-aproximacion-a-la-arquitectura%E2%80%9D\/\">c\u00f3mic<\/a><span style=\"font-size: 13px;\"> que \u00e9l mismo ha realizado.<\/span><\/p>\n<p>\u00bfOtros casos que nos llama la atenci\u00f3n? \u00a0<a href=\"https:\/\/www.facebook.com\/Arquitectovalencia?fref=nf\"><strong>DG Arquitecto Valencia<\/strong><\/a> combina a la perfecci\u00f3n el hablar, de vez en cuando,\u00a0 de su obra y sus servicios, con el compartir material de mucha calidad de otros arquitectos. Otro buen ejemplo es \u00a0<a href=\"https:\/\/www.facebook.com\/carlos.arroyo.984\">el perfil de Facebook de <strong>Carlos Arroyo<\/strong><\/a>. En \u00e9l documenta muy bien el d\u00eda a d\u00eda de su estudio y de las obras que tiene en marcha.<\/p>\n<p>Tambi\u00e9n, \u00faltimamente se ve que van llegando por aqu\u00ed, pesos<strong> pesados de la arquitectura que parece que no quieren seguir ajenos al mundo digital<\/strong>. Entre ellos: <a href=\"https:\/\/www.facebook.com\/CruzyOrtizArquitectos?fref=ts\">Cruz y Ortiz<\/a> o <a href=\"https:\/\/www.facebook.com\/benedetta.tagliabue.73\">Benedetta Tagliabue<\/a>.<\/p>\n<p>Ah! Y si quieres echar un ojo al listado de arquitectos en Facebook que han montado los chicos de Cosas de Arquitectos, puedes hacerlo <a href=\"http:\/\/www.cosasdearquitectos.com\/2014\/06\/listado-arquitectos-en-facebook-redes-sociales\/\">aqu\u00ed.<\/a><\/p>\n<p>En cualquier caso, creemos que, las redes sociales tienen un potencial muy grande a la hora de <strong>comunicar la evoluci\u00f3n de una obra o la ejecuci\u00f3n de un proyecto.<\/strong> Sin embargo, por desgracia, hay muy pocos ejemplos que se puedan rescatar en este sentido (nuevamente, tendr\u00edamos que hablar de Vaumm arquitectos) y los arquitectos, en general, siempre nos limitamos a colgar la foto bonita una vez terminada la obra en vez, de comunicar el proceso de la misma.<\/p>\n<p align=\"center\"><span style=\"color: #888888;\"><a href=\"https:\/\/stepienybarno.es\/blog\/wp-content\/uploads\/2015\/01\/1-STEPEIENYBARNO-VAUMM.png\"><img loading=\"lazy\" decoding=\"async\" class=\"alignnone size-full wp-image-15457\" title=\"1 STEPEIENYBARNO-VAUMM\" src=\"https:\/\/stepienybarno.es\/blog\/wp-content\/uploads\/2015\/01\/1-STEPEIENYBARNO-VAUMM.png\" alt=\"1 STEPEIENYBARNO-VAUMM\" width=\"500\" height=\"678\" srcset=\"https:\/\/stepienybarno.es\/blog\/wp-content\/uploads\/2015\/01\/1-STEPEIENYBARNO-VAUMM.png 500w, https:\/\/stepienybarno.es\/blog\/wp-content\/uploads\/2015\/01\/1-STEPEIENYBARNO-VAUMM-133x180.png 133w, https:\/\/stepienybarno.es\/blog\/wp-content\/uploads\/2015\/01\/1-STEPEIENYBARNO-VAUMM-406x550.png 406w, https:\/\/stepienybarno.es\/blog\/wp-content\/uploads\/2015\/01\/1-STEPEIENYBARNO-VAUMM-295x400.png 295w\" sizes=\"(max-width: 500px) 100vw, 500px\" \/><\/a><\/span><\/p>\n<p align=\"center\"><span style=\"color: #888888;\">Imagen compartida en Facebook por el estudio donostiarra Vaumm arquitectos.<\/span><\/p>\n<p>Menci\u00f3n aparte merece el joven perfil de los estudiantes de la Universidad de La Coru\u00f1a, <strong><a href=\"https:\/\/www.facebook.com\/fetsac?fref=ts\" target=\"_blank\" rel=\"noopener noreferrer\">La Fetsac<\/a><\/strong>. Dentro de nuestro mundo arquitect\u00f3nico cuesta encontrar congresos o eventos que aprovechen realmente bien las redes sociales para la difusi\u00f3n de los mismos. Sin embargo estos nativos digitales, desbordan intensidad y creatividad, d\u00e1ndolo todo en su Facebook. Sin duda alguna, un gran ejemplo del que poder aprender.<\/p>\n<p>Por \u00faltimo comentar que, lo que que no se nos puede olvidar es que <strong>nuestros perfiles de Facebook, realmente, no son nuestros<\/strong>; nos los deja Facebook para que los usemos. Ser\u00eda m\u00e1s bien como un alquiler, en el que sabes lo que recibes, pero no muy bien lo que pagas (como m\u00ednimo, ser bombardeado con publi), y que en cualquier momento el casero te puede poner de patitas en la calle. Cosas tontas que suceden, normalmente, por no haberte le\u00eddo la letra peque\u00f1a, pueden hacer que Facebook, de un d\u00eda para otro, se ponga en contacto contigo y te diga que te olvides de tu perfil. A partir de ah\u00ed puedes comenzar a reclamar!! No hay ni un tel\u00e9fono al que llamar.<\/p>\n<p>En fin, que las redes sociales est\u00e1n muy bien, que, a pesar de todo, nosotros usamos y usaremos con alegr\u00eda el feivuk, pero que no hay que olvidar que como dice <strong>Yoriento<\/strong>, \u201c<a href=\"http:\/\/yoriento.com\/2012\/10\/las-10-verdades-del-barquero-sobre-twitter-contenidos-networking-y-reputacion-para-el-exito-en-redes-sociales-747.html\/\">sin un blog eres como un homeless siempre tirado en las redes sociales<\/a>.\u201d<\/p>\n<p>Ahora nos interesa saber tu opini\u00f3n \u00bfte animas a comentar?<\/p>\n<p align=\"left\">\n<blockquote>\n<p align=\"center\"><strong>Texto: \u00a0\u00a0STEPIENYBARNO _ Agnieszka Stepien y Lorenzo Barn\u00f3<\/strong><\/p>\n<\/blockquote>\n<blockquote>\n<p align=\"left\"><strong>Post relacionados:<\/strong><\/p>\n<p><a title=\"Permanent Link to LA COMUNICACI\u00d3N DE LOS ARQUITECTOS\" href=\"https:\/\/stepienybarno.es\/blog\/2012\/10\/14\/la-comunicacion-de-los-arquitectos\/\">LA COMUNICACI\u00d3N DE LOS ARQUITECTOS<\/a>,\u00a0<a href=\"https:\/\/stepienybarno.es\/blog\/2012\/10\/14\/la-comunicacion-de-los-arquitectos\/\">acceder.<\/a><\/p>\n<p><a title=\"Permanent Link to VISIBILIDAD DE LOS ARQUITECTOS EN LA ERA DIGITAL\" href=\"https:\/\/stepienybarno.es\/blog\/2012\/10\/30\/visibilidad-de-los-arquitectos-en-la-era-digital\/\">VISIBILIDAD DE LOS ARQUITECTOS EN LA ERA DIGITAL<\/a>,\u00a0<a href=\"http:\/\/bit.ly\/Th9QYO\">acceder.<\/a><\/p>\n<p><a title=\"Permanent Link to PUBLICACIONES DIGITALES DE ARQUITECTOS\" href=\"https:\/\/stepienybarno.es\/blog\/2012\/11\/11\/publicaciones-digitales-de-arquitectos\/\">PUBLICACIONES DIGITALES DE ARQUITECTOS<\/a>,\u00a0<a href=\"http:\/\/bit.ly\/S8GFZ8\">acceder.<\/a><\/p><\/blockquote>\n<p align=\"left\">\n<p align=\"left\"><a href=\"http:\/\/www.linkedin.com\/company\/stepienybarno\"><span style=\"color: #888888;\"><em>STEPIENYBARNO EN LINKEDIN<\/em><\/span><\/a><\/p>\n<p align=\"left\"><a href=\"http:\/\/twitter.com\/stepienybarno\/stepienybarno\"><span style=\"color: #888888;\"><em>STEPIENYBARNO EN TWITTER<\/em><\/span><\/a><\/p>\n<p align=\"left\"><a href=\"https:\/\/www.facebook.com\/pages\/BLOG-DE-STEPIENYBARNO\/78001079029\"><span style=\"color: #888888;\"><em>STEPIENYBARNO EN FACEBOOK<\/em><\/span><\/a><\/p>\n<p align=\"left\"><span style=\"color: #888888;\"><em> <\/em><\/span><\/p>\n<p align=\"left\"><span style=\"color: #888888;\"><em>*Stepienybarno est\u00e1 formado por Agnieszka Stepien y Lorenzo Barn\u00f3 y desde mayo del 2009 estamos en la red con\u00a0 la presente publicaci\u00f3n digital (Blog) de arquitectura.<\/em><\/span><\/p>\n<p align=\"left\"><span style=\"color: #888888;\"><em>Nuestra actividad se sustenta en tres pilares b\u00e1sicos: la investigaci\u00f3n, la publicaci\u00f3n (comunicaci\u00f3n y difusi\u00f3n) y la redacci\u00f3n de proyectos de arquitectura.<\/em><\/span><\/p>\n<p align=\"left\"><span style=\"color: #888888;\"><em>A su vez, somos socios cofundadores de <a href=\"http:\/\/sinergiasostenible.org\/\">SINERGIA SOSTENIBLE<\/a> y redactores de <a href=\"http:\/\/www.laciudadviva.org\/blogs\/?author=45\">LA CIUDAD VIVA<\/a>.<\/em><\/span><\/p>\n<p align=\"left\"><span style=\"color: #888888;\"><em> <\/em><\/span><\/p>\n<p align=\"left\"><span style=\"color: #888888;\"><em>* Los editores de esta publicaci\u00f3n digital no nos hacemos cargo de de los comentarios y\u00a0 conceptos vertidos en los textos firmados por otras personas, siendo \u00e9stos de responsabilidad exclusiva de sus autores.<\/em><\/span><\/p>\n<p><span style=\"color: #888888;\"><em> <\/em><\/span><\/p>\n<p><span style=\"color: #888888;\"><em>* Tu comentario podr\u00e1 ser moderado, por lo tanto, aunque aparezca inmediatamente al ser publicado en la entrada, los editores de esta publicaci\u00f3n digital nos reservamos el derecho tanto de editarlo (si fuera necesario, para hacerlo m\u00e1s legible) como de eliminarlo en el caso de que se usen expresiones incorrectas (descalificaciones, palabras malsonantes\u2026). A su vez, si quieres comentar desde el anonimato puedes hacerlo, aunque, nosotros personalmente, agradecemos que tod@s nos podamos identificar.<\/em><\/span><\/p>\n","protected":false},"excerpt":{"rendered":"<p>Despu\u00e9s del post de la semana pasada en el que reflexion\u00e1bamos sobre arquitectos y Twitter (aqu\u00ed), hoy, nos animamos a echar un ojo a los arquitectos y su actividad en Facebook.<\/p>\n<p>\u00bfOs anim\u00e1is a seguir leyendo?<\/p>\n<p>(m\u00e1s&#8230;)<\/p>\n","protected":false},"author":2,"featured_media":15461,"comment_status":"open","ping_status":"closed","sticky":false,"template":"","format":"standard","meta":{"om_disable_all_campaigns":false,"_monsterinsights_skip_tracking":false,"_monsterinsights_sitenote_active":false,"_monsterinsights_sitenote_note":"","_monsterinsights_sitenote_category":0,"_uf_show_specific_survey":0,"_uf_disable_surveys":false,"episode_type":"audio","audio_file":"","cover_image":"","cover_image_id":"","duration":"","filesize":"","date_recorded":"","explicit":"","block":"","filesize_raw":"","footnotes":""},"categories":[34,4,22],"tags":[1460],"series":[],"class_list":["post-15458","post","type-post","status-publish","format-standard","has-post-thumbnail","hentry","category-actualidad","category-arquilectura","category-identidad-digital-syb","tag-facebook"],"aioseo_notices":[],"episode_featured_image":"https:\/\/stepienybarno.es\/blog\/wp-content\/uploads\/2015\/01\/0.PORTADA-FACEBOOK-ARQUITECTOS-STEPIENYBARNO.png","episode_player_image":"https:\/\/stepienybarno.es\/blog\/wp-content\/uploads\/2020\/11\/stepienybarno-podcast-scaled.jpg","download_link":"","player_link":"","audio_player":false,"episode_data":{"playerMode":"dark","subscribeUrls":[],"rssFeedUrl":"https:\/\/stepienybarno.es\/blog\/feed\/podcast\/podcast-de-stepienybarno","embedCode":"<blockquote class=\"wp-embedded-content\" data-secret=\"IXu4c8vxgL\"><a href=\"https:\/\/stepienybarno.es\/blog\/2015\/01\/08\/arquitectos-y-facebook\/\">ARQUITECTOS Y FACEBOOK<\/a><\/blockquote><iframe sandbox=\"allow-scripts\" security=\"restricted\" src=\"https:\/\/stepienybarno.es\/blog\/2015\/01\/08\/arquitectos-y-facebook\/embed\/#?secret=IXu4c8vxgL\" width=\"500\" height=\"350\" title=\"\u00abARQUITECTOS Y FACEBOOK\u00bb \u2014 Blog de STEPIEN Y BARNO - publicaci\u00f3n digital sobre arquitectura\" data-secret=\"IXu4c8vxgL\" frameborder=\"0\" marginwidth=\"0\" marginheight=\"0\" scrolling=\"no\" class=\"wp-embedded-content\"><\/iframe><script type=\"text\/javascript\">\n\/* <![CDATA[ *\/\n\/*! This file is auto-generated *\/\n!function(d,l){\"use strict\";l.querySelector&&d.addEventListener&&\"undefined\"!=typeof URL&&(d.wp=d.wp||{},d.wp.receiveEmbedMessage||(d.wp.receiveEmbedMessage=function(e){var t=e.data;if((t||t.secret||t.message||t.value)&&!\/[^a-zA-Z0-9]\/.test(t.secret)){for(var s,r,n,a=l.querySelectorAll('iframe[data-secret=\"'+t.secret+'\"]'),o=l.querySelectorAll('blockquote[data-secret=\"'+t.secret+'\"]'),c=new RegExp(\"^https?:$\",\"i\"),i=0;i<o.length;i++)o[i].style.display=\"none\";for(i=0;i<a.length;i++)s=a[i],e.source===s.contentWindow&&(s.removeAttribute(\"style\"),\"height\"===t.message?(1e3<(r=parseInt(t.value,10))?r=1e3:~~r<200&&(r=200),s.height=r):\"link\"===t.message&&(r=new URL(s.getAttribute(\"src\")),n=new URL(t.value),c.test(n.protocol))&&n.host===r.host&&l.activeElement===s&&(d.top.location.href=t.value))}},d.addEventListener(\"message\",d.wp.receiveEmbedMessage,!1),l.addEventListener(\"DOMContentLoaded\",function(){for(var e,t,s=l.querySelectorAll(\"iframe.wp-embedded-content\"),r=0;r<s.length;r++)(t=(e=s[r]).getAttribute(\"data-secret\"))||(t=Math.random().toString(36).substring(2,12),e.src+=\"#?secret=\"+t,e.setAttribute(\"data-secret\",t)),e.contentWindow.postMessage({message:\"ready\",secret:t},\"*\")},!1)))}(window,document);\n\/* ]]> *\/\n<\/script>\n"},"_links":{"self":[{"href":"https:\/\/stepienybarno.es\/blog\/wp-json\/wp\/v2\/posts\/15458"}],"collection":[{"href":"https:\/\/stepienybarno.es\/blog\/wp-json\/wp\/v2\/posts"}],"about":[{"href":"https:\/\/stepienybarno.es\/blog\/wp-json\/wp\/v2\/types\/post"}],"author":[{"embeddable":true,"href":"https:\/\/stepienybarno.es\/blog\/wp-json\/wp\/v2\/users\/2"}],"replies":[{"embeddable":true,"href":"https:\/\/stepienybarno.es\/blog\/wp-json\/wp\/v2\/comments?post=15458"}],"version-history":[{"count":8,"href":"https:\/\/stepienybarno.es\/blog\/wp-json\/wp\/v2\/posts\/15458\/revisions"}],"predecessor-version":[{"id":15468,"href":"https:\/\/stepienybarno.es\/blog\/wp-json\/wp\/v2\/posts\/15458\/revisions\/15468"}],"wp:featuredmedia":[{"embeddable":true,"href":"https:\/\/stepienybarno.es\/blog\/wp-json\/wp\/v2\/media\/15461"}],"wp:attachment":[{"href":"https:\/\/stepienybarno.es\/blog\/wp-json\/wp\/v2\/media?parent=15458"}],"wp:term":[{"taxonomy":"category","embeddable":true,"href":"https:\/\/stepienybarno.es\/blog\/wp-json\/wp\/v2\/categories?post=15458"},{"taxonomy":"post_tag","embeddable":true,"href":"https:\/\/stepienybarno.es\/blog\/wp-json\/wp\/v2\/tags?post=15458"},{"taxonomy":"series","embeddable":true,"href":"https:\/\/stepienybarno.es\/blog\/wp-json\/wp\/v2\/series?post=15458"}],"curies":[{"name":"wp","href":"https:\/\/api.w.org\/{rel}","templated":true}]}}