{"id":15526,"date":"2015-01-14T20:30:57","date_gmt":"2015-01-14T18:30:57","guid":{"rendered":"https:\/\/www.stepienybarno.es\/blog\/?p=15526"},"modified":"2023-06-14T11:34:55","modified_gmt":"2023-06-14T09:34:55","slug":"blogs-de-arquitectura","status":"publish","type":"post","link":"https:\/\/stepienybarno.es\/blog\/2015\/01\/14\/blogs-de-arquitectura\/","title":{"rendered":"BLOGS DE ARQUITECTURA"},"content":{"rendered":"<p style=\"text-align: center;\"><a href=\"https:\/\/stepienybarno.es\/blog\/wp-content\/uploads\/2015\/01\/140-blog-arquitectura_stepienybarno.jpg\"><img loading=\"lazy\" decoding=\"async\" class=\"alignnone size-full wp-image-15531\" title=\"140-blog-arquitectura_stepienybarno\" src=\"https:\/\/stepienybarno.es\/blog\/wp-content\/uploads\/2015\/01\/140-blog-arquitectura_stepienybarno.jpg\" alt=\"140-blog-arquitectura_stepienybarno\" width=\"350\" height=\"160\" srcset=\"https:\/\/stepienybarno.es\/blog\/wp-content\/uploads\/2015\/01\/140-blog-arquitectura_stepienybarno.jpg 350w, https:\/\/stepienybarno.es\/blog\/wp-content\/uploads\/2015\/01\/140-blog-arquitectura_stepienybarno-180x82.jpg 180w, https:\/\/stepienybarno.es\/blog\/wp-content\/uploads\/2015\/01\/140-blog-arquitectura_stepienybarno-316x144.jpg 316w\" sizes=\"(max-width: 350px) 100vw, 350px\" \/><\/a><\/p>\n<p>Despu\u00e9s de analizar, en nuestras \u00faltimas entradas, c\u00f3mo nos encontramos los arquitectos en las redes sociales, en\u00a0 los pr\u00f3ximos post de este blog, quisi\u00e9ramos realizar un peque\u00f1o barrido del panorama arquitect\u00f3nico en la red.<\/p>\n<p>En el presente art\u00edculo, nos centraremos en unos cuantos blogs de arquitectura de los que somos asiduos seguidores. Para facilitar la comprensi\u00f3n del tema, hemos organizado una serie de categor\u00edas para poder ir hablando de ellos con un cierto orden. Evidentemente, que un blog quede enmarcado en una secci\u00f3n no significa que solo hable de eso; sino que, en nuestra opini\u00f3n, es lo que m\u00e1s le define.<\/p>\n<p>As\u00ed que, si os interesa el tema, vamos a ello.<\/p>\n<p><!--more--><\/p>\n<p>Como decimos, hoy, m\u00e1s que hablar de los conceptos importantes que se deben manejar para crear un buen blog de arquitectura (Identidad Digital, visibilidad, reputaci\u00f3n online\u2026), nos gustar\u00eda ir comentando alguna caracter\u00edstica de blogs que consideramos que tienen especial inter\u00e9s.\u00a0 <span style=\"color: #3366ff;\">(1)<\/span><\/p>\n<p>Bit\u00e1coras digitales realizadas por arquitectos hay cientos (mirar post: <a href=\"https:\/\/stepienybarno.es\/blog\/2012\/11\/28\/111-blogs-de-arquitectura\/\">111 blogs de arquitectura<\/a>), aunque,\u00a0 evidentemente, no todas tienen la misma calidad. Ser\u00eda bueno saber la cantidad de blogs de arquitectura que nacen para morir en menos de unos meses. Tener un blog de calidad, no solo es tener buen material que compartir \u00a1que tambi\u00e9n! sino que hay <strong>que tener ciertas dotes comunicativas y, a veces, una buena dosis de suerte para acertar con la tem\u00e1tica central del blog. <\/strong><\/p>\n<p>Aunque centraremos la mirada en blogs de lengua castellana y, sobre todo, en tierras patrias, conviene hacer un apunte previo. A nivel mundial, hay una serie de publicaciones digitales como <strong>Cat\u00e1logo de arquitectura, Arquine y Plataforma de arquitectura<\/strong> que son mucho m\u00e1s potentes y populares que los blogs espa\u00f1oles de mayor visibilidad. Sin embargo, inmediatamente, detr\u00e1s de ellas, se situar\u00edan muchos de los blogs de los que os hablaremos a continuaci\u00f3n y que, aunque en la mayor\u00eda de los casos no tienen un perfil profesional (en el sentido de que sus autores no viven de los propios blogs), s\u00ed que han cogido un cuerpo y madurez m\u00e1s que notable. Por cierto, en este sentido hace muy poco hac\u00edamos una lista de nuestros blogs preferidos en el 2014. <a href=\"https:\/\/stepienybarno.es\/blog\/2014\/12\/22\/14-blogs-de-arquitectura-para-el-2014\/\">Son solo 14 ejemplos<\/a>, pero sirven para hacerse una idea de por d\u00f3nde van los tiros.<\/p>\n<p><strong><span style=\"color: #3366ff;\">1 PROYECTOS<\/span><\/strong><\/p>\n<p><strong><span style=\"color: #3366ff;\">1.1 Expositores de proyectos.<\/span><\/strong><\/p>\n<p>Nuestra opini\u00f3n sobre los blogs de arquitectura que recopilan proyectos a diestro y siniestro, no es demasiado buena.\u00a0 Y no lo es por la forma en que seleccionan los proyectos, pues el formato, en s\u00ed mismo, lo consideramos m\u00e1s que necesario. Sin embargo,\u00a0 <strong>es bastante cansino ir navegando por muchas publicaciones digitales y encontrarte casi siempre los mismos proyectos<\/strong>. A su vez, \u00e9stos, muchas veces, \u00a0no son otra cosa que unas cuantas fotos vistosas del edificio en cuesti\u00f3n, acompa\u00f1adas por la memoria del propio arquitecto.<\/p>\n<p>En realidad, estas publicaciones digitales se limitan a repetir el esquema de la gran mayor\u00eda de las revistas arquitect\u00f3nicas \u201cde papel\u201d.\u00a0 Por lo tanto, si no nos parec\u00eda tan mal que revistas, en muchos casos de gran tirada, lo hicieran, tampoco es el momento de rasgarnos las vestiduras.<\/p>\n<p>En este sentido, podr\u00edamos hablar de grandes acumuladores de proyectos de arquitectura que, m\u00e1s all\u00e1 de la calidad de sus publicaciones, lo que destacar\u00edamos de estos blogs es que est\u00e1n totalmente profesionalizados. Como cabeza visible de este tipo de publicaciones digitales nos encontramos con <strong>Plataforma de arquitectura<\/strong> que tiene la particularidad de publicar sin demasiado filtro. As\u00ed, <strong> acumula una ingente cantidad de proyectos y se convierte la reina de google<\/strong>. De esta forma, se prima la cantidad en favor de la calidad. De todas formas, publican muchas entradas, y algunas s\u00ed que son interesantes.<\/p>\n<p>Vivimos tiempos veloces, en los que, a ritmo de scroll, se consume arquitectura como se consume fast food. Esto es una realidad, pero, no por ello, vamos a dejar de reclamar portales digitales d\u00f3nde reine la calma y el sosiego.<\/p>\n<p>En este sentido, la exposici\u00f3n de proyectos se puede hacer \u201ca batalla\u201d y publicando todo lo que llega o se puede hacer con <strong>buen filtro<\/strong>, <strong>consecuencia de una acertada l\u00ednea editorial.<\/strong> Algunas publicaciones que enfocan el tema con m\u00e1s seriedad pueden ser: <strong><a href=\"http:\/\/www.metalocus.es\/content\/\">METALOCUS<\/a>, <a href=\"http:\/\/hicarquitectura.com\/\">Hic<\/a><\/strong> y\u00a0 <strong><a href=\"http:\/\/tectonicablog.com\/\">Tect\u00f3nica<\/a>. <\/strong><\/p>\n<p>Un caso particular de esta tipolog\u00eda lo encontrar\u00edamos en el blog \u201c<strong><a href=\"http:\/\/blogs.elpais.com\/del-tirador-a-la-ciudad\/\">Del tirador a la ciudad<\/a><\/strong>\u201d en El Pa\u00eds. En \u00e9l su responsable, la periodista <a href=\"http:\/\/politica.elpais.com\/autor\/anatxu_zabalbeascoa\/a\/\">Anatxu Zabalbeascoa<\/a>, da siempre una visi\u00f3n particular y aguda de los proyectos que trae a primer plano. Adem\u00e1s, tiene el plus de que <strong>al ser publicado en un peri\u00f3dico de gran tirada, hace que la arquitectura llegue a un p\u00fablico m\u00e1s generalista<\/strong>, lo cual cada vez se hace m\u00e1s necesario.<\/p>\n<p>En esta secci\u00f3n, se podr\u00eda hablar que varias \u201crevistas de papel\u201d han dado el salto al mundo digital, como puede ser <strong>Arquitectura Viva<\/strong>, pero, a pesar de su evidente popularidad, no terminan de encontrar su sitio, pues lo que hacen es replicar su estructura offline en la red. En nuestra opini\u00f3n, se les olvida que en Internet es mucho m\u00e1s importante conversar y comunicar que solo exponer y difundir.<\/p>\n<p>Otros blogs, como el de <strong><a href=\"http:\/\/www.edgargonzalez.com\/\">Edgar Gonz\u00e1lez<\/a><\/strong>, est\u00e1n muy al d\u00eda de todo lo que ocurre en nuestro entorno arquitect\u00f3nico (primicias aseguradas) y en otras disciplinas paralelas como el dise\u00f1o o la tecnolog\u00eda.<\/p>\n<p><strong><span style=\"color: #3366ff;\">1.2 Sobre el trabajo del propio arquitecto<\/span><\/strong><\/p>\n<p>Este tipo de blogs, en general, se quedan bastante cortos y su inter\u00e9s es relativo. En nuestra opini\u00f3n, ser\u00eda interesante, por ejemplo, <strong>hablar de temas o arquitectos que\u00a0 apasionan al propio estudio y no hablar solamente de un mismo.<\/strong> Si en un bar encontramos un tipo que solo habla de s\u00ed mismo, sin interesarse por nada m\u00e1s, pensaremos todos que, adem\u00e1s de ser un egoc\u00e9ntrico, es un chapas de cuidado. Pues en la red ocurre igual.<\/p>\n<p>As\u00ed, en el mejor de los casos, suelen tratarse de blogs sobre las obras terminadas de los propios arquitectos, contadas de manera m\u00e1s o menos tradicional. En realidad, nuevamente, repiten el formato de papel en la red y se les olvida que, por ejemplo, algo tan sencillo como un v\u00eddeo de su obra, no estar\u00eda nada mal para poder llegar\u00a0 a comunicar mejor su trabajo. A su vez, <strong>casi nunca nos muestran la importancia del proceso de obra o lo interesante que es\u00a0 la \u201ctrastienda\u201d de cada proyecto o de la propia oficina.<\/strong><\/p>\n<p>De hecho, es interesante preguntarnos \u00bfpor qu\u00e9 cuesta horrores encontrar un blog de un estudio de arquitectura que, adem\u00e1s de mostrar su trabajo y los procesos de sus obras, sea capaz de tener una l\u00ednea editorial?<\/p>\n<p>S\u00ed ya\u2026pensar\u00e1s: \u201ctodo esto est\u00e1 muy bien, pero lleva mucho tiempo y yo no estoy para estas cosas\u201d. Pues s\u00ed; esa era una actitud que la mayor\u00eda de los arquitectos se pod\u00edan permitir antes de la llegada de la <strong>crisis<\/strong> y, a la par, de la<strong> Nueva era digital,<\/strong> pero que quiz\u00e1s, hoy en d\u00eda, haya que replantearse.<\/p>\n<p>Es importante entender que el tiempo que se usa para lograr un buen blog no es tiempo gastado, ni mucho menos perdido, sino que es <strong>!tiempo invertido!<\/strong> Cierto es que, muchas veces, el tiempo es el que es y no da para todo, pero aun as\u00ed, con organizaci\u00f3n y ciertos conocimientos se pueden hacer muchas cosas. El problema es que, se nos olvida que para dibujar bien en CAD hemos empleado m\u00e1s de 300 horas hasta que el tema empieza a estar bien y podemos controlar nuestros dibujos, en vez de que ellos nos dominen a nosotros. Sin embargo, <strong>queremos hacer blogs, estar en Twitter y que nos vaya fant\u00e1stico en la red, sin habernos preparado ni un poquito. <\/strong>Y milagros, ya sab\u00e9is que solo en Lourdes y a veces.<\/p>\n<p>Aun as\u00ed, dentro de esta categor\u00eda, podemos destacar un par de blogs que lo hacen muy bien: <strong><a href=\"http:\/\/arquitecturag.wordpress.com\/\">Arquitectura-G<\/a><\/strong> o <a href=\"http:\/\/carroquinoarquitectos.wordpress.com\/\"><strong>Santiago Carroquino<\/strong>.<\/a> Aqu\u00ed, tambi\u00e9n entrar\u00eda <strong>el blog de Joaquin Torres<\/strong>, que, aunque siempre insistimos en que no nos interesa nada, es cierto que tiene una gran popularidad (seguramente debida al trabajo de m\u00e1s de un profesional del marketing y la comunicaci\u00f3n fichado por el propio estudio).<\/p>\n<p>A todo ello, hay que a\u00f1adir que por ser arquitectos, tenemos que\u00a0 superar dos handicaps de partida. Por un lado, los arquitectos, en general, no escribimos demasiado bien y, por otro, para que un blog sea potente conviene ser muy conscientes de que lo que compartimos es de inter\u00e9s para mucha gente. Respecto a esta \u00faltima cuesti\u00f3n estamos hartos de o\u00edr a arquitectos decir que no tienen nada interesante que contar; lo cual, en nuestra opini\u00f3n, es rotundamente falso.<\/p>\n<p><strong><span style=\"color: #3366ff;\">1.3 An\u00e1lisis y cr\u00edtica de arquitectura <\/span><\/strong><\/p>\n<p>Mucho se habla sobre si existe o no existe cr\u00edtica de arquitectura en la red. Tambi\u00e9n, estar\u00eda bien preguntarse <strong>qu\u00e9 cr\u00edtica de arquitectura hay fuera de la misma<\/strong>, pues seguramente no encontramos gran cosa por nuestras tierras: <a href=\"http:\/\/arkrit.dpa-etsam.com\/investigadores\/antonio-miranda-regojo\/\">Antonio Miranda<\/a>, <a href=\"http:\/\/ggili.com\/es\/tienda\/productos\/arquitectura-y-critica-1\">Josep Mar\u00eda Montaner<\/a>, <a href=\"http:\/\/llatzermoix.com\/\">Llatzer Moix<\/a> y poco m\u00e1s.<\/p>\n<p>En realidad, es un tema complejo y que nos diferencia de otras disciplinas como puede ser el cine, la m\u00fasica y el arte. En ellos, lo normal es que alguien exponga su historia y que, inmediatamente, no falten multitud de cr\u00edticos, revistas y programas de todo tipo que lo ensalce o le hundan en la miseria.<\/p>\n<p>Pero, como decimos, en nuestro particular entorno, <strong>no es demasiado habitual la cr\u00edtica de arquitectura<\/strong>, sobre ello ya hablamos extensamente <a href=\"https:\/\/stepienybarno.es\/blog\/2013\/03\/18\/opiniones-reflexiones-y-critica-de-arquitectura\/\">aqu\u00ed<\/a>. Se podr\u00eda decir que nuestro mundo es m\u00e1s mudo en este sentido. \u00a0Bueno\u2026 no hablamos en p\u00fablico, porque cuando nos dejan con una cerveza en la mano, los arquitectos somos bastante macarras y despellejamos a m\u00e1s de un compa\u00f1ero sin inmutarnos (a veces, con un punto incluso s\u00e1dico). Y \u00bfpor qu\u00e9 \u00a0los arquitectos no opinamos con tanta soltura cuando nos pueden o\u00edr? Seguramente, porque nos da miedo que luego se ceben con nosotros. En este sentido, parece que trae m\u00e1s cuenta ser prudente, pero tambi\u00e9n es cierto que estas actitudes tienen mucho de hipocres\u00eda y falta de coraje.<\/p>\n<p>En cualquier caso, si la cr\u00edtica estuviera bien hecha, en teor\u00eda, no debiera tomarse como algo personal; pero el cada vez m\u00e1s maltrecho ego de los arquitectos no est\u00e1 para muchos trotes.<\/p>\n<p>Sobre las publicaciones con pensamiento cr\u00edtico, <strong>Miquel Lacasta<\/strong>, editor del <strong>blog Axonometrica,<\/strong> comenta: \u201ccabe destacar que la irrupci\u00f3n de los medios electr\u00f3nicos ha generado una interesante casta de cr\u00edticos j\u00f3venes y no tan j\u00f3venes. Algunos de estos cr\u00edticos se han forjado en los medios de comunicaci\u00f3n tradicionales y hoy d\u00eda compaginan su labor tanto en el papel, como en los medios electr\u00f3nicos. Otros, los quiz\u00e1s m\u00e1s j\u00f3venes, est\u00e1n construyendo una voz propia en la esfera digital. Seguramente, alg\u00fan d\u00eda, har\u00e1n tambi\u00e9n el mismo camino, pero en sentido contrario, y compaginar\u00e1n tanto el papel como el bit.\u201d <span style=\"color: #3366ff;\">(2)<\/span><\/p>\n<p>As\u00ed, coincidiendo con las palabras de Lacasta, diremos que tenemos varios <strong>buenos ejemplos de blogs que cuando menos analizan desde un punto de vista propio la arquitectura<\/strong>. En este sentido nos gustan mucho los blogs de Jos\u00e9 Ram\u00f3n Hern\u00e1ndez en su <strong><a href=\"file:\/\/\/H:\/STEPIENYBARNO\/1.%20BLOG\/2.%20ARTICULOS\/1.%20EN%20PROCESO\/++%20IDENTIDAD%20DIGITAL%202013\/arquitectamoslocos\">Arquitectamos locos<\/a><\/strong> o\u00a0 <strong><a href=\"http:\/\/cajondearquitecto.com\/\">Caj\u00f3n (de sastre) de arquitecto<\/a>.<\/strong><\/p>\n<p>Pero si vamos un poquito m\u00e1s all\u00e1 y buscamos una <strong>mirada m\u00e1s cr\u00edtica<\/strong> tanto con la arquitectura como con los propios arquitectos, nos encontramos con el trabajado y original blog de Arquitectura de Entre otras soluciones de <strong><a href=\"http:\/\/jaumeprat.com\/\">Jaume Prat<\/a><\/strong> y el m\u00e1s ca\u00f1ero todav\u00eda blog de <a href=\"http:\/\/abcblogs.abc.es\/fredy-massad\/\">La Viga en el ojo<\/a> de <strong>Fredy Massad. <\/strong>Al respecto de la posici\u00f3n cr\u00edtica, Massad, comenta: \u201cdebe ser una que desaf\u00ede y rompa las banalidades precios\u00edsticas de lo asumido y acatado como intelectual\/acad\u00e9mico (aunque hoy haya una fina l\u00ednea entre lo comprendido como acad\u00e9mico y lo farandulesco y\u00a0 los intereses de lobbies, productos muy diferentes al verdadero trabajo riguroso de pensamiento).(\u2026) La necesidad de una actitud de resistencia combativa hacia la aceptaci\u00f3n por inercia de lo sancionado como establecido, de una confrontaci\u00f3n (bien entendida) equivale a admitir y proclamar la existencia de un enga\u00f1o.\u201d <span style=\"color: #3366ff;\">(3)<\/span><\/p>\n<p>En el extremo opuesto, podemos encontrar ciertos planteamientos que, en nuestra opini\u00f3n, solo banalizan la cr\u00edtica en favor de una falsa democratizaci\u00f3n de la misma, como se aprecia la reflexi\u00f3n de David Basulto, Editor jefe de <strong>ArchDaily<\/strong>, cuando afirma que \u201cLa Web 2.0 ha permitido que los usuarios de Internet puedan interactuar y colaborar entre ellos, cambiando la manera en que los contenidos se producen. Esto tom\u00f3 la forma de blogs, comentarios y actualizaciones en las redes sociales. Esta nueva manera de usar la web permiti\u00f3 la aparici\u00f3n de voces individuales, entreg\u00f3 a los arquitectos un canal para expresar el cr\u00edtico que llevan dentro.\u201d<\/p>\n<p>As\u00ed, aunque es cierto que el mundo 2.0 ha cambiado radicalmente la forma de relacionarnos, <strong>no creemos que la cr\u00edtica de arquitectura pase porque cada uno de rienda suelta \u201cal cr\u00edtico que lleva dentro\u201d.<\/strong> <span style=\"color: #3366ff;\">(4)<\/span><\/p>\n<p align=\"center\"><span style=\"color: #808080;\"><a href=\"https:\/\/stepienybarno.es\/blog\/wp-content\/uploads\/2015\/01\/1.-La-viga-en-el-ojo-fredy-massad-stepeinybarno.png\"><img loading=\"lazy\" decoding=\"async\" class=\"alignnone size-full wp-image-15530\" title=\"1. La-viga-en-el-ojo-fredy-massad-stepeinybarno\" src=\"https:\/\/stepienybarno.es\/blog\/wp-content\/uploads\/2015\/01\/1.-La-viga-en-el-ojo-fredy-massad-stepeinybarno.png\" alt=\"1. La-viga-en-el-ojo-fredy-massad-stepeinybarno\" width=\"500\" height=\"470\" srcset=\"https:\/\/stepienybarno.es\/blog\/wp-content\/uploads\/2015\/01\/1.-La-viga-en-el-ojo-fredy-massad-stepeinybarno.png 500w, https:\/\/stepienybarno.es\/blog\/wp-content\/uploads\/2015\/01\/1.-La-viga-en-el-ojo-fredy-massad-stepeinybarno-180x169.png 180w, https:\/\/stepienybarno.es\/blog\/wp-content\/uploads\/2015\/01\/1.-La-viga-en-el-ojo-fredy-massad-stepeinybarno-316x297.png 316w\" sizes=\"(max-width: 500px) 100vw, 500px\" \/><\/a><\/span><\/p>\n<p align=\"center\"><span style=\"color: #808080;\">Pantallazo del blog de <a href=\"http:\/\/abcblogs.abc.es\/fredy-massad\/\">La Viga en el ojo<\/a> de Fredy Massad<\/span><\/p>\n<p><strong><span style=\"color: #3366ff;\">2. ARQUITECTOS Y ARQUITECTURA<\/span><\/strong><\/p>\n<p><strong><span style=\"color: #3366ff;\">2.1 Sobre el estado de la profesi\u00f3n.<\/span><\/strong><\/p>\n<p>Hasta hace cuatro d\u00edas, los arquitectos ten\u00edamos bien dif\u00edcil hablar de nuestras cosas. Una vez que sal\u00edas de la Escuela de arquitectura y echabas a andar en el mundo laboral, no era frecuente el <strong>intercambio de ideas y comentar el d\u00eda a d\u00eda de la profesi\u00f3n de arquitecto<\/strong>. Los Colegios de arquitectos pudieron hacer mucho m\u00e1s para ayudarnos a hacerlo; pero, en general, estaban demasiado ocupados en sacar brillo al cu\u00f1o del visado. Por eso, es un lujo poder contar, desde hace no m\u00e1s de seis o siete a\u00f1os, con varios blogs de arquitectura que s\u00ed reflexionan sobre lo que nos pasa como colectivo y que, en muchos casos, se han convertido en aut\u00e9nticos foros debate arquitect\u00f3nico.<\/p>\n<p>Algunos de ellos, adem\u00e1s, lo hacen con una actitud amena y divertida como en <strong><a href=\"http:\/\/www.cosasdearquitectos.com\/\">Cosas de Arquitectos<\/a><\/strong> o <strong><a href=\"http:\/\/pedacicosarquitectonicos.com\/\">Pedacicos arquitect\u00f3nicos<\/a><\/strong>. Otros autores sacan el l\u00e1piz afilado para repartir estopa siempre que haga falta. Como ejemplo de estas reflexiones tan dif\u00edciles de encontrar fuera de la red, podr\u00edamos hablar del <a href=\"http:\/\/nmas1.wordpress.com\/\">blog de <strong>n+1<\/strong><\/a> o la publicaci\u00f3n digital de <strong><a href=\"http:\/\/arquitextonica.net\/\">Arquitextonica.<\/a><\/strong><\/p>\n<p>Como caso particular en esta secci\u00f3n, nos encontramos <strong>el blog de <a href=\"http:\/\/www.bsarethinkingarchitecture.com\/\">Bsa<\/a><\/strong> de Jos\u00e9 Javier Quintana, en donde se muestran cuestiones que tienen mucho que ver con el entorno empresarial y el emprendimiento. Ambos temas dan mucha pereza a la mayor\u00eda de los arquitectos; pero bien sab\u00e9is que, a nosotros, nos parecen cada vez m\u00e1s importantes.<\/p>\n<p><strong><span style=\"color: #3366ff;\">2.2 Pensamiento y reflexi\u00f3n.<\/span><\/strong><\/p>\n<p>A nivel mundial y con gran visibilidad nos encontramos con <a href=\"http:\/\/www.arquine.com\/blog\/\">la publicaci\u00f3n de <strong>Arquine<\/strong><\/a>. En ella vemos, una clara vocaci\u00f3n por reflexionar sobre la arquitectura y los arquitectos, desde muy diversos puntos de vista. As\u00ed, de los pesos pesados de los blogs, a nivel de repercusi\u00f3n y visibilidad, quiz\u00e1s sean ellos los que m\u00e1s llamen nuestra atenci\u00f3n.<\/p>\n<p>Si volvemos la mirada a territorio nacional, nos encontramos con varios ejemplos destacables. Entre ellos, podr\u00edamos hablar del blog de <strong><a href=\"http:\/\/veredes.es\/blog\/\">Veredes<\/a><\/strong> ya que en \u00e9l encontraremos una buena colecci\u00f3n de art\u00edculos, de car\u00e1cter m\u00e1s reflexivo, sobre arquitectura y arquitectos. Aqu\u00ed, destacamos la labor, siempre humilde y certera,\u00a0 de su responsable: <strong>Alberto Alonso.<\/strong><\/p>\n<p>A su vez, en esta secci\u00f3n, se podr\u00eda hablar d<a href=\"http:\/\/blogfundacion.arquia.es\/\">el blog de la <strong>Fundaci\u00f3n Arquia<\/strong><\/a>, con muchos corresponsales en sus filas y con varios post publicados que han generado un buen n\u00famero de comentarios en torno al estado de la profesi\u00f3n y la ense\u00f1anza de arquitectura.<\/p>\n<p>Por estos lares digitales, tambi\u00e9n, \u00a0andamos nosotros, <strong><strong>Stepienybarno<\/strong><\/strong>, intentado dar una mirada personal sobre lo m\u00e1s relevante que, en nuestra humilde opini\u00f3n, va sucediendo en el mundillo arquitect\u00f3nico. De todas formas, quiz\u00e1s lo que m\u00e1s nos interese ahora mismo es ser capaces de producir sinergias en la red; m\u00e1s o menos, lo que comentaba, en su d\u00eda, Domenico di Siena, cuando hablaba de nuestra labor como <strong>conectores o articuladores<\/strong>. <span style=\"color: #3366ff;\">(5)<\/span><\/p>\n<p><strong><span style=\"color: #3366ff;\">2.3 P\u00edldoras de arquitectura<\/span><\/strong><\/p>\n<p>Cada vez tenemos m\u00e1s arquitectos que, en una escala muy comedida y cuidada, nos regalan grandes blogs. En este sentido, la facilidad de realizar un blog, tanto t\u00e9cnica como conceptual, posibilita que <strong>cualquiera pueda competir, por lo menos en calidad, con las grandes publicaciones digitales <\/strong>de arquitectura. Este momento de la historia, que es totalmente novedoso y que hace tan solo 10 a\u00f1os ser\u00eda impensable, <strong>nos recuerda a cuando llegaron los situacionistas<\/strong> y, de repente, ya no eran solo los ge\u00f3grafos y militares quieres pod\u00edan realizar mapas y planos. En ese momento, aparec\u00edan una serie de personajes con un nuevo sistema de actuaci\u00f3n, <strong>el mecanismo de la \u201cderiva\u201d<\/strong>, que les permit\u00eda entender la ciudad desde otra perspectiva y se atrev\u00edan a dibujarla y representarla con nuevos par\u00e1metros.<\/p>\n<p>Siguiendo el paralelismo, en la actualidad, \u00a0tambi\u00e9n, tenemos arquitectos que \u201cinventan\u201d una l\u00ednea editorial muy diferente de lo habitual, aunque seguramente con fuerte herencia de la publicaci\u00f3n offline de <a href=\"http:\/\/www.mansilla-tunon.com\/circo\/circo.html\">Circo<\/a>, y que lo hacen desde una delicadeza y audacia nada habituales. \u00bfEjemplos de ellos? Aqu\u00ed van dos que nos tienen cautivados: el blog de <strong><a href=\"http:\/\/www.santiagodemolina.com\/\">M\u00faltiples estrategias de arquitectura<\/a><\/strong> de Santiago de Molina y el blog de <strong><a href=\"http:\/\/madc-texts.blogspot.com.es\/\">P\u00e1rrafos de arquitectura<\/a><\/strong> de Miguel \u00c1ngel D\u00edaz Camacho.<\/p>\n<p>De esta forma, cuando la red grita, y adem\u00e1s cada vez m\u00e1s alto, es un gusto encontrar blogs como estos que, <strong>a modo de remanso de paz, nos proporcionan p\u00edldoras de genuino pensamiento arquitect\u00f3nico<\/strong>. De hecho, algo tan extra\u00f1o como encontrar pies de p\u00e1gina en un post de arquitectura, tal como anima a hacer <a title=\"Nicholas Carr\" href=\"http:\/\/www.nicholascarr.com\/\" target=\"_blank\" rel=\"noopener\">Nicholas Carr<\/a>, lo podemos encontrar en cada post de <a href=\"http:\/\/madc-texts.blogspot.com.es\/\">P\u00e1rrafos de arquitectura<\/a>.<span style=\"color: #3366ff;\">(6)<\/span><\/p>\n<p>En estos blogs coincide, seguramente no por casualidad, que sus responsables son profesores de Escuelas de arquitectura, por lo que, de alguna forma, lo que hacen es <strong>trasladar parte de su actividad en las aulas al entorno pixelizado.<\/strong> Vamos\u2026 lo que se viene a llamar <strong>educaci\u00f3n expandida<\/strong> y que tanta falta nos hace dentro de la ense\u00f1anza de arquitectura.<\/p>\n<p>Ah! Y, llegado este punto, tambi\u00e9n estar\u00eda bien hablar de alg\u00fan blog potente realizado por Escuelas de arquitectura \u00bfno?<\/p>\n<p>Pues ah\u00ed vamos\u2026 Uy!! \u00a1Si no encontramos nada!! :- (<\/p>\n<p align=\"center\">Bueno, si rastreamos un poco m\u00e1s podemos ver algunos blogs que t\u00edmidamente comienzan a asomar la cabeza como <strong><a href=\"http:\/\/proyectos1etsaun.blogspot.com.es\/?m=1\">el blog de proyectos I etsaun<\/a><\/strong> o <strong><a href=\"https:\/\/compoarq.wordpress.com\/\">Compoarq<\/a><\/strong>, pero desde luego es un terreno f\u00e9rtil donde sembrar y recoger frutos seguros.<\/p>\n<p align=\"center\">\n<p align=\"center\"><a href=\"https:\/\/stepienybarno.es\/blog\/wp-content\/uploads\/2015\/01\/2-santiago-santi-de-molina-multiples-arquitectura-stepienybarno.png\"><img loading=\"lazy\" decoding=\"async\" class=\"alignnone size-full wp-image-15528\" title=\"2-santiago-santi-de-molina-multiples-arquitectura-stepienybarno\" src=\"https:\/\/stepienybarno.es\/blog\/wp-content\/uploads\/2015\/01\/2-santiago-santi-de-molina-multiples-arquitectura-stepienybarno.png\" alt=\"2-santiago-santi-de-molina-multiples-arquitectura-stepienybarno\" width=\"500\" height=\"291\" srcset=\"https:\/\/stepienybarno.es\/blog\/wp-content\/uploads\/2015\/01\/2-santiago-santi-de-molina-multiples-arquitectura-stepienybarno.png 500w, https:\/\/stepienybarno.es\/blog\/wp-content\/uploads\/2015\/01\/2-santiago-santi-de-molina-multiples-arquitectura-stepienybarno-180x105.png 180w, https:\/\/stepienybarno.es\/blog\/wp-content\/uploads\/2015\/01\/2-santiago-santi-de-molina-multiples-arquitectura-stepienybarno-316x184.png 316w\" sizes=\"(max-width: 500px) 100vw, 500px\" \/><\/a><\/p>\n<p align=\"center\"><span style=\"color: #888888;\">Pantallazo del blog <strong><a href=\"http:\/\/www.santiagodemolina.com\/\">M\u00faltiples estrategias de arquitectura<\/a><\/strong> de Santiago de Molina<\/span><\/p>\n<p><strong><span style=\"color: #3366ff;\">3 URBANISMO<\/span><\/strong><\/p>\n<p><strong><span style=\"color: #3366ff;\">3.1 Ciudad y ciudadan\u00eda<\/span><\/strong><\/p>\n<p>Si cambiamos la escala de la arquitectura por la de la ciudad y la ciudadan\u00eda, nos encontramos con un buen elenco de blogs interesantes. En la cabeza, en lo referente a influencia y visibilidad, situar\u00edamos a <strong><a href=\"http:\/\/www.plataformaurbana.cl\/\">Plataforma Urbana<\/a><\/strong>; en \u00e9l van publicando, de manera constante e intensa, art\u00edculos que tienen que ver con el urbanismo.<\/p>\n<p>Otra visi\u00f3n m\u00e1s social de la ciudad podemos encontrar en <a href=\"http:\/\/www.laciudadviva.org\/blogs\/\">el blog de <strong>La Ciudad Viva<\/strong><\/a>, en donde desde hace seis a\u00f1os, <strong>se viene reflexionando, con una<\/strong> <strong>mirada cr\u00edtica<\/strong>, <strong>lo que han sido, son y pueden ser nuestras ciudades<\/strong>. Como particularidad, comentar que este es un blog que se nutre de los art\u00edculos de un <strong>equipo de\u00a0 corresponsales<\/strong> entre los cuales tenemos la suerte de contarnos desde que gan\u00e1semos el <a href=\"https:\/\/stepienybarno.es\/blog\/2010\/09\/16\/nuevos-corresponsales-para-la-ciudad-viva\/\">concurso abierto en el 2010.<\/a> En el extremo opuesto en cuanto a organizaci\u00f3n del blog, pero no as\u00ed en la actitud, nos encontramos con el blog de nuestro admirado <strong><a href=\"http:\/\/elblogdefarina.blogspot.com.es\/\">Jos\u00e9 Fari\u00f1a<\/a><\/strong>.<span style=\"color: #3366ff;\">(7)<\/span> En \u00e9l, de manera sistem\u00e1tica podemos encontrar art\u00edculos que se escapan por completo del consumo r\u00e1pido y que huyen de la tendencia facilona de \u201cpost cortos\u201d y, a veces, te\u00f1idos de salsa rosa. Adem\u00e1s, tiene el plus de que <strong>es de capaz de generar el tan ansiado y cada vez m\u00e1s complicado debate en la red.<\/strong> Aqu\u00ed no hay ni un solo post con t\u00edtulo con gancho y un texto blandito que facilite la digesti\u00f3n autom\u00e1tica. Este es un blog al que acudir con tiempo y ganas de aprender. <strong>Una joyita dentro del pedregal en el que muchas veces se convierte la red.<\/strong><\/p>\n<p><strong> <\/strong><\/p>\n<p><strong><span style=\"color: #3366ff;\">3.2 Activismos Social<\/span><\/strong><\/p>\n<p>Siguiendo en este entorno m\u00e1s urbano, tambi\u00e9n nos gustar\u00eda traer a primer plano blogs de talante todav\u00eda m\u00e1s combativo y, en muchos casos, cercanos al activismo social. Nos gusta mucho el blog de <strong><a href=\"http:\/\/www.paisajetransversal.org\/\">Paisaje Transversal<\/a><\/strong> pues son muchos a\u00f1os de reflexionar y proponer <strong>nuevas formas de ciudad y participaci\u00f3n<\/strong> en la misma. El blog comenz\u00f3 cuando todos ellos eran estudiantes de arquitectura y, se puede decir que en la actualidad, mantienen el desparpajo y frescura de entonces, aunque ahora se nota tambi\u00e9n la experiencia del paso de los a\u00f1os.<\/p>\n<p>Tambi\u00e9n, los pioneros <strong><a href=\"http:\/\/www.ecosistemaurbano.com\/\">Ecosistema Urbano<\/a><\/strong>, siguen manteniendo la llama de lo social en todos sus post.<\/p>\n<p>Otro blog que podr\u00edamos englobar en esta secci\u00f3n, aunque tambi\u00e9n toca otras tem\u00e1ticas como la innovaci\u00f3n o la Identidad Digital, es <a href=\"http:\/\/urbanohumano.org\/\">el blog de <strong>Domenico di Siena<\/strong><\/a> @Urbanohumano. En \u00e9l, destaca el cuidado que tiene su autor a la hora de presentar sus temas y la generosidad con que lo hace. Esta manera tan 2.0 de estar en la red le lleva, Por ejemplo, al <strong>publicar su tesina para que cualquiera se la pueda descargar<\/strong> o haber hecho varias intervenciones en formato <strong>hangout <\/strong>hablando junto a otros invitados de temas de innovaci\u00f3n urbana y activismo social urbano.<\/p>\n<p>Por \u00faltimo, comentar que, curiosamente, los tres blogs citados en esta secci\u00f3n, tienen una presencia <strong>estupenda en las redes sociales<\/strong>. Toda una suerte para quienes les seguimos desde hace a\u00f1os.<\/p>\n<p><strong><span style=\"color: #3366ff;\">3.3 Sostenibilidad y Paisajismo.<\/span><\/strong><\/p>\n<p>Son muchos los blogs que hablan de <strong>sostenibilidad<\/strong>, desde el punto de vista de la ecolog\u00eda, pero no tantos lo que lo hacen con una visi\u00f3n m\u00e1s global y menos aun los que a\u00fanan arquitectura y sostenibilidad. Pensamos que, curiosamente, hay una especie de vac\u00edo y cuesta encontrar ejemplos para traer a esta secci\u00f3n.<\/p>\n<p>La revista <strong><a href=\"http:\/\/www.ecohabitar.org\/\">Ecohabitar<\/a>, <\/strong>sin ser un blog en s\u00ed mismo, es una publicaci\u00f3n digital bastante recomendable, aunque nos sigue gustando m\u00e1s su versi\u00f3n impresa.<\/p>\n<p>Algunas empresas de materiales del sector de la construcci\u00f3n, pero con una mirada cercana a la sostenibilidad, tambi\u00e9n se est\u00e1n poniendo las pilas. Algunos ejemplos: <strong>Knauf Insulation <\/strong>con su blog de <a href=\"https:\/\/aislamiento360.wordpress.com\/\">aislamiento 360<\/a> y <strong>K\u00f6mmerling <\/strong>con su blog <a href=\"http:\/\/www.carpinteriascte.com\/\">Carpinterias CTE.<\/a><\/p>\n<p>Otros blogs que publican de manera constante y que tienen una l\u00ednea editorial clara, ser\u00edan el blog de la asociaci\u00f3n Arquitectura y Sostenibilidad, <strong>ASA <\/strong>(publicando en muchos casos post a cargo de sus propios socios), y la estupenda publicaci\u00f3n digital de <strong><a href=\"http:\/\/www.mimbrea.com\/\">Mimbrea<\/a>.<\/strong><\/p>\n<p>Respecto al tema de <strong>paisajismo<\/strong>, quisi\u00e9ramos traer a primer plano un blog de una pareja muy activa y que nos gusta mucho lo que hace: <strong><a href=\"http:\/\/www.lahabitacionverde.es\/blog\/tag\/paisajismo\/\">La habitaci\u00f3n verde<\/a><\/strong>. Si no lo conoc\u00e9is echarle un ojo a este blog que seguro que os gusta.<\/p>\n<p style=\"text-align: center;\"><a href=\"https:\/\/stepienybarno.es\/blog\/wp-content\/uploads\/2015\/01\/3-la-ciudad-viva-stepienybarno-blog.png\"><img loading=\"lazy\" decoding=\"async\" class=\"alignnone size-full wp-image-15527\" title=\"3-la-ciudad-viva-stepienybarno-blog\" src=\"https:\/\/stepienybarno.es\/blog\/wp-content\/uploads\/2015\/01\/3-la-ciudad-viva-stepienybarno-blog.png\" alt=\"3-la-ciudad-viva-stepienybarno-blog\" width=\"500\" height=\"412\" srcset=\"https:\/\/stepienybarno.es\/blog\/wp-content\/uploads\/2015\/01\/3-la-ciudad-viva-stepienybarno-blog.png 500w, https:\/\/stepienybarno.es\/blog\/wp-content\/uploads\/2015\/01\/3-la-ciudad-viva-stepienybarno-blog-180x148.png 180w, https:\/\/stepienybarno.es\/blog\/wp-content\/uploads\/2015\/01\/3-la-ciudad-viva-stepienybarno-blog-316x260.png 316w\" sizes=\"(max-width: 500px) 100vw, 500px\" \/><\/a><\/p>\n<p style=\"text-align: center;\"><span style=\"font-size: 12.8000001907349px; text-align: -webkit-center;\"><span style=\"color: #808080;\">Pantallazo del blog de la Ciudad Viva.<\/span><\/span><\/p>\n<p><span style=\"font-size: 12.8000001907349px; text-align: -webkit-center;\"><br \/>\n<\/span><\/p>\n<p><strong>Sin clasificar<\/strong><\/p>\n<p>En realidad, toda esta clasificaci\u00f3n de blogs es tan real como irreal. Se podr\u00eda decir que, tan solo es una manera de mirar la realidad, y la misma es, por definici\u00f3n, inatrapable e inclasificable. En cualquier caso, entendemos que solo es una forma de <strong>hacer m\u00e1s digerible el cada vez m\u00e1s denso mundo de los blogs de arquitectura.<\/strong> Aun con todo, hay por lo menos tres blogs que no hemos sabido si poner por aqu\u00ed o por all\u00e1; pero como nos parecen altamente recomendables, los citamos en este \u00faltimo ep\u00edgrafe: <a href=\"http:\/\/www.acafeole.com\/\">Acafeole<\/a>, <a title=\"M\u00e1s informaciones sobre este blog\" href=\"http:\/\/losvaciosurbanos.blogspot.com.es\/\">los vacios urbanos<\/a>, <a href=\"http:\/\/blancaespigaresrooney.wordpress.com\/\">Blanca Espigares Rooney<\/a>.<\/p>\n<p>Ser\u00eda como cuando <strong>Darwin<\/strong>, hablando de la clasificaci\u00f3n de las especies, dec\u00eda: \u201cLas formas que poseen en grado algo considerable el car\u00e1cter de especie, pero que son tan semejantes a otras formas, o que est\u00e1n tan estrechamente unidas a ellas por gradaciones intermedias, que los naturalistas no quieren clasificarlas como especies distintas, son, por varios conceptos, <strong>las m\u00e1s importantes para nosotros<\/strong>.\u201d<\/p>\n<p>Aun con todo, son muchos los blogs activos y, en realidad, muchas las formas en que se podr\u00edan englobar. La expuesta en este post es solo una de ellas; as\u00ed que, os animamos a contarnos c\u00f3mo lo veis vosotr@s y traer a primer plano estupendos blogs que a buen seguro nos hemos dejado en nuestra particular mirada del tema.<\/p>\n<blockquote>\n<p align=\"center\"><strong>Texto: Stepienybarno _Agnieszka Stepien y Lorenzo Barn\u00f3<\/strong><\/p>\n<\/blockquote>\n<p><strong> <\/strong><\/p>\n<p align=\"center\"><strong> <\/strong><\/p>\n<p align=\"left\"><span style=\"color: #808080;\">(1)\u00a0\u00a0 Sobre temas m\u00e1s conceptuales, ya hemos hablado, anteriormente, en otros posts, como: <a title=\"Permanent Link to VISIBILIDAD DE LOS ARQUITECTOS EN LA ERA DIGITAL\" href=\"https:\/\/stepienybarno.es\/blog\/2012\/10\/30\/visibilidad-de-los-arquitectos-en-la-era-digital\/\">Visibilidad de los arquitectos en la era digital<\/a> y\u00a0 <a title=\"Permanent Link to ARQUITECTOS EN RED\" href=\"https:\/\/stepienybarno.es\/blog\/2012\/11\/26\/arquitectos-en-red\/\">Arquitectos en red<\/a>.<\/span><\/p>\n<p align=\"left\"><span style=\"color: #808080;\">(2)\u00a0\u00a0 Extracto del texto: \u201cEl Editor, el Cr\u00edtico, el Te\u00f3rico\u201d. Visto en: <a href=\"https:\/\/axonometrica.wordpress.com\/2014\/06\/09\/el-editor-el-critico-el-teorico\/\">https:\/\/axonometrica.wordpress.com\/2014\/06\/09\/el-editor-el-critico-el-teorico\/<\/a><\/span><\/p>\n<p><span style=\"color: #808080;\">(3)\u00a0\u00a0 Extracto del post Criticofobia, realizado por <a title=\"Entradas de Fredy Massad\" href=\"http:\/\/abcblogs.abc.es\/fredy-massad\/author\/fmassad\/\">Fredy Massad<\/a> _ Acceder: <a href=\"http:\/\/abcblogs.abc.es\/fredy-massad\/2013\/11\/28\/criticofobia\/\">http:\/\/abcblogs.abc.es\/fredy-massad\/2013\/11\/28\/criticofobia\/<\/a><\/span><\/p>\n<p><span style=\"color: #808080;\">(4)\u00a0\u00a0 Extracto del post \u201cEl Fin de la Cr\u00edtica: Hacia una Nueva Arquitectura publicado en Plataforma Arquitectura\u201d, realizado por David Basulto _Acceder: <a href=\"http:\/\/www.plataformaarquitectura.cl\/cl\/02-240843\/el-fin-de-la-critica-hacia-una-nueva-arquitectura\">http:\/\/www.plataformaarquitectura.cl\/cl\/02-240843\/el-fin-de-la-critica-hacia-una-nueva-arquitectura<\/a><\/span><\/p>\n<p align=\"left\"><span style=\"color: #808080;\">(5)\u00a0\u00a0 Versi\u00f3n integral del texto que escribi\u00f3 Domenico di Siena para \u00a0<a href=\"http:\/\/www.arquitecturaviva.com\/shop\/issue\/details\/333\">Arquitectura Viva n.145\u00a0\u201cColectivos Espa\u00f1oles\u201d<\/a>. Publicado digitalmente en: <a href=\"http:\/\/urbanohumano.org\/arquitectura\/creatividad-horizontal-redes-conectores-y-plataformas\/\">http:\/\/urbanohumano.org\/arquitectura\/creatividad-horizontal-redes-conectores-y-plataformas\/<\/a><\/span><\/p>\n<p align=\"left\"><span style=\"color: #808080;\">(6)\u00a0\u00a0 Visto en <a href=\"http:\/\/www.twiterstolen.com\/links-internet-reconfiguro-nuestro-cerebro\/\">http:\/\/www.twiterstolen.com\/links-internet-reconfiguro-nuestro-cerebro\/<\/a><\/span><\/p>\n<p align=\"left\"><span style=\"color: #808080;\">(7)\u00a0\u00a0 Entrevista realizada por Stepienybarno a <a href=\"http:\/\/elblogdefarina.blogspot.com.es\/\">Jos\u00e9 Fari\u00f1a<\/a>: <a href=\"https:\/\/stepienybarno.es\/blog\/2009\/06\/24\/entrevista-con-jose-farina-parte-iii-%E2%80%93-educacion\/\">https:\/\/stepienybarno.es\/blog\/2009\/06\/24\/entrevista-con-jose-farina-parte-iii-%E2%80%93-educacion\/<\/a><\/span><\/p>\n<blockquote><p><strong>Post relacionados:<\/strong><\/p>\n<p><a href=\"https:\/\/stepienybarno.es\/blog\/2012\/11\/11\/publicaciones-digitales-de-arquitectos\/\" target=\"_blank\" rel=\"noopener\">PUBLICACIONES DIGITALES DE ARQUITECTOS<\/a><\/p>\n<p><a href=\"https:\/\/stepienybarno.es\/blog\/2012\/11\/28\/111-blogs-de-arquitectura\/\">111 BLOGS DE ARQUITECTURA<\/a><\/p><\/blockquote>\n<p><span style=\"color: #888888;\"><em>Post redactado por \u00a0STEPIENYBARNO.<\/em><\/span><\/p>\n<p><a href=\"http:\/\/www.linkedin.com\/company\/stepienybarno\"><span style=\"color: #888888;\"><em>STEPIENYBARNO EN LINKEDIN<\/em><\/span><\/a><\/p>\n<p><a href=\"http:\/\/twitter.com\/stepienybarno\/stepienybarno\"><span style=\"color: #888888;\"><em>STEPIENYBARNO EN TWITTER<\/em><\/span><\/a><\/p>\n<p><a href=\"https:\/\/www.facebook.com\/pages\/BLOG-DE-STEPIENYBARNO\/78001079029\"><span style=\"color: #888888;\"><em>STEPIENYBARNO EN FACEBOOK<\/em><\/span><\/a><\/p>\n<p><span style=\"color: #888888;\"><em> <\/em><\/span><\/p>\n<p><span style=\"color: #888888;\"><em>*Stepienybarno est\u00e1 formado por Agnieszka Stepien y Lorenzo Barn\u00f3 y desde mayo del 2009 estamos en la red con\u00a0 la presente publicaci\u00f3n digital (Blog) de arquitectura.<\/em><\/span><\/p>\n<p><span style=\"color: #888888;\"><em>Nuestra actividad se sustenta en tres pilares b\u00e1sicos: la investigaci\u00f3n, la publicaci\u00f3n (comunicaci\u00f3n y difusi\u00f3n) y la redacci\u00f3n de proyectos de arquitectura.<\/em><\/span><\/p>\n<p><span style=\"color: #888888;\"><em>A su vez, somos socios cofundadores de <a href=\"http:\/\/sinergiasostenible.org\/\">SINERGIA SOSTENIBLE<\/a> y redactores de <a href=\"http:\/\/www.laciudadviva.org\/blogs\/?author=45\">LA CIUDAD VIVA<\/a>.<\/em><\/span><\/p>\n<p><span style=\"color: #888888;\"><em>* Los editores de esta publicaci\u00f3n digital no nos hacemos cargo de de los comentarios y\u00a0 conceptos vertidos en los textos firmados por otras personas, siendo \u00e9stos de responsabilidad exclusiva de sus autores.<\/em><\/span><\/p>\n<p><span style=\"color: #888888;\"><em>* Tu comentario podr\u00e1 ser moderado, por lo tanto, aunque aparezca inmediatamente al ser publicado en la entrada, los editores de esta publicaci\u00f3n digital nos reservamos el derecho tanto de editarlo (si fuera necesario, para hacerlo m\u00e1s legible) como de eliminarlo en el caso de que se usen expresiones incorrectas (descalificaciones, palabras malsonantes\u2026). A su vez, si quieres comentar desde el anonimato puedes hacerlo, aunque, nosotros personalmente, agradecemos que tod@s nos podamos identificar.<\/em><\/span><\/p>\n","protected":false},"excerpt":{"rendered":"<p>Despu\u00e9s de analizar, en nuestras \u00faltimas entradas, c\u00f3mo nos encontramos los arquitectos en las redes sociales, en  los pr\u00f3ximos post de este blog, quisi\u00e9ramos realizar un peque\u00f1o barrido del panorama arquitect\u00f3nico en la red.<\/p>\n<p>En el presente art\u00edculo, nos centraremos en unos cuantos blogs de arquitectura de los que somos asiduos seguidores. Para facilitar la comprensi\u00f3n del tema, hemos organizado una serie de categor\u00edas para poder ir hablando de ellos con un cierto orden. Evidentemente, que un blog quede enmarcado en una secci\u00f3n no significa que solo hable de eso; sino que, en nuestra opini\u00f3n, es lo que m\u00e1s le define.<\/p>\n<p>As\u00ed que, si os interesa el tema, vamos a ello.<\/p>\n<p>(m\u00e1s&#8230;)<\/p>\n","protected":false},"author":2,"featured_media":0,"comment_status":"open","ping_status":"closed","sticky":false,"template":"","format":"standard","meta":{"om_disable_all_campaigns":false,"_monsterinsights_skip_tracking":false,"_monsterinsights_sitenote_active":false,"_monsterinsights_sitenote_note":"","_monsterinsights_sitenote_category":0,"_uf_show_specific_survey":0,"_uf_disable_surveys":false,"episode_type":"","audio_file":"","cover_image":"","cover_image_id":"","duration":"","filesize":"","date_recorded":"","explicit":"","block":"","filesize_raw":"","footnotes":""},"categories":[22],"tags":[2205,5075,253,591,2143,3162,2481,1402,258,3274,3267,74,2797,706,1693,395,577,3269,269,255,3272,351,2886,1697,1375,1078,2262,724,2736,3268,132,1523,3154,776,157,2871,952,2299,3100,189,264,3270,243,2980,2476,3271,596,187,3273,293,1124,2765],"series":[],"class_list":["post-15526","post","type-post","status-publish","format-standard","hentry","category-identidad-digital-syb","tag-acafeole","tag-alberto-alonso-oro","tag-anatxu-zabalbeascoa","tag-antonio-miranda","tag-archdaily","tag-arquine","tag-arquitectamos-locos","tag-arquitectura-g","tag-arquitextonica","tag-axonometrica","tag-blanca-espigares-rooney","tag-blogs","tag-cajon-de-sastre-de-arquitecto","tag-compoarq","tag-cosas-de-arquitectos","tag-del-tirador-a-la-ciudad","tag-domenico-di-siena","tag-ecohabitar","tag-ecosistema-urbano","tag-edgar-gonzalez","tag-el-blog-de-proyectos-i-etsaun","tag-fredy-massad","tag-fundacion-arquia","tag-hic","tag-jaume-prat-ortells","tag-jose-javier-quintana","tag-jose-ramon-hernandez","tag-josep-maria-montaner","tag-knauf-insulation","tag-kommerling","tag-la-ciudad-viva","tag-la-habitacion-verde","tag-la-viga-en-el-ojo","tag-llatzer-moix","tag-los-vacios-urbanos","tag-metalocus","tag-miguel-angel-diaz-camacho","tag-mimbrea","tag-miquel-lacasta","tag-multiples-estrategias-de-arquitectura","tag-n1","tag-ose-farina","tag-paisaje-transversal","tag-parrafos-de-arquitectura","tag-pedacicos-arquitectonicos","tag-plataforma-urbana","tag-santiago-carroquino","tag-santiago-de-molina","tag-situacionistas","tag-tectonica","tag-urbanohumano","tag-veredes-arquitectura-y-divulgacion"],"aioseo_notices":[],"episode_featured_image":false,"episode_player_image":"https:\/\/stepienybarno.es\/blog\/wp-content\/uploads\/2020\/11\/stepienybarno-podcast-scaled.jpg","download_link":"","player_link":"","audio_player":false,"episode_data":{"playerMode":"dark","subscribeUrls":[],"rssFeedUrl":"https:\/\/stepienybarno.es\/blog\/feed\/podcast\/podcast-de-stepienybarno","embedCode":"<blockquote class=\"wp-embedded-content\" data-secret=\"VTy6DWWQOK\"><a href=\"https:\/\/stepienybarno.es\/blog\/2015\/01\/14\/blogs-de-arquitectura\/\">BLOGS DE ARQUITECTURA<\/a><\/blockquote><iframe sandbox=\"allow-scripts\" security=\"restricted\" src=\"https:\/\/stepienybarno.es\/blog\/2015\/01\/14\/blogs-de-arquitectura\/embed\/#?secret=VTy6DWWQOK\" width=\"500\" height=\"350\" title=\"\u00abBLOGS DE ARQUITECTURA\u00bb \u2014 Blog de STEPIEN Y BARNO - publicaci\u00f3n digital sobre arquitectura\" data-secret=\"VTy6DWWQOK\" frameborder=\"0\" marginwidth=\"0\" marginheight=\"0\" scrolling=\"no\" class=\"wp-embedded-content\"><\/iframe><script type=\"text\/javascript\">\n\/* <![CDATA[ *\/\n\/*! This file is auto-generated *\/\n!function(d,l){\"use strict\";l.querySelector&&d.addEventListener&&\"undefined\"!=typeof URL&&(d.wp=d.wp||{},d.wp.receiveEmbedMessage||(d.wp.receiveEmbedMessage=function(e){var t=e.data;if((t||t.secret||t.message||t.value)&&!\/[^a-zA-Z0-9]\/.test(t.secret)){for(var s,r,n,a=l.querySelectorAll('iframe[data-secret=\"'+t.secret+'\"]'),o=l.querySelectorAll('blockquote[data-secret=\"'+t.secret+'\"]'),c=new RegExp(\"^https?:$\",\"i\"),i=0;i<o.length;i++)o[i].style.display=\"none\";for(i=0;i<a.length;i++)s=a[i],e.source===s.contentWindow&&(s.removeAttribute(\"style\"),\"height\"===t.message?(1e3<(r=parseInt(t.value,10))?r=1e3:~~r<200&&(r=200),s.height=r):\"link\"===t.message&&(r=new URL(s.getAttribute(\"src\")),n=new URL(t.value),c.test(n.protocol))&&n.host===r.host&&l.activeElement===s&&(d.top.location.href=t.value))}},d.addEventListener(\"message\",d.wp.receiveEmbedMessage,!1),l.addEventListener(\"DOMContentLoaded\",function(){for(var e,t,s=l.querySelectorAll(\"iframe.wp-embedded-content\"),r=0;r<s.length;r++)(t=(e=s[r]).getAttribute(\"data-secret\"))||(t=Math.random().toString(36).substring(2,12),e.src+=\"#?secret=\"+t,e.setAttribute(\"data-secret\",t)),e.contentWindow.postMessage({message:\"ready\",secret:t},\"*\")},!1)))}(window,document);\n\/* ]]> *\/\n<\/script>\n"},"_links":{"self":[{"href":"https:\/\/stepienybarno.es\/blog\/wp-json\/wp\/v2\/posts\/15526"}],"collection":[{"href":"https:\/\/stepienybarno.es\/blog\/wp-json\/wp\/v2\/posts"}],"about":[{"href":"https:\/\/stepienybarno.es\/blog\/wp-json\/wp\/v2\/types\/post"}],"author":[{"embeddable":true,"href":"https:\/\/stepienybarno.es\/blog\/wp-json\/wp\/v2\/users\/2"}],"replies":[{"embeddable":true,"href":"https:\/\/stepienybarno.es\/blog\/wp-json\/wp\/v2\/comments?post=15526"}],"version-history":[{"count":13,"href":"https:\/\/stepienybarno.es\/blog\/wp-json\/wp\/v2\/posts\/15526\/revisions"}],"predecessor-version":[{"id":58682,"href":"https:\/\/stepienybarno.es\/blog\/wp-json\/wp\/v2\/posts\/15526\/revisions\/58682"}],"wp:attachment":[{"href":"https:\/\/stepienybarno.es\/blog\/wp-json\/wp\/v2\/media?parent=15526"}],"wp:term":[{"taxonomy":"category","embeddable":true,"href":"https:\/\/stepienybarno.es\/blog\/wp-json\/wp\/v2\/categories?post=15526"},{"taxonomy":"post_tag","embeddable":true,"href":"https:\/\/stepienybarno.es\/blog\/wp-json\/wp\/v2\/tags?post=15526"},{"taxonomy":"series","embeddable":true,"href":"https:\/\/stepienybarno.es\/blog\/wp-json\/wp\/v2\/series?post=15526"}],"curies":[{"name":"wp","href":"https:\/\/api.w.org\/{rel}","templated":true}]}}