{"id":15553,"date":"2015-01-15T10:34:26","date_gmt":"2015-01-15T08:34:26","guid":{"rendered":"https:\/\/www.stepienybarno.es\/blog\/?p=15553"},"modified":"2015-01-15T10:34:31","modified_gmt":"2015-01-15T08:34:31","slug":"entrevista-a-rodrigo-almonacid","status":"publish","type":"post","link":"https:\/\/stepienybarno.es\/blog\/2015\/01\/15\/entrevista-a-rodrigo-almonacid\/","title":{"rendered":"ENTREVISTA A RODRIGO ALMONACID"},"content":{"rendered":"<p style=\"text-align: center;\"><a href=\"https:\/\/stepienybarno.es\/blog\/wp-content\/uploads\/2015\/01\/Stepienybarno-Rodrigo-Almonacid-Conungarabato-@ro_almonacid.jpg\"><img loading=\"lazy\" decoding=\"async\" class=\"alignnone size-medium wp-image-15554\" title=\"Stepienybarno- Rodrigo Almonacid-Conungarabato-@ro_almonacid\" src=\"https:\/\/stepienybarno.es\/blog\/wp-content\/uploads\/2015\/01\/Stepienybarno-Rodrigo-Almonacid-Conungarabato-@ro_almonacid-350x350.jpg\" alt=\"Stepienybarno- Rodrigo Almonacid-Conungarabato-@ro_almonacid\" width=\"350\" height=\"350\" \/><\/a><\/p>\n<p>Desde Conungarabato.<\/p>\n<p><!--more--><\/p>\n<p>\u201c(\u2026) Las actuales ETSAs son otro fraude m\u00e1s con los que hoy tenemos que convivir. Nadie quiere ponerle \u201cel cascabel al gato\u201d, y reordenar el mapa de titulaciones est\u00e1 en la agenda pero\u00a0sine die. Hasta que salten las alarmas, se acabe el baile, y tengamos que salir huyendo despavoridos. Sobran titulados por todas partes, no solo arquitectos, y la Universidad no est\u00e1 por reconocer la demanda REAL del mercado laboral. Ya empieza a haber signos de menor demanda de matriculados en nuestras Escuelas de Arquitectura, pero las c\u00fapulas directivas siguen haciendo caso omiso: a\u00fan esperan a que \u201cescampe el temporal\u201d, sin entender nada de esta crisis; cuanto antes nos adaptemos a lo que tenemos hoy, antes aprenderemos a sobrevivir en este nuevo h\u00e1bitat.\u201d<br \/>\n\u201c(\u2026) Las redes sociales no son un fin en s\u00ed mismo, cada cual debe saber reconocer su utilidad para el fin que persigue. A m\u00ed me est\u00e1 abriendo muchas oportunidades, pero depende de cada cual. Creo que los\u00a0Social Media\u00a0est\u00e1n aqu\u00ed para quedarse, y los profesionales de la Arquitectura, deber\u00edan sumarse al carro cuanto antes si no quieren acabar siendo unos analfabetos digitales\u2026 hoy a\u00fan no existe una gran brecha digital entre los arquitectos\u00a0on-line\u00a0y\u00a0off-line, pero sospecho que ma\u00f1ana ser\u00e1 condici\u00f3n\u00a0sine qua non\u00a0para el ejercicio de la actividad profesional, al menos de un cierto reconocimiento y prestigio. Si no existes en el mundo 2.0\u2026 \u00a1\u00a1\u00a1no existes!!! \u00a0Eso que funciona en la mayor\u00eda de las disciplinas, parece que en nuestro sector productivo no merece mucha atenci\u00f3n. La reputaci\u00f3n profesional se basa en una coherencia entre la identidad digital\u00a0on-line\u00a0y una actividad profesional\u00a0off-line;\u00a0este es un punto diferencial del nuevo escenario para los arquitectos, nos dediquemos a lo que nos dediquemos.\u201d<\/p>\n<blockquote>\n<p style=\"text-align: center;\"><strong>Acceder al post,<a href=\"https:\/\/conungarabato.wordpress.com\/2014\/12\/01\/entrevista-a-rodrigo-almonacid\/\"> AQU\u00cd<\/a><\/strong><\/p>\n<\/blockquote>\n<p align=\"left\"><span style=\"color: #888888;\"><em>Noticia seleccionada por el Canal de arquitectura STEPIENYBARNO.<\/em><\/span><\/p>\n<p><a href=\"https:\/\/twitter.com\/stepienybarno\"><span style=\"color: #888888;\"><em>STEPIENYBARNO EN TWITTER _ @stepienybarno<\/em><\/span><\/a><\/p>\n<p align=\"left\"><a href=\"http:\/\/www.linkedin.com\/company\/stepienybarno\"><span style=\"color: #888888;\"><em>STEPIENYBARNO EN LINKEDIN<\/em><\/span><\/a><\/p>\n<p align=\"left\"><a href=\"https:\/\/www.facebook.com\/pages\/BLOG-DE-STEPIENYBARNO\/78001079029\"><span style=\"color: #888888;\"><em>STEPIENYBARNO EN FACEBOOK<\/em><\/span><\/a><\/p>\n<p align=\"left\"><span style=\"color: #888888;\"><em>*Stepienybarno est\u00e1 formado por Agnieszka Stepien y Lorenzo Barn\u00f3 y desde mayo del 2009 estamos en la red con\u00a0 la presente publicaci\u00f3n digital (Blog) de arquitectura.<\/em><\/span><\/p>\n<p align=\"left\"><span style=\"color: #888888;\"><em>Nuestra actividad se sustenta en tres pilares b\u00e1sicos: la investigaci\u00f3n, la publicaci\u00f3n (comunicaci\u00f3n y difusi\u00f3n) y la redacci\u00f3n de proyectos de arquitectura.<\/em><\/span><\/p>\n<p align=\"left\"><span style=\"color: #888888;\"><em>A su vez, somos socios cofundadores de <a href=\"http:\/\/sinergiasostenible.org\/\">SINERGIA SOSTENIBLE<\/a> y redactores de <a href=\"http:\/\/www.laciudadviva.org\/blogs\/?author=45\">LA CIUDAD VIVA<\/a>.<\/em><\/span><\/p>\n<p align=\"left\"><span style=\"color: #888888;\"><em>* Los editores de esta publicaci\u00f3n digital no nos hacemos cargo de de los comentarios y\u00a0 conceptos vertidos en los textos firmados por otras personas, siendo \u00e9stos de responsabilidad exclusiva de sus autores.<\/em><\/span><\/p>\n<p align=\"left\"><span style=\"color: #888888;\"><em>* Tu comentario podr\u00e1 ser moderado, por lo tanto, aunque aparezca inmediatamente al ser publicado en la entrada, los editores de esta publicaci\u00f3n digital nos reservamos el derecho tanto de editarlo (si fuera necesario, para hacerlo m\u00e1s legible) como de eliminarlo en el caso de que se usen expresiones incorrectas (descalificaciones, palabras malsonantes\u2026). A su vez, si quieres comentar desde el anonimato puedes hacerlo, aunque, nosotros personalmente, agradecemos que tod@s nos podamos identificar.<\/em><\/span><\/p>\n","protected":false},"excerpt":{"rendered":"<p>Desde Conungarabato.<\/p>\n<p>(m\u00e1s&#8230;)<\/p>\n","protected":false},"author":2,"featured_media":0,"comment_status":"open","ping_status":"closed","sticky":false,"template":"","format":"standard","meta":{"om_disable_all_campaigns":false,"_monsterinsights_skip_tracking":false,"_monsterinsights_sitenote_active":false,"_monsterinsights_sitenote_note":"","_monsterinsights_sitenote_category":0,"_uf_show_specific_survey":0,"_uf_disable_surveys":false,"episode_type":"","audio_file":"","cover_image":"","cover_image_id":"","duration":"","filesize":"","date_recorded":"","explicit":"","block":"","filesize_raw":"","footnotes":""},"categories":[34,4,244],"tags":[3279,2279],"series":[],"class_list":["post-15553","post","type-post","status-publish","format-standard","hentry","category-actualidad","category-arquilectura","category-canal-de-arquitectura","tag-conungarabato","tag-rodrigo-almonacid"],"aioseo_notices":[],"episode_featured_image":false,"episode_player_image":"https:\/\/stepienybarno.es\/blog\/wp-content\/uploads\/2020\/11\/stepienybarno-podcast-scaled.jpg","download_link":"","player_link":"","audio_player":false,"episode_data":{"playerMode":"dark","subscribeUrls":[],"rssFeedUrl":"https:\/\/stepienybarno.es\/blog\/feed\/podcast\/podcast-de-stepienybarno","embedCode":"<blockquote class=\"wp-embedded-content\" data-secret=\"Gp14WkiBcF\"><a href=\"https:\/\/stepienybarno.es\/blog\/2015\/01\/15\/entrevista-a-rodrigo-almonacid\/\">ENTREVISTA A RODRIGO ALMONACID<\/a><\/blockquote><iframe sandbox=\"allow-scripts\" security=\"restricted\" src=\"https:\/\/stepienybarno.es\/blog\/2015\/01\/15\/entrevista-a-rodrigo-almonacid\/embed\/#?secret=Gp14WkiBcF\" width=\"500\" height=\"350\" title=\"\u00abENTREVISTA A RODRIGO ALMONACID\u00bb \u2014 Blog de STEPIEN Y BARNO - publicaci\u00f3n digital sobre arquitectura\" data-secret=\"Gp14WkiBcF\" frameborder=\"0\" marginwidth=\"0\" marginheight=\"0\" scrolling=\"no\" class=\"wp-embedded-content\"><\/iframe><script type=\"text\/javascript\">\n\/* <![CDATA[ *\/\n\/*! This file is auto-generated *\/\n!function(d,l){\"use strict\";l.querySelector&&d.addEventListener&&\"undefined\"!=typeof URL&&(d.wp=d.wp||{},d.wp.receiveEmbedMessage||(d.wp.receiveEmbedMessage=function(e){var t=e.data;if((t||t.secret||t.message||t.value)&&!\/[^a-zA-Z0-9]\/.test(t.secret)){for(var s,r,n,a=l.querySelectorAll('iframe[data-secret=\"'+t.secret+'\"]'),o=l.querySelectorAll('blockquote[data-secret=\"'+t.secret+'\"]'),c=new RegExp(\"^https?:$\",\"i\"),i=0;i<o.length;i++)o[i].style.display=\"none\";for(i=0;i<a.length;i++)s=a[i],e.source===s.contentWindow&&(s.removeAttribute(\"style\"),\"height\"===t.message?(1e3<(r=parseInt(t.value,10))?r=1e3:~~r<200&&(r=200),s.height=r):\"link\"===t.message&&(r=new URL(s.getAttribute(\"src\")),n=new URL(t.value),c.test(n.protocol))&&n.host===r.host&&l.activeElement===s&&(d.top.location.href=t.value))}},d.addEventListener(\"message\",d.wp.receiveEmbedMessage,!1),l.addEventListener(\"DOMContentLoaded\",function(){for(var e,t,s=l.querySelectorAll(\"iframe.wp-embedded-content\"),r=0;r<s.length;r++)(t=(e=s[r]).getAttribute(\"data-secret\"))||(t=Math.random().toString(36).substring(2,12),e.src+=\"#?secret=\"+t,e.setAttribute(\"data-secret\",t)),e.contentWindow.postMessage({message:\"ready\",secret:t},\"*\")},!1)))}(window,document);\n\/* ]]> *\/\n<\/script>\n"},"_links":{"self":[{"href":"https:\/\/stepienybarno.es\/blog\/wp-json\/wp\/v2\/posts\/15553"}],"collection":[{"href":"https:\/\/stepienybarno.es\/blog\/wp-json\/wp\/v2\/posts"}],"about":[{"href":"https:\/\/stepienybarno.es\/blog\/wp-json\/wp\/v2\/types\/post"}],"author":[{"embeddable":true,"href":"https:\/\/stepienybarno.es\/blog\/wp-json\/wp\/v2\/users\/2"}],"replies":[{"embeddable":true,"href":"https:\/\/stepienybarno.es\/blog\/wp-json\/wp\/v2\/comments?post=15553"}],"version-history":[{"count":3,"href":"https:\/\/stepienybarno.es\/blog\/wp-json\/wp\/v2\/posts\/15553\/revisions"}],"predecessor-version":[{"id":15557,"href":"https:\/\/stepienybarno.es\/blog\/wp-json\/wp\/v2\/posts\/15553\/revisions\/15557"}],"wp:attachment":[{"href":"https:\/\/stepienybarno.es\/blog\/wp-json\/wp\/v2\/media?parent=15553"}],"wp:term":[{"taxonomy":"category","embeddable":true,"href":"https:\/\/stepienybarno.es\/blog\/wp-json\/wp\/v2\/categories?post=15553"},{"taxonomy":"post_tag","embeddable":true,"href":"https:\/\/stepienybarno.es\/blog\/wp-json\/wp\/v2\/tags?post=15553"},{"taxonomy":"series","embeddable":true,"href":"https:\/\/stepienybarno.es\/blog\/wp-json\/wp\/v2\/series?post=15553"}],"curies":[{"name":"wp","href":"https:\/\/api.w.org\/{rel}","templated":true}]}}