{"id":15596,"date":"2015-01-21T13:43:50","date_gmt":"2015-01-21T11:43:50","guid":{"rendered":"https:\/\/www.stepienybarno.es\/blog\/?p=15596"},"modified":"2020-04-23T20:04:33","modified_gmt":"2020-04-23T18:04:33","slug":"un-laberinto-en-la-red","status":"publish","type":"post","link":"https:\/\/stepienybarno.es\/blog\/2015\/01\/21\/un-laberinto-en-la-red\/","title":{"rendered":"UN  LABERINTO EN LA RED"},"content":{"rendered":"<p align=\"left\">\n<p style=\"text-align: center;\"><a href=\"https:\/\/stepienybarno.es\/blog\/wp-content\/uploads\/2015\/01\/ALDO-VAN-eyck-STEPIENYBARNO.gif\"><img loading=\"lazy\" decoding=\"async\" class=\"alignnone size-full wp-image-15598\" title=\"ALDO-VAN- eyck-STEPIENYBARNO\" src=\"https:\/\/stepienybarno.es\/blog\/wp-content\/uploads\/2015\/01\/ALDO-VAN-eyck-STEPIENYBARNO.gif\" alt=\"ALDO-VAN- eyck-STEPIENYBARNO\" width=\"320\" height=\"320\" \/><\/a><\/p>\n<p align=\"left\">Despu\u00e9s de las \u00faltimas entradas, en las que habl\u00e1bamos de c\u00f3mo nos iba a los arquitectos en las redes sociales y blogs de arquitectura, ahora cambiamos de escala y nos vamos a meter con un tema m\u00e1s general.<\/p>\n<p align=\"left\">Lo mejor de la red es que podemos acceder a una ingente cantidad de informaci\u00f3n a un solo click de distancia. Sin embargo, esta misma revoluci\u00f3n que supuso Internet, a veces, se convierte en su principal h\u00e1ndicap, pues los propios \u00e1rboles pueden llegar a cegar el bosque.<\/p>\n<p align=\"left\">Sobre la excesiva dependencia que tenemos del buscador de google y de c\u00f3mo y d\u00f3nde organizamos la informaci\u00f3n, va la entrada de hoy.<\/p>\n<p align=\"left\"><!--more--><\/p>\n<blockquote>\n<p align=\"left\">\n<\/blockquote>\n<p align=\"left\">Una de las principales quejas que o\u00edmos para excusarse a m\u00e1s de uno de acercarse al mundo digital es la dificultad que existe para <strong>encontrar informaci\u00f3n<\/strong> de calidad en la red. Por otro lado, <strong>si queremos producir o compartir informaci\u00f3n tampoco es tan f\u00e1cil hacerlo<\/strong> con un n\u00famero elevado de personas.<\/p>\n<p align=\"left\">Si centramos la mirada en nuestro entorno arquitect\u00f3nico online, veremos que se constatan ambos aspectos, pero con m\u00e1s de una peculiaridad.<\/p>\n<p align=\"left\"><strong><em>Rafael Iglesia,<\/em><\/strong> arquitecto argentino del que no tenemos constancia de que tenga una gran actividad en la red, sin embargo, escrib\u00eda, hace un tiempo, estas interesantes palabras: \u201cHoy Internet es el signo m\u00e1s claro de lo mucho que han cambiado estas dimensiones. Tambi\u00e9n cambian las met\u00e1foras con las que entendemos nuestro mundo, <strong>la recta pierde significado, ya que estamos entrando en laberintos<\/strong>. Y en ellos, dos puntos vecinos pueden estar muy cerca o muy lejos. Internet es un laberinto, no ahorra distancias como lo hace la recta, las ignora. En consonancia con esta met\u00e1fora, deber\u00edamos trabajar con conceptos que nos permitan interpretar nuestra \u00e9poca, tal como lo hicieron los Maestros en su momento, pero sin olvidar que nuestros paradigmas son muy distintos\u201d. (1) Efectivamente, ah\u00ed creemos que est\u00e1 una de las claves del tema, <strong>acceder a la informaci\u00f3n relevante<\/strong>, puede ser muy dif\u00edcil, porque, por un lado, quiz\u00e1s no sepamos muy bien lo que buscamos y, por otro, esa informaci\u00f3n seguramente se encuentre en un sitio demasiado oscuro de la red. Ya no es que haya una distancia entre la informaci\u00f3n y nosotros, lo que hay es una especie de \u201claberinto\u201d que, en ocasiones, puede ser imposible de recorrer.<\/p>\n<p align=\"left\">As\u00ed, <strong>buscar informaci\u00f3n en google<\/strong>, en general, no est\u00e1 mal, si no eres muy exigente con la b\u00fasqueda, pero si quieres hilar fino, comienza a no ser tan efectivo. Si, por ejemplo, escribimos \u201c<strong>arquitectura bioclim\u00e1tica<\/strong>\u201d, los resultados obtenidos estar\u00e1n marcados por un misterioso algoritmo de Google en funci\u00f3n de la relevancia de las p\u00e1ginas encontradas y la interacci\u00f3n que hemos tenido, desde nuestro propio ordenador, con estas p\u00e1ginas. Cuando m\u00e1s hayamos visitado una web, m\u00e1s posibilidades tienen de que, luego, aparezca en nuestras b\u00fasquedas. Esto, que en un principio tiene su inter\u00e9s, a la larga, puede tambi\u00e9n ir en nuestra contra.<\/p>\n<p align=\"left\">Si escribimos las mismas palabras, pero ahora en el buscador de im\u00e1genes obtendremos el resultado que tenemos a continuaci\u00f3n, siendo, seguramente, m\u00e1s que dudosa la informaci\u00f3n que encontraremos en muchas de ellas.<\/p>\n<p align=\"left\">Por eso, en nuestra opini\u00f3n, hacen falta <strong>m\u00e1s sitios web que sirvan de filtro y selecci\u00f3n en el mundo de la arquitectura online.<\/strong> Para b\u00fasquedas concretas en un tema espec\u00edfico, creemos que, el\u00a0 buscador se queda corto y estar\u00eda muy bien que apareciesen <strong>canales que \u201cdomesticasen\u201d y etiquetasen esa informaci\u00f3n.<\/strong> Por supuesto, que para esta labor estar\u00eda genial contar con expertos en arquitectura a modo de \u201ccurators\/comisarios\u201d de contenido.<\/p>\n<p style=\"text-align: center;\"><a href=\"https:\/\/stepienybarno.es\/blog\/wp-content\/uploads\/2015\/01\/red-arquitectura-bioclimatica-stepienybarno.png\"><img loading=\"lazy\" decoding=\"async\" class=\"alignnone size-full wp-image-15597\" title=\"red-arquitectura-bioclimatica-stepienybarno\" src=\"https:\/\/stepienybarno.es\/blog\/wp-content\/uploads\/2015\/01\/red-arquitectura-bioclimatica-stepienybarno.png\" alt=\"red-arquitectura-bioclimatica-stepienybarno\" width=\"500\" height=\"241\" srcset=\"https:\/\/stepienybarno.es\/blog\/wp-content\/uploads\/2015\/01\/red-arquitectura-bioclimatica-stepienybarno.png 500w, https:\/\/stepienybarno.es\/blog\/wp-content\/uploads\/2015\/01\/red-arquitectura-bioclimatica-stepienybarno-180x87.png 180w, https:\/\/stepienybarno.es\/blog\/wp-content\/uploads\/2015\/01\/red-arquitectura-bioclimatica-stepienybarno-316x152.png 316w\" sizes=\"(max-width: 500px) 100vw, 500px\" \/><\/a><\/p>\n<p align=\"center\"><span style=\"color: #888888;\">Pantallazo buscando \u00a0arquitectura bioclim\u00e1tica<\/span><\/p>\n<p align=\"left\">\n<p align=\"left\">Igualmente importante es <strong>ordenar la informaci\u00f3n<\/strong> que vamos encontrando y tener buenos canales de llegada a ella. En este sentido, para nosotros es importante que nuestra carpeta de favoritos no llegue hasta el infinito. As\u00ed, herramientas como <a href=\"http:\/\/yoriento.com\/2013\/01\/evernote-como-capturar-y-administrar-tu-informacion-con-productividad-762.html\/\">Evernote<\/a> (2), Pocket, Feedly o Pearltress (<a href=\"http:\/\/www.pearltrees.com\/#\/N-u=1_1209370&amp;N-p=74855490&amp;N-s=1_7857329&amp;N-fa=7856261&amp;N-f=1_7856261\">aqu\u00ed<\/a> puedes acceder al nuestro), se hacen cada vez m\u00e1s importantes.<\/p>\n<p align=\"left\">A su vez, la inestabilidad que producen estas p\u00e1ginas y pensar que en cualquier momento pueden desaparecer, como ocurre con <a href=\"http:\/\/www.enriquedans.com\/2013\/03\/adios-reader-hola-feedly.html\">Google Reader<\/a>, es siempre un handicap que parece tenemos que asumir.<\/p>\n<p align=\"left\">Pero, en fin, es lo que hay y es parte de este mundo l\u00edquido y, a veces, gaseoso que nos toca vivir.<\/p>\n<p align=\"left\">A todo lo anteriormente citado, hay que a\u00f1adir que desde el 2005, con la aparici\u00f3n de la <strong>Web social<\/strong>, la red da un giro de 180 grados, ganando muchos enteros en la participaci\u00f3n del usuario; pero, a la vez, se vuelve, para quien no est\u00e1 metido de lleno en \u00e9l, un mundo m\u00e1s laber\u00edntico todav\u00eda.<\/p>\n<p align=\"left\">La gran novedad es que <strong>el internauta ya no es alguien pasivo que encuentra (si tiene suerte) la informaci\u00f3n, <\/strong> sino que, cada uno de nosotros tenemos la posibilidad de interactuar en la red, primero con la aparici\u00f3n de los blogs y m\u00e1s adelante con la eclosi\u00f3n de las redes sociales.<\/p>\n<p align=\"left\">Aun as\u00ed, los arquitectos tienden a no estar muy presentes en la red. Ya veis que las semanas pasadas public\u00e1bamos posts sobre arquitectos y redes sociales (<a href=\"https:\/\/stepienybarno.es\/blog\/2014\/12\/30\/arquitectos-y-twitter\/\">aqu\u00ed<\/a> y <a href=\"https:\/\/stepienybarno.es\/blog\/2015\/01\/08\/arquitectos-y-facebook\/\">aqu\u00ed)<\/a> y, a pesar de que ya estamos unos cuantos por ah\u00ed, en comparaci\u00f3n a otras profesiones, no tenemos una presencia demasiado contundente.<\/p>\n<p align=\"left\">Igualmente, no hay que olvidar que, como no nos cansamos de insistir, <strong>nuestra identidad digital no es algo virtual y la f\u00edsica la real.<\/strong> Ambas son igual de reales e importantes. En este sentido, comentaba <strong><em><a href=\"http:\/\/urbanohumano.org\/\">Domenico Di Siena<\/a><\/em><\/strong> en un art\u00edculo para <a href=\"http:\/\/www.laciudadviva.org\/blogs\/\">La Ciudad Viva<\/a>, \u201cSi analizamos el <a href=\"http:\/\/www.slideshare.net\/stevenvanbelleghem\/social-networks-around-the-world-2010\" target=\"_blank\" rel=\"noopener noreferrer\">crecimiento\u00a0 del uso de las redes sociales en Internert<\/a> creo que podemos ser optimistas. Ante todo por una raz\u00f3n muy concreta: estamos presenciando un proceso de cambio que nos llevar\u00e1 a la desaparici\u00f3n de la actual disociaci\u00f3n entre la identidad digital y la identidad presencial.<br \/>\nEs decir que estamos viendo c\u00f3mo se desarrolla y se potencia una parte de nuestra identidad, la parte digital. <strong>La componente digital de nuestra identidad nos permitir\u00e1 superar los limites relacionales<\/strong> impuestos por los medios de comunicaci\u00f3n de masas: muy pronto seremos todos (o casi) <strong><a href=\"http:\/\/es.wikipedia.org\/wiki\/Prosumidor\" target=\"_blank\" rel=\"noopener noreferrer\"><em>prosumidores<\/em><\/a><\/strong>, es decir, productores y consumidores de informaci\u00f3n.\u201d (3)<\/p>\n<p align=\"left\">Por \u00faltimo, y resumiendo un poco, comentar que, es muy importante que, por un lado, seamos capaces de<strong> compartir<\/strong> con un n\u00famero de personas\u00a0 la informaci\u00f3n a la que accedemos en la red y, por otro, que <strong>facilitemos su b\u00fasqueda digital.<\/strong><\/p>\n<p align=\"left\">As\u00ed, el que la red sea un laberinto y que nosotros estemos a gran distancia de casi todo el mundo y que la valiosa informaci\u00f3n sea pr\u00e1cticamente inaccesible, depender\u00e1, en gran medida, de c\u00f3mo sea nuestra presencia en la red.\u00a0 Por ello, las pr\u00f3ximas entradas de este blog las dedicaremos a temas relacionados con la cultura digital, intentado focalizar el tema en nuestro entorno arquitect\u00f3nico.<\/p>\n<p align=\"left\">Ahora, como siempre, nos encantar\u00eda saber c\u00f3mo veis el tema vosotros!<\/p>\n<p>&nbsp;<\/p>\n<blockquote>\n<p align=\"center\"><strong>Texto:\u00a0 STEPIENYBARNO _ Agnieszka Stepien y Lorenzo Barn\u00f3<\/strong><\/p>\n<\/blockquote>\n<p align=\"left\">\n<p align=\"left\"><span style=\"color: #888888;\">(1) CONTRAautopistas (inform\u00e1ticas)<\/span><\/p>\n<p align=\"left\"><span style=\"color: #888888;\">Por Rafael Iglesia<\/span><\/p>\n<p align=\"left\"><a href=\"http:\/\/edant.clarin.com\/suplementos\/arquitectura\/2010\/01\/12\/a-02117994.htm\"><span style=\"color: #888888;\">http:\/\/edant.clarin.com\/suplementos\/arquitectura\/2010\/01\/12\/a-02117994.htm<\/span><\/a><\/p>\n<p align=\"left\"><span style=\"color: #888888;\">(2)<a title=\"Evernote: c\u00f3mo capturar y administrar tu informaci\u00f3n con productividad (762)\" href=\"http:\/\/yoriento.com\/2013\/01\/evernote-como-capturar-y-administrar-tu-informacion-con-productividad-762.html\/\">Evernote: c\u00f3mo capturar y administrar tu informaci\u00f3n con productividad <\/a><\/span><\/p>\n<p align=\"left\"><a href=\"http:\/\/yoriento.com\/2013\/01\/evernote-como-capturar-y-administrar-tu-informacion-con-productividad-762.html\/\"><span style=\"color: #888888;\">http:\/\/yoriento.com\/2013\/01\/evernote-como-capturar-y-administrar-tu-informacion-con-productividad-762.html\/<\/span><\/a><\/p>\n<p align=\"left\"><span style=\"color: #888888;\">(3)Redes sociales, Identidad digital y espacio p\u00fablico.<\/span><\/p>\n<p align=\"left\"><span style=\"color: #888888;\"><em>Articulo ha sido escrito por<\/em><strong><em> Domenico Di Siena @urbanohumano<\/em><\/strong><em> para el blog \u201c<a href=\"http:\/\/www.laciudadviva.org\/blogs\/?author=40\" target=\"_blank\" rel=\"noopener noreferrer\">La Ciudad Viva<\/a> <\/em> <\/span><\/p>\n<p align=\"left\"><em><a href=\"http:\/\/www.laciudadviva.org\/blogs\/?p=4975\"><span style=\"color: #888888;\">http:\/\/www.laciudadviva.org\/blogs\/?p=4975<\/span><\/a><\/em><\/p>\n<blockquote><p><strong>Post relacionados:<\/strong><\/p>\n<p><a href=\"https:\/\/stepienybarno.es\/blog\/2012\/11\/11\/publicaciones-digitales-de-arquitectos\/\" target=\"_blank\" rel=\"noopener noreferrer\">PUBLICACIONES DIGITALES DE ARQUITECTOS<\/a><\/p>\n<p><a href=\"https:\/\/stepienybarno.es\/blog\/2012\/11\/28\/111-blogs-de-arquitectura\/\">111 BLOGS DE ARQUITECTURA<\/a><\/p>\n<p><a href=\"https:\/\/stepienybarno.es\/blog\/2015\/01\/14\/blogs-de-arquitectura\/#more-15526\" target=\"_blank\" rel=\"noopener noreferrer\">BLOGS DE ARQUITECTURA<\/a><\/p><\/blockquote>\n<p align=\"left\"><a href=\"http:\/\/www.linkedin.com\/company\/stepienybarno\"><em><span style=\"color: #888888;\">STEPIENYBARNO EN LINKEDIN<\/span><\/em><\/a><\/p>\n<p align=\"left\"><a href=\"http:\/\/twitter.com\/stepienybarno\/stepienybarno\"><em><span style=\"color: #888888;\">STEPIENYBARNO EN TWITTER<\/span><\/em><\/a><\/p>\n<p align=\"left\"><a href=\"https:\/\/www.facebook.com\/pages\/BLOG-DE-STEPIENYBARNO\/78001079029\"><em><span style=\"color: #888888;\">STEPIENYBARNO EN FACEBOOK<\/span><\/em><\/a><\/p>\n<p align=\"left\"><em><span style=\"color: #888888;\">*Stepienybarno est\u00e1 formado por Agnieszka Stepien y Lorenzo Barn\u00f3 y desde mayo del 2009 estamos en la red con\u00a0 la presente publicaci\u00f3n digital (Blog) de arquitectura.<\/span><\/em><\/p>\n<p align=\"left\"><em><span style=\"color: #888888;\">Nuestra actividad se sustenta en tres pilares b\u00e1sicos: la investigaci\u00f3n, la publicaci\u00f3n (comunicaci\u00f3n y difusi\u00f3n) y la redacci\u00f3n de proyectos de arquitectura.<\/span><\/em><\/p>\n<p align=\"left\"><em><span style=\"color: #888888;\">A su vez, somos socios cofundadores de <a href=\"http:\/\/sinergiasostenible.org\/\">SINERGIA SOSTENIBLE<\/a> y redactores de <a href=\"http:\/\/www.laciudadviva.org\/blogs\/?author=45\">LA CIUDAD VIVA<\/a>.<\/span><\/em><\/p>\n<p align=\"left\"><em><span style=\"color: #888888;\">* Los editores de esta publicaci\u00f3n digital no nos hacemos cargo de de los comentarios y\u00a0 conceptos vertidos en los textos firmados por otras personas, siendo \u00e9stos de responsabilidad exclusiva de sus autores.<\/span><\/em><\/p>\n<p><em><span style=\"color: #888888;\">* Tu comentario podr\u00e1 ser moderado, por lo tanto, aunque aparezca inmediatamente al ser publicado en la entrada, los editores de esta publicaci\u00f3n digital nos reservamos el derecho tanto de editarlo (si fuera necesario, para hacerlo m\u00e1s legible) como de eliminarlo en el caso de que se usen expresiones incorrectas (descalificaciones, palabras malsonantes\u2026). A su vez, si quieres comentar desde el anonimato puedes hacerlo, aunque, nosotros personalmente, agradecemos que tod@s nos podamos identificar.<\/span><\/em><\/p>\n","protected":false},"excerpt":{"rendered":"<p>Despu\u00e9s de las \u00faltimas entradas, en las que habl\u00e1bamos de c\u00f3mo nos iba a los arquitectos en las redes sociales y blogs de arquitectura, ahora cambiamos de escala y nos vamos a meter con un tema m\u00e1s general.<\/p>\n<p>Lo mejor de la red es que podemos acceder a una ingente cantidad de informaci\u00f3n a un solo click de distancia. Sin embargo, esta misma revoluci\u00f3n que supuso Internet, a veces, se convierte en su principal h\u00e1ndicap, pues los propios \u00e1rboles pueden llegar a cegar el bosque.<\/p>\n<p>Sobre la excesiva dependencia que tenemos del buscador de google y de c\u00f3mo y d\u00f3nde organizamos la informaci\u00f3n, va la entrada de hoy.<\/p>\n<p>(m\u00e1s&#8230;)<\/p>\n","protected":false},"author":2,"featured_media":15598,"comment_status":"open","ping_status":"closed","sticky":false,"template":"","format":"standard","meta":{"om_disable_all_campaigns":false,"_monsterinsights_skip_tracking":false,"_monsterinsights_sitenote_active":false,"_monsterinsights_sitenote_note":"","_monsterinsights_sitenote_category":0,"_uf_show_specific_survey":0,"_uf_disable_surveys":false,"episode_type":"audio","audio_file":"","cover_image":"","cover_image_id":"","duration":"","filesize":"","date_recorded":"","explicit":"","block":"","filesize_raw":"","footnotes":""},"categories":[34,22],"tags":[33,1384,149],"series":[],"class_list":["post-15596","post","type-post","status-publish","format-standard","has-post-thumbnail","hentry","category-actualidad","category-identidad-digital-syb","tag-blog","tag-comunicacion","tag-redes-sociales"],"aioseo_notices":[],"episode_featured_image":"https:\/\/stepienybarno.es\/blog\/wp-content\/uploads\/2015\/01\/ALDO-VAN-eyck-STEPIENYBARNO.gif","episode_player_image":"https:\/\/stepienybarno.es\/blog\/wp-content\/uploads\/2020\/11\/stepienybarno-podcast-scaled.jpg","download_link":"","player_link":"","audio_player":false,"episode_data":{"playerMode":"dark","subscribeUrls":[],"rssFeedUrl":"https:\/\/stepienybarno.es\/blog\/feed\/podcast\/podcast-de-stepienybarno","embedCode":"<blockquote class=\"wp-embedded-content\" data-secret=\"z5PP55mwrB\"><a href=\"https:\/\/stepienybarno.es\/blog\/2015\/01\/21\/un-laberinto-en-la-red\/\">UN  LABERINTO EN LA RED<\/a><\/blockquote><iframe sandbox=\"allow-scripts\" security=\"restricted\" src=\"https:\/\/stepienybarno.es\/blog\/2015\/01\/21\/un-laberinto-en-la-red\/embed\/#?secret=z5PP55mwrB\" width=\"500\" height=\"350\" title=\"\u00abUN  LABERINTO EN LA RED\u00bb \u2014 Blog de STEPIEN Y BARNO - publicaci\u00f3n digital sobre arquitectura\" data-secret=\"z5PP55mwrB\" frameborder=\"0\" marginwidth=\"0\" marginheight=\"0\" scrolling=\"no\" class=\"wp-embedded-content\"><\/iframe><script type=\"text\/javascript\">\n\/* <![CDATA[ *\/\n\/*! This file is auto-generated *\/\n!function(d,l){\"use strict\";l.querySelector&&d.addEventListener&&\"undefined\"!=typeof URL&&(d.wp=d.wp||{},d.wp.receiveEmbedMessage||(d.wp.receiveEmbedMessage=function(e){var t=e.data;if((t||t.secret||t.message||t.value)&&!\/[^a-zA-Z0-9]\/.test(t.secret)){for(var s,r,n,a=l.querySelectorAll('iframe[data-secret=\"'+t.secret+'\"]'),o=l.querySelectorAll('blockquote[data-secret=\"'+t.secret+'\"]'),c=new RegExp(\"^https?:$\",\"i\"),i=0;i<o.length;i++)o[i].style.display=\"none\";for(i=0;i<a.length;i++)s=a[i],e.source===s.contentWindow&&(s.removeAttribute(\"style\"),\"height\"===t.message?(1e3<(r=parseInt(t.value,10))?r=1e3:~~r<200&&(r=200),s.height=r):\"link\"===t.message&&(r=new URL(s.getAttribute(\"src\")),n=new URL(t.value),c.test(n.protocol))&&n.host===r.host&&l.activeElement===s&&(d.top.location.href=t.value))}},d.addEventListener(\"message\",d.wp.receiveEmbedMessage,!1),l.addEventListener(\"DOMContentLoaded\",function(){for(var e,t,s=l.querySelectorAll(\"iframe.wp-embedded-content\"),r=0;r<s.length;r++)(t=(e=s[r]).getAttribute(\"data-secret\"))||(t=Math.random().toString(36).substring(2,12),e.src+=\"#?secret=\"+t,e.setAttribute(\"data-secret\",t)),e.contentWindow.postMessage({message:\"ready\",secret:t},\"*\")},!1)))}(window,document);\n\/* ]]> *\/\n<\/script>\n"},"_links":{"self":[{"href":"https:\/\/stepienybarno.es\/blog\/wp-json\/wp\/v2\/posts\/15596"}],"collection":[{"href":"https:\/\/stepienybarno.es\/blog\/wp-json\/wp\/v2\/posts"}],"about":[{"href":"https:\/\/stepienybarno.es\/blog\/wp-json\/wp\/v2\/types\/post"}],"author":[{"embeddable":true,"href":"https:\/\/stepienybarno.es\/blog\/wp-json\/wp\/v2\/users\/2"}],"replies":[{"embeddable":true,"href":"https:\/\/stepienybarno.es\/blog\/wp-json\/wp\/v2\/comments?post=15596"}],"version-history":[{"count":3,"href":"https:\/\/stepienybarno.es\/blog\/wp-json\/wp\/v2\/posts\/15596\/revisions"}],"predecessor-version":[{"id":41413,"href":"https:\/\/stepienybarno.es\/blog\/wp-json\/wp\/v2\/posts\/15596\/revisions\/41413"}],"wp:featuredmedia":[{"embeddable":true,"href":"https:\/\/stepienybarno.es\/blog\/wp-json\/wp\/v2\/media\/15598"}],"wp:attachment":[{"href":"https:\/\/stepienybarno.es\/blog\/wp-json\/wp\/v2\/media?parent=15596"}],"wp:term":[{"taxonomy":"category","embeddable":true,"href":"https:\/\/stepienybarno.es\/blog\/wp-json\/wp\/v2\/categories?post=15596"},{"taxonomy":"post_tag","embeddable":true,"href":"https:\/\/stepienybarno.es\/blog\/wp-json\/wp\/v2\/tags?post=15596"},{"taxonomy":"series","embeddable":true,"href":"https:\/\/stepienybarno.es\/blog\/wp-json\/wp\/v2\/series?post=15596"}],"curies":[{"name":"wp","href":"https:\/\/api.w.org\/{rel}","templated":true}]}}