{"id":1566,"date":"2009-12-13T23:17:43","date_gmt":"2009-12-13T21:17:43","guid":{"rendered":"https:\/\/www.stepienybarno.es\/blog\/?p=1566"},"modified":"2014-05-15T20:52:46","modified_gmt":"2014-05-15T18:52:46","slug":"el-lenguaje-de-los-arquitectos-12","status":"publish","type":"post","link":"https:\/\/stepienybarno.es\/blog\/2009\/12\/13\/el-lenguaje-de-los-arquitectos-12\/","title":{"rendered":"EL LENGUAJE DE LOS ARQUITECTOS 1\/2"},"content":{"rendered":"<p align=\"left\">\u00a0\u00a0\u00a0\u00a0\u00a0\u00a0<\/p>\n<p align=\"center\"><img loading=\"lazy\" decoding=\"async\" class=\"aligncenter size-full wp-image-1567\" title=\"no entiendo 350\" src=\"https:\/\/stepienybarno.es\/blog\/wp-content\/uploads\/2009\/12\/no-entiendo-350-.jpg\" alt=\"no entiendo 350\" width=\"350\" height=\"350\" srcset=\"https:\/\/stepienybarno.es\/blog\/wp-content\/uploads\/2009\/12\/no-entiendo-350-.jpg 350w, https:\/\/stepienybarno.es\/blog\/wp-content\/uploads\/2009\/12\/no-entiendo-350--180x180.jpg 180w, https:\/\/stepienybarno.es\/blog\/wp-content\/uploads\/2009\/12\/no-entiendo-350--224x224.jpg 224w, https:\/\/stepienybarno.es\/blog\/wp-content\/uploads\/2009\/12\/no-entiendo-350--316x316.jpg 316w\" sizes=\"(max-width: 350px) 100vw, 350px\" \/><\/p>\n<p align=\"left\">\u00a0<\/p>\n<p align=\"left\">\u00bfPor qu\u00e9 cuando hablan ciertos\u00a0 arquitectos no se les entiende pr\u00e1cticamente nada de lo que quieren decir y ni siquiera otros arquitectos somos capaces de saber por donde van los tiros? \u00bfY qu\u00e9 pasa cuando una persona ajena a la arquitectura oye hablar a los arquitectos \u201cde sus cosas\u201d?. De este tipo de situaciones va el art\u00edculo de hoy. Esperamos ser capaces de que alguien nos entienda!<\/p>\n<p align=\"left\">\u00a0<\/p>\n<p align=\"left\">\u00a0<!--more--><\/p>\n<p align=\"left\">\u00a0<\/p>\n<p>Comenta Emili Donato,<\/p>\n<p>\u00a0<\/p>\n<blockquote><p>\u00a0\u201cla arquitectura ni es, ni se comporta como un lenguaje; no explica, no narra historias, ni ofrece argumentos y si lo hace har\u00e1 el rid\u00edculo. La arquitectura trata temas y presencias que expresan ideas o valores de un modo muy general y siempre \u00a0directo, sin mediaciones literarias o discursivas\u201d. \u00a0<\/p><\/blockquote>\n<p>\u00a0<\/p>\n<p>Este concepto va de la mano del \u00a0planteamiento plat\u00f3nico, que ya nos avisaba que el lenguaje existe y se manifiesta en una sola direcci\u00f3n y puede jugar con su temporalidad, mientras que el espacio funciona en todas las direcciones y su tiempo es siempre hac\u00eda delante. Por lo que la correlaci\u00f3n entre ambos es m\u00e1s complicada de lo que en un principio pudiera \u00a0parecer.\u00a0 A pesar de ello, los arquitectos nos empa\u00f1amos en narrar lo que la arquitectura deber\u00eda estar contando por ella misma. Y lo peor de todo, no es que hablemos de lo que nos ronda por la cabeza mientras se plantea el proyecto, lo peor es que en muchos casos no sabemos traducir correctamente estas ideas a palabras que sean entendibles para el com\u00fan de los mortales.<\/p>\n<p align=\"left\">\u00a0<\/p>\n<p align=\"left\">Conviene recordar, que la arquitectura no se hace para nosotros los arquitectos, sino para el resto de la gente. Este concepto que parece una obviedad, a veces se le olvida a m\u00e1s de uno. As\u00ed que cuando el arquitecto se enfrenta a un cliente o a un p\u00fablico no docto en la disciplina \u00bfen que idioma les habla? Creemos que por desgracia se tiene cierta tendencia a hablar <a href=\"http:\/\/arquitextonica.net\/2009\/03\/04\/es-el-momento-de-la-arquitectura-con-minusculas\/\">\u201cen arquitecto\u201d, <\/a>como bien se insiste desde <a href=\"http:\/\/arquitextonica.net\/\">arquitextonica<\/a>.<\/p>\n<p align=\"left\">\u00a0<\/p>\n<p align=\"left\">Pero \u00bfqu\u00e9 entiende un particular, que tiene la inocente pretensi\u00f3n de hacerse una casita tradicional (que bien pudiera ser de estilo r\u00fastico) con su porche y su piscina, cuando el arquitecto presa de sus insititos le deleita con un lenguaje que le es totalmente ajeno? Qu\u00e9 pensar\u00e1 del arquitecto cuando \u00e9ste se arranque \u00a0con frases de corte un tanto endog\u00e1mico tipo: \u201cel edificio quedar\u00e1 fuera de escala\u201d o el t\u00edpico \u201cas\u00ed los dos vol\u00famenes pueden entablar un di\u00e1logo entre s\u00ed\u201d o la no menos habitual \u201c\u00e9sta es la forma de que la arquitectura quede enraizada y \u00a0se agarre al suelo\u201d?<\/p>\n<p align=\"left\">Mucho nos tememos, que estos comentarios no har\u00e1n otra cosa que hacer pensar al cliente que se encuentra ante \u201cel artista de turno\u201d, que seguramente manejar\u00e1 los ahorros de toda su vida (pasada y futura), de manera demasiado alegre e irresponsable.<\/p>\n<p align=\"left\">\u00a0<\/p>\n<p align=\"left\">Otro aspecto del lenguaje arquitect\u00f3nico, es el del\u00a0 \u201cmetalenguaje\u201d. Que no es otra cosa que la palabrer\u00eda que algunos arquitectos inventan para hacernos ver lo instruidos y le\u00eddos que son. Aunque la realidad sea, que muchas veces ni ellos mismos saben lo que est\u00e1n diciendo. Ante este tipo de situaciones, nosotros tenemos cierta tendencia a la evasi\u00f3n. Ni nos va ni nos viene, m\u00e1s bien se pudiera decir, que no nos interesa demasiado aquello que en un tiempo razonable, no hemos sido capaces de entender.<\/p>\n<p align=\"left\">\u00a0<\/p>\n<p align=\"left\">Y no nos queremos extender m\u00e1s sobre el tema, porque seguro que vosotros ten\u00e9is mucho que contarnos sobre palabra y palabrer\u00eda en la arquitectura.<\/p>\n<p align=\"left\">\u00a0<\/p>\n","protected":false},"excerpt":{"rendered":"<p>\u00bfPor qu\u00e9 cuando hablan ciertos  arquitectos no se les entiende pr\u00e1cticamente nada de lo que quieren decir y ni siquiera otros arquitectos somos capaces de saber por donde van los tiros? \u00bfY qu\u00e9 pasa cuando una persona ajena a la arquitectura oye hablar a los arquitectos \u201cde sus cosas\u201d?. De este tipo de situaciones va el art\u00edculo de hoy. Esperamos ser capaces de que alguien nos entienda!<\/p>\n","protected":false},"author":2,"featured_media":0,"comment_status":"open","ping_status":"closed","sticky":false,"template":"","format":"standard","meta":{"om_disable_all_campaigns":false,"_monsterinsights_skip_tracking":false,"_monsterinsights_sitenote_active":false,"_monsterinsights_sitenote_note":"","_monsterinsights_sitenote_category":0,"_uf_show_specific_survey":0,"_uf_disable_surveys":false,"episode_type":"","audio_file":"","cover_image":"","cover_image_id":"","duration":"","filesize":"","date_recorded":"","explicit":"","block":"","filesize_raw":"","footnotes":""},"categories":[34,4,2976],"tags":[9,52],"series":[],"class_list":["post-1566","post","type-post","status-publish","format-standard","hentry","category-actualidad","category-arquilectura","category-profesion-arquitecto","tag-arquitectura","tag-la-profesion-de-arquitecto"],"aioseo_notices":[],"episode_featured_image":false,"episode_player_image":"https:\/\/stepienybarno.es\/blog\/wp-content\/uploads\/2020\/11\/stepienybarno-podcast-scaled.jpg","download_link":"","player_link":"","audio_player":false,"episode_data":{"playerMode":"dark","subscribeUrls":[],"rssFeedUrl":"https:\/\/stepienybarno.es\/blog\/feed\/podcast\/podcast-de-stepienybarno","embedCode":"<blockquote class=\"wp-embedded-content\" data-secret=\"VITXHNHEND\"><a href=\"https:\/\/stepienybarno.es\/blog\/2009\/12\/13\/el-lenguaje-de-los-arquitectos-12\/\">EL LENGUAJE DE LOS ARQUITECTOS 1\/2<\/a><\/blockquote><iframe sandbox=\"allow-scripts\" security=\"restricted\" src=\"https:\/\/stepienybarno.es\/blog\/2009\/12\/13\/el-lenguaje-de-los-arquitectos-12\/embed\/#?secret=VITXHNHEND\" width=\"500\" height=\"350\" title=\"\u00abEL LENGUAJE DE LOS ARQUITECTOS 1\/2\u00bb \u2014 Blog de STEPIEN Y BARNO - publicaci\u00f3n digital sobre arquitectura\" data-secret=\"VITXHNHEND\" frameborder=\"0\" marginwidth=\"0\" marginheight=\"0\" scrolling=\"no\" class=\"wp-embedded-content\"><\/iframe><script type=\"text\/javascript\">\n\/* <![CDATA[ *\/\n\/*! This file is auto-generated *\/\n!function(d,l){\"use strict\";l.querySelector&&d.addEventListener&&\"undefined\"!=typeof URL&&(d.wp=d.wp||{},d.wp.receiveEmbedMessage||(d.wp.receiveEmbedMessage=function(e){var t=e.data;if((t||t.secret||t.message||t.value)&&!\/[^a-zA-Z0-9]\/.test(t.secret)){for(var s,r,n,a=l.querySelectorAll('iframe[data-secret=\"'+t.secret+'\"]'),o=l.querySelectorAll('blockquote[data-secret=\"'+t.secret+'\"]'),c=new RegExp(\"^https?:$\",\"i\"),i=0;i<o.length;i++)o[i].style.display=\"none\";for(i=0;i<a.length;i++)s=a[i],e.source===s.contentWindow&&(s.removeAttribute(\"style\"),\"height\"===t.message?(1e3<(r=parseInt(t.value,10))?r=1e3:~~r<200&&(r=200),s.height=r):\"link\"===t.message&&(r=new URL(s.getAttribute(\"src\")),n=new URL(t.value),c.test(n.protocol))&&n.host===r.host&&l.activeElement===s&&(d.top.location.href=t.value))}},d.addEventListener(\"message\",d.wp.receiveEmbedMessage,!1),l.addEventListener(\"DOMContentLoaded\",function(){for(var e,t,s=l.querySelectorAll(\"iframe.wp-embedded-content\"),r=0;r<s.length;r++)(t=(e=s[r]).getAttribute(\"data-secret\"))||(t=Math.random().toString(36).substring(2,12),e.src+=\"#?secret=\"+t,e.setAttribute(\"data-secret\",t)),e.contentWindow.postMessage({message:\"ready\",secret:t},\"*\")},!1)))}(window,document);\n\/* ]]> *\/\n<\/script>\n"},"_links":{"self":[{"href":"https:\/\/stepienybarno.es\/blog\/wp-json\/wp\/v2\/posts\/1566"}],"collection":[{"href":"https:\/\/stepienybarno.es\/blog\/wp-json\/wp\/v2\/posts"}],"about":[{"href":"https:\/\/stepienybarno.es\/blog\/wp-json\/wp\/v2\/types\/post"}],"author":[{"embeddable":true,"href":"https:\/\/stepienybarno.es\/blog\/wp-json\/wp\/v2\/users\/2"}],"replies":[{"embeddable":true,"href":"https:\/\/stepienybarno.es\/blog\/wp-json\/wp\/v2\/comments?post=1566"}],"version-history":[{"count":3,"href":"https:\/\/stepienybarno.es\/blog\/wp-json\/wp\/v2\/posts\/1566\/revisions"}],"predecessor-version":[{"id":1569,"href":"https:\/\/stepienybarno.es\/blog\/wp-json\/wp\/v2\/posts\/1566\/revisions\/1569"}],"wp:attachment":[{"href":"https:\/\/stepienybarno.es\/blog\/wp-json\/wp\/v2\/media?parent=1566"}],"wp:term":[{"taxonomy":"category","embeddable":true,"href":"https:\/\/stepienybarno.es\/blog\/wp-json\/wp\/v2\/categories?post=1566"},{"taxonomy":"post_tag","embeddable":true,"href":"https:\/\/stepienybarno.es\/blog\/wp-json\/wp\/v2\/tags?post=1566"},{"taxonomy":"series","embeddable":true,"href":"https:\/\/stepienybarno.es\/blog\/wp-json\/wp\/v2\/series?post=1566"}],"curies":[{"name":"wp","href":"https:\/\/api.w.org\/{rel}","templated":true}]}}