{"id":15697,"date":"2015-01-29T10:16:08","date_gmt":"2015-01-29T08:16:08","guid":{"rendered":"https:\/\/www.stepienybarno.es\/blog\/?p=15697"},"modified":"2015-01-28T23:18:29","modified_gmt":"2015-01-28T21:18:29","slug":"una-casa-en-finlandia-la-fantasia-y-la-memoria","status":"publish","type":"post","link":"https:\/\/stepienybarno.es\/blog\/2015\/01\/29\/una-casa-en-finlandia-la-fantasia-y-la-memoria\/","title":{"rendered":"UNA CASA EN FINLANDIA. LA FANTAS\u00cdA Y LA MEMORIA"},"content":{"rendered":"<p style=\"text-align: center;\"><a href=\"https:\/\/stepienybarno.es\/blog\/wp-content\/uploads\/2015\/01\/Stepienybarno-Borja-L\u00f3pez-Cotelo.jpg\"><img loading=\"lazy\" decoding=\"async\" class=\"alignnone size-medium wp-image-15698\" title=\"Stepienybarno- Borja L\u00f3pez Cotelo\" src=\"https:\/\/stepienybarno.es\/blog\/wp-content\/uploads\/2015\/01\/Stepienybarno-Borja-L\u00f3pez-Cotelo-350x225.jpg\" alt=\"Stepienybarno- Borja L\u00f3pez Cotelo\" width=\"350\" height=\"225\" \/><\/a><\/p>\n<p>Por Borja L\u00f3pez Cotelo<\/p>\n<p>Desde Veredes.<\/p>\n<p><!--more--><\/p>\n<p>\u201c(\u2026) Cuando llegu\u00e9 a casa, abr\u00ed con curiosidad mi \u00fanico libro sobre Alvar Aalto. En una de sus p\u00e1ginas encontr\u00e9 un croquis de la vivienda en Muuratsalo, aqu\u00e9lla que hab\u00eda encontrado entre las con\u00edferas d\u00edas antes. Comprob\u00e9 que el dibujo recordaba a aqu\u00e9l que Aalto hab\u00eda hecho en Sicilia: el punto de vista enfatizaba la posici\u00f3n del edificio en el paisaje, colocado en lo alto de un cerro. La casa se mostraba \u2013como el templo- desde una cierta distancia y reducida a sus l\u00edneas esenciales.\u201d<\/p>\n<blockquote>\n<p style=\"text-align: center;\"><strong>Acceder al post, <a href=\"http:\/\/veredes.es\/blog\/una-casa-en-finlandia-la-fantasia-y-la-memoria-borja-lopez-cotelo\/\">aqu\u00ed.<\/a><\/strong><\/p>\n<p style=\"text-align: center;\"><em>Fotograf\u00eda: Chen Yu Ching<\/em><\/p>\n<\/blockquote>\n<p align=\"left\"><span style=\"color: #888888;\"><em>Noticia seleccionada por el Canal de arquitectura STEPIENYBARNO.<\/em><\/span><\/p>\n<p><a href=\"https:\/\/twitter.com\/stepienybarno\"><span style=\"color: #888888;\"><em>STEPIENYBARNO EN TWITTER _ @stepienybarno<\/em><\/span><\/a><\/p>\n<p align=\"left\"><a href=\"http:\/\/www.linkedin.com\/company\/stepienybarno\"><span style=\"color: #888888;\"><em>STEPIENYBARNO EN LINKEDIN<\/em><\/span><\/a><\/p>\n<p align=\"left\"><a href=\"https:\/\/www.facebook.com\/pages\/BLOG-DE-STEPIENYBARNO\/78001079029\"><span style=\"color: #888888;\"><em>STEPIENYBARNO EN FACEBOOK<\/em><\/span><\/a><\/p>\n<p align=\"left\"><span style=\"color: #888888;\"><em>*Stepienybarno est\u00e1 formado por Agnieszka Stepien y Lorenzo Barn\u00f3 y desde mayo del 2009 estamos en la red con\u00a0 la presente publicaci\u00f3n digital (Blog) de arquitectura.<\/em><\/span><\/p>\n<p align=\"left\"><span style=\"color: #888888;\"><em>Nuestra actividad se sustenta en tres pilares b\u00e1sicos: la investigaci\u00f3n, la publicaci\u00f3n (comunicaci\u00f3n y difusi\u00f3n) y la redacci\u00f3n de proyectos de arquitectura.<\/em><\/span><\/p>\n<p align=\"left\"><span style=\"color: #888888;\"><em>A su vez, somos socios cofundadores de <a href=\"http:\/\/sinergiasostenible.org\/\">SINERGIA SOSTENIBLE<\/a> y redactores de <a href=\"http:\/\/www.laciudadviva.org\/blogs\/?author=45\">LA CIUDAD VIVA<\/a>.<\/em><\/span><\/p>\n<p align=\"left\"><span style=\"color: #888888;\"><em>* Los editores de esta publicaci\u00f3n digital no nos hacemos cargo de de los comentarios y\u00a0 conceptos vertidos en los textos firmados por otras personas, siendo \u00e9stos de responsabilidad exclusiva de sus autores.<\/em><\/span><\/p>\n<p align=\"left\"><span style=\"color: #888888;\"><em>* Tu comentario podr\u00e1 ser moderado, por lo tanto, aunque aparezca inmediatamente al ser publicado en la entrada, los editores de esta publicaci\u00f3n digital nos reservamos el derecho tanto de editarlo (si fuera necesario, para hacerlo m\u00e1s legible) como de eliminarlo en el caso de que se usen expresiones incorrectas (descalificaciones, palabras malsonantes\u2026). A su vez, si quieres comentar desde el anonimato puedes hacerlo, aunque, nosotros personalmente, agradecemos que tod@s nos podamos identificar.<\/em><\/span><\/p>\n","protected":false},"excerpt":{"rendered":"<p>Por Borja L\u00f3pez Cotelo<\/p>\n<p>Desde Veredes.<\/p>\n<p>(m\u00e1s&#8230;)<\/p>\n","protected":false},"author":2,"featured_media":0,"comment_status":"open","ping_status":"closed","sticky":false,"template":"","format":"standard","meta":{"om_disable_all_campaigns":false,"_monsterinsights_skip_tracking":false,"_monsterinsights_sitenote_active":false,"_monsterinsights_sitenote_note":"","_monsterinsights_sitenote_category":0,"_uf_show_specific_survey":0,"_uf_disable_surveys":false,"episode_type":"","audio_file":"","cover_image":"","cover_image_id":"","duration":"","filesize":"","date_recorded":"","explicit":"","block":"","filesize_raw":"","footnotes":""},"categories":[34,244],"tags":[125,1854,3298,3297,2765],"series":[],"class_list":["post-15697","post","type-post","status-publish","format-standard","hentry","category-actualidad","category-canal-de-arquitectura","tag-alvar-aalto","tag-borja-lopez-cotelo","tag-chen-yu-ching","tag-muuratsalo","tag-veredes-arquitectura-y-divulgacion"],"aioseo_notices":[],"episode_featured_image":false,"episode_player_image":"https:\/\/stepienybarno.es\/blog\/wp-content\/uploads\/2020\/11\/stepienybarno-podcast-scaled.jpg","download_link":"","player_link":"","audio_player":false,"episode_data":{"playerMode":"dark","subscribeUrls":[],"rssFeedUrl":"https:\/\/stepienybarno.es\/blog\/feed\/podcast\/podcast-de-stepienybarno","embedCode":"<blockquote class=\"wp-embedded-content\" data-secret=\"nm35wgxfHL\"><a href=\"https:\/\/stepienybarno.es\/blog\/2015\/01\/29\/una-casa-en-finlandia-la-fantasia-y-la-memoria\/\">UNA CASA EN FINLANDIA. LA FANTAS\u00cdA Y LA MEMORIA<\/a><\/blockquote><iframe sandbox=\"allow-scripts\" security=\"restricted\" src=\"https:\/\/stepienybarno.es\/blog\/2015\/01\/29\/una-casa-en-finlandia-la-fantasia-y-la-memoria\/embed\/#?secret=nm35wgxfHL\" width=\"500\" height=\"350\" title=\"\u00abUNA CASA EN FINLANDIA. LA FANTAS\u00cdA Y LA MEMORIA\u00bb \u2014 Blog de STEPIEN Y BARNO - publicaci\u00f3n digital sobre arquitectura\" data-secret=\"nm35wgxfHL\" frameborder=\"0\" marginwidth=\"0\" marginheight=\"0\" scrolling=\"no\" class=\"wp-embedded-content\"><\/iframe><script type=\"text\/javascript\">\n\/* <![CDATA[ *\/\n\/*! This file is auto-generated *\/\n!function(d,l){\"use strict\";l.querySelector&&d.addEventListener&&\"undefined\"!=typeof URL&&(d.wp=d.wp||{},d.wp.receiveEmbedMessage||(d.wp.receiveEmbedMessage=function(e){var t=e.data;if((t||t.secret||t.message||t.value)&&!\/[^a-zA-Z0-9]\/.test(t.secret)){for(var s,r,n,a=l.querySelectorAll('iframe[data-secret=\"'+t.secret+'\"]'),o=l.querySelectorAll('blockquote[data-secret=\"'+t.secret+'\"]'),c=new RegExp(\"^https?:$\",\"i\"),i=0;i<o.length;i++)o[i].style.display=\"none\";for(i=0;i<a.length;i++)s=a[i],e.source===s.contentWindow&&(s.removeAttribute(\"style\"),\"height\"===t.message?(1e3<(r=parseInt(t.value,10))?r=1e3:~~r<200&&(r=200),s.height=r):\"link\"===t.message&&(r=new URL(s.getAttribute(\"src\")),n=new URL(t.value),c.test(n.protocol))&&n.host===r.host&&l.activeElement===s&&(d.top.location.href=t.value))}},d.addEventListener(\"message\",d.wp.receiveEmbedMessage,!1),l.addEventListener(\"DOMContentLoaded\",function(){for(var e,t,s=l.querySelectorAll(\"iframe.wp-embedded-content\"),r=0;r<s.length;r++)(t=(e=s[r]).getAttribute(\"data-secret\"))||(t=Math.random().toString(36).substring(2,12),e.src+=\"#?secret=\"+t,e.setAttribute(\"data-secret\",t)),e.contentWindow.postMessage({message:\"ready\",secret:t},\"*\")},!1)))}(window,document);\n\/* ]]> *\/\n<\/script>\n"},"_links":{"self":[{"href":"https:\/\/stepienybarno.es\/blog\/wp-json\/wp\/v2\/posts\/15697"}],"collection":[{"href":"https:\/\/stepienybarno.es\/blog\/wp-json\/wp\/v2\/posts"}],"about":[{"href":"https:\/\/stepienybarno.es\/blog\/wp-json\/wp\/v2\/types\/post"}],"author":[{"embeddable":true,"href":"https:\/\/stepienybarno.es\/blog\/wp-json\/wp\/v2\/users\/2"}],"replies":[{"embeddable":true,"href":"https:\/\/stepienybarno.es\/blog\/wp-json\/wp\/v2\/comments?post=15697"}],"version-history":[{"count":2,"href":"https:\/\/stepienybarno.es\/blog\/wp-json\/wp\/v2\/posts\/15697\/revisions"}],"predecessor-version":[{"id":15700,"href":"https:\/\/stepienybarno.es\/blog\/wp-json\/wp\/v2\/posts\/15697\/revisions\/15700"}],"wp:attachment":[{"href":"https:\/\/stepienybarno.es\/blog\/wp-json\/wp\/v2\/media?parent=15697"}],"wp:term":[{"taxonomy":"category","embeddable":true,"href":"https:\/\/stepienybarno.es\/blog\/wp-json\/wp\/v2\/categories?post=15697"},{"taxonomy":"post_tag","embeddable":true,"href":"https:\/\/stepienybarno.es\/blog\/wp-json\/wp\/v2\/tags?post=15697"},{"taxonomy":"series","embeddable":true,"href":"https:\/\/stepienybarno.es\/blog\/wp-json\/wp\/v2\/series?post=15697"}],"curies":[{"name":"wp","href":"https:\/\/api.w.org\/{rel}","templated":true}]}}