{"id":15725,"date":"2015-02-02T09:35:15","date_gmt":"2015-02-02T07:35:15","guid":{"rendered":"https:\/\/www.stepienybarno.es\/blog\/?p=15725"},"modified":"2015-02-02T09:35:15","modified_gmt":"2015-02-02T07:35:15","slug":"proyectodeldia","status":"publish","type":"post","link":"https:\/\/stepienybarno.es\/blog\/2015\/02\/02\/proyectodeldia\/","title":{"rendered":"#ProyectoDelDia"},"content":{"rendered":"<p style=\"text-align: center;\"><a href=\"https:\/\/stepienybarno.es\/blog\/wp-content\/uploads\/2015\/02\/Stepienybarno-blog-ProyectoDelDia.png\"><img loading=\"lazy\" decoding=\"async\" class=\"alignnone size-medium wp-image-15726\" title=\"Stepienybarno-blog-#ProyectoDelDia\" src=\"https:\/\/stepienybarno.es\/blog\/wp-content\/uploads\/2015\/02\/Stepienybarno-blog-ProyectoDelDia-350x262.png\" alt=\"Stepienybarno-blog-#ProyectoDelDia\" width=\"350\" height=\"262\" \/><\/a><\/p>\n<p>Cada vez nos encontramos con m\u00e1s arquitectos que nos vienen a decir que \u201cesto de la red est\u00e1 muy bien (antes no lo ten\u00edan tan claro), pero que hay demasiada informaci\u00f3n\u201d y se vuelven locos a hora saber a qui\u00e9n o qu\u00e9 seguir. Por eso, solemos hacer post con listas, tipo \u201cLos 100 perfiles m\u00e1s\u2026\u201d, creemos que son \u00fatiles y, d\u00e1ndoles el peso que tienen, ni m\u00e1s ni menos, tienen su sentido.<\/p>\n<p>As\u00ed, desde hace algo m\u00e1s de un mes, en el canal del blog (columna de la izquierda), hemos arrancado con una nueva secci\u00f3n, #ProyectoDelDia, que intenta ir destacando alguno de las decenas de proyectos que publican casi a diario.<\/p>\n<p><!--more--><\/p>\n<p>\u00bfSignifica esto que el proyecto seleccionado tiene que estar publicado en el mismo d\u00eda? Pues no, solo quiere decir que es el proyecto que, desde Stepienybarno, hemos decidido destacar ese d\u00eda. Normalmente, estar\u00e1 publicado recientemente, pero no siempre; a veces, publicaremos alg\u00fan proyecto que ya est\u00e1 cogiendo polvo digital hace tiempo.<\/p>\n<p>As\u00ed, intentaremos tener el blog fresquito de proyectos m\u00e1s o menos actuales y que, en nuestra, opini\u00f3n valen la pena echar un ojo.<\/p>\n<p>Ya nos contareis que os parece la nueva secci\u00f3n del blog.<\/p>\n<blockquote><p>Si quieres acceder a la secci\u00f3n, lo puedes hacer aqu\u00ed:<\/p>\n<p align=\"left\">#ProyectoDelDia<\/p>\n<p align=\"left\"><a href=\"https:\/\/stepienybarno.es\/blog\/tag\/proyectodeldia\/\">https:\/\/stepienybarno.es\/blog\/tag\/proyectodeldia\/<\/a><\/p>\n<\/blockquote>\n<blockquote><p>Tambi\u00e9n en Facebook:<\/p>\n<p><a href=\"https:\/\/www.facebook.com\/media\/set\/?set=a.10152877982544030.1073741830.78001079029&amp;type=3\">https:\/\/www.facebook.com\/media\/set\/?set=a.10152877982544030.1073741830.78001079029&amp;type=3<\/a><\/p><\/blockquote>\n<p>* <span style=\"color: #888888;\"><em>Este art\u00edculo ha sido escrito con car\u00e1cter divulgativo y sin ning\u00fan tipo de \u00e1nimo de lucro. As\u00ed que, si te apetece compartirlo en cualquier otro medio, estaremos encantados de que lo hagas siempre y cuando cites el lugar donde lo has encontrado.<\/em><\/span><\/p>\n<p><a href=\"https:\/\/twitter.com\/stepienybarno\"><span style=\"color: #888888;\"><em>STEPIENYBARNO EN TWITTER _ @stepienybarno<\/em><\/span><\/a><\/p>\n<p><a href=\"http:\/\/www.linkedin.com\/company\/stepienybarno\"><span style=\"color: #888888;\"><em>STEPIENYBARNO EN LINKEDIN<\/em><\/span><\/a><\/p>\n<p><a href=\"https:\/\/www.facebook.com\/pages\/BLOG-DE-STEPIENYBARNO\/78001079029\"><span style=\"color: #888888;\"><em>STEPIENYBARNO EN FACEBOOK<\/em><\/span><\/a><\/p>\n<p><span style=\"color: #888888;\"><em>* Stepienybarno est\u00e1 formado por Agnieszka Stepien y Lorenzo Barn\u00f3 y desde mayo del 2009 estamos en la red con\u00a0 la presente publicaci\u00f3n digital (Blog) de arquitectura.<\/em><\/span><\/p>\n<p><span style=\"color: #888888;\"><em>Nuestra actividad se sustenta en tres pilares b\u00e1sicos: la investigaci\u00f3n, la publicaci\u00f3n y la redacci\u00f3n de proyectos de arquitectura.<\/em><\/span><\/p>\n<p><span style=\"color: #888888;\"><em>A su vez, somos socios cofundadores de <a href=\"http:\/\/sinergiasostenible.org\/\">SINERGIA SOSTENIBLE<\/a> y redactores de <a href=\"http:\/\/www.laciudadviva.org\/blogs\/?author=45\">LA CIUDAD VIVA<\/a>.<\/em><\/span><\/p>\n<p><span style=\"color: #888888;\"><em>* Los editores de esta publicaci\u00f3n digital no nos hacemos cargo de de los comentarios y\u00a0 conceptos vertidos en los textos firmados por otras personas, siendo \u00e9stos de responsabilidad exclusiva de sus autores.<\/em><\/span><\/p>\n<p><span style=\"color: #888888;\"><em>* Tu comentario pudiera ser moderado, por lo tanto, aunque aparezca inmediatamente al ser publicado en la entrada, los editores de esta publicaci\u00f3n digital nos reservamos el derecho tanto de editarlo (si fuera necesario, para hacerlo m\u00e1s legible) como de eliminarlo en el caso de que se usen expresiones incorrectas (descalificaciones, palabras malsonantes\u2026). A su vez, si quieres comentar desde el anonimato puedes hacerlo, aunque, nosotros personalmente, agradecemos que tod@s nos podamos identificar.<\/em><\/span><\/p>\n","protected":false},"excerpt":{"rendered":"<p>Cada vez nos encontramos con m\u00e1s arquitectos que nos vienen a decir que \u201cesto de la red est\u00e1 muy bien (antes no lo ten\u00edan tan claro), pero que hay demasiada informaci\u00f3n\u201d y se vuelven locos a hora saber a qui\u00e9n o qu\u00e9 seguir. Por eso, solemos hacer post con listas, tipo \u201cLos 100 perfiles m\u00e1s\u2026\u201d, creemos que son \u00fatiles y, d\u00e1ndoles el peso que tienen, ni m\u00e1s ni menos, tienen su sentido.<\/p>\n<p>As\u00ed, desde hace algo m\u00e1s de un mes, en el canal del blog (columna de la izquierda), hemos arrancado con una nueva secci\u00f3n, #ProyectoDelDia, que intenta ir destacando alguno de las decenas de proyectos que publican casi a diario.<\/p>\n<p>(m\u00e1s&#8230;)<\/p>\n","protected":false},"author":2,"featured_media":0,"comment_status":"open","ping_status":"closed","sticky":false,"template":"","format":"standard","meta":{"om_disable_all_campaigns":false,"_monsterinsights_skip_tracking":false,"_monsterinsights_sitenote_active":false,"_monsterinsights_sitenote_note":"","_monsterinsights_sitenote_category":0,"_uf_show_specific_survey":0,"_uf_disable_surveys":false,"episode_type":"","audio_file":"","cover_image":"","cover_image_id":"","duration":"","filesize":"","date_recorded":"","explicit":"","block":"","filesize_raw":"","footnotes":""},"categories":[34],"tags":[],"series":[],"class_list":["post-15725","post","type-post","status-publish","format-standard","hentry","category-actualidad"],"aioseo_notices":[],"episode_featured_image":false,"episode_player_image":"https:\/\/stepienybarno.es\/blog\/wp-content\/uploads\/2020\/11\/stepienybarno-podcast-scaled.jpg","download_link":"","player_link":"","audio_player":false,"episode_data":{"playerMode":"dark","subscribeUrls":[],"rssFeedUrl":"https:\/\/stepienybarno.es\/blog\/feed\/podcast\/podcast-de-stepienybarno","embedCode":"<blockquote class=\"wp-embedded-content\" data-secret=\"66O3Cne5pZ\"><a href=\"https:\/\/stepienybarno.es\/blog\/2015\/02\/02\/proyectodeldia\/\">#ProyectoDelDia<\/a><\/blockquote><iframe sandbox=\"allow-scripts\" security=\"restricted\" src=\"https:\/\/stepienybarno.es\/blog\/2015\/02\/02\/proyectodeldia\/embed\/#?secret=66O3Cne5pZ\" width=\"500\" height=\"350\" title=\"\u00ab#ProyectoDelDia\u00bb \u2014 Blog de STEPIEN Y BARNO - publicaci\u00f3n digital sobre arquitectura\" data-secret=\"66O3Cne5pZ\" frameborder=\"0\" marginwidth=\"0\" marginheight=\"0\" scrolling=\"no\" class=\"wp-embedded-content\"><\/iframe><script type=\"text\/javascript\">\n\/* <![CDATA[ *\/\n\/*! This file is auto-generated *\/\n!function(d,l){\"use strict\";l.querySelector&&d.addEventListener&&\"undefined\"!=typeof URL&&(d.wp=d.wp||{},d.wp.receiveEmbedMessage||(d.wp.receiveEmbedMessage=function(e){var t=e.data;if((t||t.secret||t.message||t.value)&&!\/[^a-zA-Z0-9]\/.test(t.secret)){for(var s,r,n,a=l.querySelectorAll('iframe[data-secret=\"'+t.secret+'\"]'),o=l.querySelectorAll('blockquote[data-secret=\"'+t.secret+'\"]'),c=new RegExp(\"^https?:$\",\"i\"),i=0;i<o.length;i++)o[i].style.display=\"none\";for(i=0;i<a.length;i++)s=a[i],e.source===s.contentWindow&&(s.removeAttribute(\"style\"),\"height\"===t.message?(1e3<(r=parseInt(t.value,10))?r=1e3:~~r<200&&(r=200),s.height=r):\"link\"===t.message&&(r=new URL(s.getAttribute(\"src\")),n=new URL(t.value),c.test(n.protocol))&&n.host===r.host&&l.activeElement===s&&(d.top.location.href=t.value))}},d.addEventListener(\"message\",d.wp.receiveEmbedMessage,!1),l.addEventListener(\"DOMContentLoaded\",function(){for(var e,t,s=l.querySelectorAll(\"iframe.wp-embedded-content\"),r=0;r<s.length;r++)(t=(e=s[r]).getAttribute(\"data-secret\"))||(t=Math.random().toString(36).substring(2,12),e.src+=\"#?secret=\"+t,e.setAttribute(\"data-secret\",t)),e.contentWindow.postMessage({message:\"ready\",secret:t},\"*\")},!1)))}(window,document);\n\/* ]]> *\/\n<\/script>\n"},"_links":{"self":[{"href":"https:\/\/stepienybarno.es\/blog\/wp-json\/wp\/v2\/posts\/15725"}],"collection":[{"href":"https:\/\/stepienybarno.es\/blog\/wp-json\/wp\/v2\/posts"}],"about":[{"href":"https:\/\/stepienybarno.es\/blog\/wp-json\/wp\/v2\/types\/post"}],"author":[{"embeddable":true,"href":"https:\/\/stepienybarno.es\/blog\/wp-json\/wp\/v2\/users\/2"}],"replies":[{"embeddable":true,"href":"https:\/\/stepienybarno.es\/blog\/wp-json\/wp\/v2\/comments?post=15725"}],"version-history":[{"count":2,"href":"https:\/\/stepienybarno.es\/blog\/wp-json\/wp\/v2\/posts\/15725\/revisions"}],"predecessor-version":[{"id":15728,"href":"https:\/\/stepienybarno.es\/blog\/wp-json\/wp\/v2\/posts\/15725\/revisions\/15728"}],"wp:attachment":[{"href":"https:\/\/stepienybarno.es\/blog\/wp-json\/wp\/v2\/media?parent=15725"}],"wp:term":[{"taxonomy":"category","embeddable":true,"href":"https:\/\/stepienybarno.es\/blog\/wp-json\/wp\/v2\/categories?post=15725"},{"taxonomy":"post_tag","embeddable":true,"href":"https:\/\/stepienybarno.es\/blog\/wp-json\/wp\/v2\/tags?post=15725"},{"taxonomy":"series","embeddable":true,"href":"https:\/\/stepienybarno.es\/blog\/wp-json\/wp\/v2\/series?post=15725"}],"curies":[{"name":"wp","href":"https:\/\/api.w.org\/{rel}","templated":true}]}}