{"id":15918,"date":"2015-02-13T09:00:39","date_gmt":"2015-02-13T07:00:39","guid":{"rendered":"https:\/\/www.stepienybarno.es\/blog\/?p=15918"},"modified":"2015-02-13T02:38:30","modified_gmt":"2015-02-13T00:38:30","slug":"baukunst-del-enunciado-teorico-a-su-realizacion-practica-en-la-casa-farnsworth","status":"publish","type":"post","link":"https:\/\/stepienybarno.es\/blog\/2015\/02\/13\/baukunst-del-enunciado-teorico-a-su-realizacion-practica-en-la-casa-farnsworth\/","title":{"rendered":"BAUKUNST: DEL ENUNCIADO TE\u00d3RICO A SU REALIZACI\u00d3N PR\u00c1CTICA EN LA CASA FARNSWORTH"},"content":{"rendered":"<p><a href=\"https:\/\/stepienybarno.es\/blog\/wp-content\/uploads\/2015\/02\/Stepienybarno-blog-Stepien-y-barno-plataforma-arquitectura-mies-van-der-rohe.jpg\"><img loading=\"lazy\" decoding=\"async\" class=\"aligncenter size-full wp-image-15919\" title=\"Stepienybarno-blog-Stepien-y-barno-plataforma-arquitectura-mies-van-der-rohe\" src=\"https:\/\/stepienybarno.es\/blog\/wp-content\/uploads\/2015\/02\/Stepienybarno-blog-Stepien-y-barno-plataforma-arquitectura-mies-van-der-rohe.jpg\" alt=\"Stepienybarno-blog-Stepien-y-barno-plataforma-arquitectura-mies-van-der-rohe\" width=\"500\" height=\"444\" srcset=\"https:\/\/stepienybarno.es\/blog\/wp-content\/uploads\/2015\/02\/Stepienybarno-blog-Stepien-y-barno-plataforma-arquitectura-mies-van-der-rohe.jpg 500w, https:\/\/stepienybarno.es\/blog\/wp-content\/uploads\/2015\/02\/Stepienybarno-blog-Stepien-y-barno-plataforma-arquitectura-mies-van-der-rohe-180x160.jpg 180w, https:\/\/stepienybarno.es\/blog\/wp-content\/uploads\/2015\/02\/Stepienybarno-blog-Stepien-y-barno-plataforma-arquitectura-mies-van-der-rohe-316x281.jpg 316w\" sizes=\"(max-width: 500px) 100vw, 500px\" \/><\/a><\/p>\n<p>Por <em> <\/em>Juan Fernando Valencia Desde <a href=\"http:\/\/www.plataformaarquitectura.cl\/\" target=\"_blank\">Plataforma Arquitectura<\/a><\/p>\n<p><em><!--more--><\/em><\/p>\n<p>\u201cDurante la primera mitad del siglo XX,\u00a0<a href=\"http:\/\/www.plataformaarquitectura.cl\/cl\/tag\/mies-van-der-rohe\" target=\"_blank\">Mies van der Rohe<\/a> advirti\u00f3 que \u00abel intento de renovar la arquitectura a trav\u00e9s de las formas (hab\u00eda) fracasado y con ello se ha perdido un trabajo secular que s\u00f3lo ha llevado al vac\u00edo\u00bb. En su reemplazo, el arquitecto nacido en Alemania postul\u00f3 que \u00abla palabra\u00a0Baukunst\u00a0indica que <strong>el contenido esencial de la arquitectura es la construcci\u00f3n y que el arte significa su perfecci\u00f3n<\/strong>\u00ab.<\/p>\n<p>A partir de su tesis de mag\u00edster\u00a0\u00abBaukunst: del enunciado te\u00f3rico a la realizaci\u00f3n pr\u00e1ctica &#8211; casa Edith Farnsworth\u00bb, en esta colaboraci\u00f3n el arquitecto colombiano\u00a0<strong>Juan Fernando Valencia<\/strong> profundiza en el c\u00f3mo\u00a0desde el concepto de\u00a0baukunst, Mies eleva la construcci\u00f3n y la t\u00e9cnica al nivel del arte en su proceso de creaci\u00f3n arquitect\u00f3nico, siendo su mejor ejemplo la\u00a0<a href=\"http:\/\/www.plataformaarquitectura.cl\/cl\/02-169324\/clasicos-de-arquitectura-casa-farnsworth-mies-van-der-rohe\" target=\"_blank\">Casa Farnsworth<\/a>, materia perfecta para dar contenido a su\u00a0an\u00e1lisis. \u00a0(\u2026)\u201d<\/p>\n<p align=\"center\">\n<blockquote>\n<p align=\"center\">Acceder al art\u00edculo, <a href=\"http:\/\/www.plataformaarquitectura.cl\/cl\/762099\/casa-farnsworth-baukunst-del-enunciado-teorico-a-su-realizacion-practica-en-la-casa-farnsworth\" target=\"_blank\">AQU\u00cd<\/a><\/p>\n<\/blockquote>\n<p><em><span style=\"color: #888888;\">Noticia seleccionada por el Canal de arquitectura STEPIENYBARNO.<\/span><\/em><em><\/em><\/p>\n<p><em><span style=\"text-decoration: underline;\"><a href=\"https:\/\/twitter.com\/stepienybarno\" target=\"_blank\">STEPIENYBARNO EN TWITTER _ @stepienybarno<\/a><\/span><\/em><em><\/em><\/p>\n<p><a href=\"http:\/\/www.linkedin.com\/company\/stepienybarno\" target=\"_blank\"><em>STEPIENYBARNO EN LINKEDIN<\/em><\/a><\/p>\n<p><em><span style=\"text-decoration: underline;\"><a href=\"https:\/\/www.facebook.com\/pages\/BLOG-DE-STEPIENYBARNO\/78001079029\" target=\"_blank\">STEPIENYBARNO EN FACEBOOK<\/a><\/span><\/em><em><\/em><\/p>\n<p><span style=\"color: #888888;\"><em>*Stepienybarno est\u00e1 formado por Agnieszka Stepien y Lorenzo Barn\u00f3 y desde mayo del 2009 estamos en la red con\u00a0 la presente publicaci\u00f3n digital (Blog) de arquitectura.<\/em><em><\/em><\/span><\/p>\n<p><span style=\"color: #888888;\"><em>Nuestra actividad se sustenta en tres pilares b\u00e1sicos: la investigaci\u00f3n, la publicaci\u00f3n (comunicaci\u00f3n y difusi\u00f3n) y la redacci\u00f3n de proyectos de arquitectura.<\/em><em><\/em><\/span><\/p>\n<p><em><span style=\"color: #888888;\">A su vez, somos socios cofundadores de<\/span><\/em><em> <\/em><em><a href=\"http:\/\/sinergiasostenible.org\/\" target=\"_blank\">SINERGIA SOSTENIBLE<\/a><\/em><span style=\"color: #888888;\"><em>, redactores de<\/em><em> <\/em><\/span><em><a href=\"http:\/\/www.laciudadviva.org\/blogs\/?author=45\" target=\"_blank\">LA CIUDAD VIVA<\/a><\/em><span style=\"color: #888888;\"><em> <\/em><em>y directores del blog de<\/em><em> <\/em><\/span><em><a href=\"http:\/\/blogfundacion.arquia.es\/\" target=\"_blank\">FUNDACI\u00d3N ARQUIA.<\/a><\/em><\/p>\n<p><span style=\"color: #888888;\"><em>* Los editores de esta publicaci\u00f3n digital no nos hacemos cargo de de los comentarios y\u00a0 conceptos vertidos en los textos firmados por otras personas, siendo \u00e9stos de responsabilidad exclusiva de sus autores.<\/em><em><\/em><\/span><\/p>\n<p><em><span style=\"color: #888888;\">* Tu comentario podr\u00e1 ser moderado, por lo tanto, aunque aparezca inmediatamente al ser publicado en la entrada, los editores de esta publicaci\u00f3n digital nos reservamos el derecho tanto de editarlo (si fuera necesario, para hacerlo m\u00e1s legible) como de eliminarlo en el caso de que se usen expresiones incorrectas (descalificaciones, palabras malsonantes\u2026). A su vez, si quieres comentar desde el anonimato puedes hacerlo, aunque, nosotros personalmente, agradecemos que tod@s nos podamos identificar.<\/span><\/em><em><\/em><\/p>\n","protected":false},"excerpt":{"rendered":"<p>Por Juan Fernando Valencia Desde Plataforma Arquitectura<\/p>\n<p>(m\u00e1s&#8230;)<\/p>\n","protected":false},"author":2,"featured_media":0,"comment_status":"open","ping_status":"closed","sticky":false,"template":"","format":"standard","meta":{"om_disable_all_campaigns":false,"_monsterinsights_skip_tracking":false,"_monsterinsights_sitenote_active":false,"_monsterinsights_sitenote_note":"","_monsterinsights_sitenote_category":0,"_uf_show_specific_survey":0,"_uf_disable_surveys":false,"episode_type":"","audio_file":"","cover_image":"","cover_image_id":"","duration":"","filesize":"","date_recorded":"","explicit":"","block":"","filesize_raw":"","footnotes":""},"categories":[244],"tags":[3321,921],"series":[],"class_list":["post-15918","post","type-post","status-publish","format-standard","hentry","category-canal-de-arquitectura","tag-juan-fernando-valencia","tag-plataforma-arquitectura"],"aioseo_notices":[],"episode_featured_image":false,"episode_player_image":"https:\/\/stepienybarno.es\/blog\/wp-content\/uploads\/2020\/11\/stepienybarno-podcast-scaled.jpg","download_link":"","player_link":"","audio_player":false,"episode_data":{"playerMode":"dark","subscribeUrls":[],"rssFeedUrl":"https:\/\/stepienybarno.es\/blog\/feed\/podcast\/podcast-de-stepienybarno","embedCode":"<blockquote class=\"wp-embedded-content\" data-secret=\"9tRuvhi6dy\"><a href=\"https:\/\/stepienybarno.es\/blog\/2015\/02\/13\/baukunst-del-enunciado-teorico-a-su-realizacion-practica-en-la-casa-farnsworth\/\">BAUKUNST: DEL ENUNCIADO TE\u00d3RICO A SU REALIZACI\u00d3N PR\u00c1CTICA EN LA CASA FARNSWORTH<\/a><\/blockquote><iframe sandbox=\"allow-scripts\" security=\"restricted\" src=\"https:\/\/stepienybarno.es\/blog\/2015\/02\/13\/baukunst-del-enunciado-teorico-a-su-realizacion-practica-en-la-casa-farnsworth\/embed\/#?secret=9tRuvhi6dy\" width=\"500\" height=\"350\" title=\"\u00abBAUKUNST: DEL ENUNCIADO TE\u00d3RICO A SU REALIZACI\u00d3N PR\u00c1CTICA EN LA CASA FARNSWORTH\u00bb \u2014 Blog de STEPIEN Y BARNO - publicaci\u00f3n digital sobre arquitectura\" data-secret=\"9tRuvhi6dy\" frameborder=\"0\" marginwidth=\"0\" marginheight=\"0\" scrolling=\"no\" class=\"wp-embedded-content\"><\/iframe><script type=\"text\/javascript\">\n\/* <![CDATA[ *\/\n\/*! This file is auto-generated *\/\n!function(d,l){\"use strict\";l.querySelector&&d.addEventListener&&\"undefined\"!=typeof URL&&(d.wp=d.wp||{},d.wp.receiveEmbedMessage||(d.wp.receiveEmbedMessage=function(e){var t=e.data;if((t||t.secret||t.message||t.value)&&!\/[^a-zA-Z0-9]\/.test(t.secret)){for(var s,r,n,a=l.querySelectorAll('iframe[data-secret=\"'+t.secret+'\"]'),o=l.querySelectorAll('blockquote[data-secret=\"'+t.secret+'\"]'),c=new RegExp(\"^https?:$\",\"i\"),i=0;i<o.length;i++)o[i].style.display=\"none\";for(i=0;i<a.length;i++)s=a[i],e.source===s.contentWindow&&(s.removeAttribute(\"style\"),\"height\"===t.message?(1e3<(r=parseInt(t.value,10))?r=1e3:~~r<200&&(r=200),s.height=r):\"link\"===t.message&&(r=new URL(s.getAttribute(\"src\")),n=new URL(t.value),c.test(n.protocol))&&n.host===r.host&&l.activeElement===s&&(d.top.location.href=t.value))}},d.addEventListener(\"message\",d.wp.receiveEmbedMessage,!1),l.addEventListener(\"DOMContentLoaded\",function(){for(var e,t,s=l.querySelectorAll(\"iframe.wp-embedded-content\"),r=0;r<s.length;r++)(t=(e=s[r]).getAttribute(\"data-secret\"))||(t=Math.random().toString(36).substring(2,12),e.src+=\"#?secret=\"+t,e.setAttribute(\"data-secret\",t)),e.contentWindow.postMessage({message:\"ready\",secret:t},\"*\")},!1)))}(window,document);\n\/* ]]> *\/\n<\/script>\n"},"_links":{"self":[{"href":"https:\/\/stepienybarno.es\/blog\/wp-json\/wp\/v2\/posts\/15918"}],"collection":[{"href":"https:\/\/stepienybarno.es\/blog\/wp-json\/wp\/v2\/posts"}],"about":[{"href":"https:\/\/stepienybarno.es\/blog\/wp-json\/wp\/v2\/types\/post"}],"author":[{"embeddable":true,"href":"https:\/\/stepienybarno.es\/blog\/wp-json\/wp\/v2\/users\/2"}],"replies":[{"embeddable":true,"href":"https:\/\/stepienybarno.es\/blog\/wp-json\/wp\/v2\/comments?post=15918"}],"version-history":[{"count":2,"href":"https:\/\/stepienybarno.es\/blog\/wp-json\/wp\/v2\/posts\/15918\/revisions"}],"predecessor-version":[{"id":15921,"href":"https:\/\/stepienybarno.es\/blog\/wp-json\/wp\/v2\/posts\/15918\/revisions\/15921"}],"wp:attachment":[{"href":"https:\/\/stepienybarno.es\/blog\/wp-json\/wp\/v2\/media?parent=15918"}],"wp:term":[{"taxonomy":"category","embeddable":true,"href":"https:\/\/stepienybarno.es\/blog\/wp-json\/wp\/v2\/categories?post=15918"},{"taxonomy":"post_tag","embeddable":true,"href":"https:\/\/stepienybarno.es\/blog\/wp-json\/wp\/v2\/tags?post=15918"},{"taxonomy":"series","embeddable":true,"href":"https:\/\/stepienybarno.es\/blog\/wp-json\/wp\/v2\/series?post=15918"}],"curies":[{"name":"wp","href":"https:\/\/api.w.org\/{rel}","templated":true}]}}