{"id":15981,"date":"2015-02-18T10:15:15","date_gmt":"2015-02-18T08:15:15","guid":{"rendered":"https:\/\/www.stepienybarno.es\/blog\/?p=15981"},"modified":"2015-02-18T10:15:15","modified_gmt":"2015-02-18T08:15:15","slug":"programas-politicos-y-representacion-de-la-ciudad-tres-casos","status":"publish","type":"post","link":"https:\/\/stepienybarno.es\/blog\/2015\/02\/18\/programas-politicos-y-representacion-de-la-ciudad-tres-casos\/","title":{"rendered":"PROGRAMAS POL\u00cdTICOS Y REPRESENTACI\u00d3N DE LA CIUDAD. TRES CASOS"},"content":{"rendered":"<p><a href=\"https:\/\/stepienybarno.es\/blog\/wp-content\/uploads\/2015\/02\/Stepienybarno-blog-Stepien-y-barno-Punfinished-intermedios-la-ciudad-viva.jpg\"><img loading=\"lazy\" decoding=\"async\" class=\"aligncenter size-full wp-image-15982\" title=\"Stepienybarno-blog-Stepien-y-barno-Punfinished-intermedios-la-ciudad-viva\" src=\"https:\/\/stepienybarno.es\/blog\/wp-content\/uploads\/2015\/02\/Stepienybarno-blog-Stepien-y-barno-Punfinished-intermedios-la-ciudad-viva.jpg\" alt=\"Stepienybarno-blog-Stepien-y-barno-Punfinished-intermedios-la-ciudad-viva\" width=\"500\" height=\"375\" srcset=\"https:\/\/stepienybarno.es\/blog\/wp-content\/uploads\/2015\/02\/Stepienybarno-blog-Stepien-y-barno-Punfinished-intermedios-la-ciudad-viva.jpg 500w, https:\/\/stepienybarno.es\/blog\/wp-content\/uploads\/2015\/02\/Stepienybarno-blog-Stepien-y-barno-Punfinished-intermedios-la-ciudad-viva-180x135.jpg 180w, https:\/\/stepienybarno.es\/blog\/wp-content\/uploads\/2015\/02\/Stepienybarno-blog-Stepien-y-barno-Punfinished-intermedios-la-ciudad-viva-316x237.jpg 316w\" sizes=\"(max-width: 500px) 100vw, 500px\" \/><\/a><\/p>\n<p>Por  Intermedios Desde <a href=\"http:\/\/www.laciudadviva.org\/\" target=\"_blank\">La Ciudad Viva<\/a><\/p>\n<p><em><!--more--><\/em><\/p>\n<p><em>\u201c(\u2026) <\/em>Los programas pol\u00edticos representan la sociedad, no en el sentido de ostentar la representaci\u00f3n por delegaci\u00f3n sino de simular, hacer presente algo en la imaginaci\u00f3n con palabras o figuras (en los casos objeto de estudio, todo palabras y ninguna figura): a trav\u00e9s de un texto, de prosa m\u00e1s o menos imprecisa, los programas dibujan un escenario de posibles en la manera de organizar la sociedad. En ese sentido, cabe se\u00f1alar su exposici\u00f3n a la realidad coyuntural, que los condiciona. Surgen de su tiempo. Se renuevan. Se vuelven permeables a las tendencias. Son esquem\u00e1ticos, superficiales a fuer de propagand\u00edsticos, medi\u00e1ticos, tendentes al eslogan o una forma de literatura que, a la manera de peque\u00f1as c\u00e1psulas, responden a las pautas temporales de los medios de comunicaci\u00f3n.<\/p>\n<p>Quedan por resolver algunas cuestiones relacionadas con su g\u00e9nesis: \u00bfqui\u00e9n elabora los programas pol\u00edticos? \u00bfc\u00f3mo se elaboran? \u00bfqu\u00e9 estructura tienen y a qu\u00e9 estructuras obedecen? \u00bfsobre qu\u00e9 tem\u00e1ticas se articula el extenso listado de propuestas que los suelen integrar? En cualquiera de las posibles respuestas a estas preguntas el individuo social parece ausente, no sabemos si por exclusi\u00f3n (la dificultad inherente de producir un pensamiento colectivo como s\u00edntesis de un conjunto de pensamientos individuales) o por abandono, si como identifica\u00a0<a href=\"http:\/\/www.senato.it\/leg\/17\/BGT\/Schede\/Attsen\/00002430.htm\" target=\"_blank\">Mario Tronti<\/a> la pol\u00edtica es vista hoy en d\u00eda como un \u201c\u00e1mbito limitado respecto al tipo de respuesta que este mundo, tal y como es, nos emplaza a dar\u201d. (\u2026)<\/p>\n<p><em> <\/em><\/p>\n<blockquote>\n<p align=\"center\">M\u00e1s informaci\u00f3n, <a href=\"http:\/\/www.laciudadviva.org\/blogs\/?p=27675\" target=\"_blank\">AQU\u00cd<\/a><\/p>\n<\/blockquote>\n<p><em><span style=\"color: #888888;\">Noticia seleccionada por el Canal de arquitectura STEPIENYBARNO.<\/span><\/em><em> <\/em><\/p>\n<p><em><span style=\"text-decoration: underline;\"><a href=\"https:\/\/twitter.com\/stepienybarno\" target=\"_blank\">STEPIENYBARNO EN TWITTER _ @stepienybarno<\/a><\/span><\/em><em> <\/em><\/p>\n<p><a href=\"http:\/\/www.linkedin.com\/company\/stepienybarno\" target=\"_blank\"><em>STEPIENYBARNO EN LINKEDIN<\/em><\/a><\/p>\n<p><em><span style=\"text-decoration: underline;\"><a href=\"https:\/\/www.facebook.com\/pages\/BLOG-DE-STEPIENYBARNO\/78001079029\" target=\"_blank\">STEPIENYBARNO EN FACEBOOK<\/a><\/span><\/em><em><\/em><\/p>\n<p><span style=\"color: #888888;\"><em>*Stepienybarno est\u00e1 formado por Agnieszka Stepien y Lorenzo Barn\u00f3 y desde mayo del 2009 estamos en la red con\u00a0 la presente publicaci\u00f3n digital (Blog) de arquitectura.<\/em><em><\/em><\/span><\/p>\n<p><span style=\"color: #888888;\"><em>Nuestra actividad se sustenta en tres pilares b\u00e1sicos: la investigaci\u00f3n, la publicaci\u00f3n (comunicaci\u00f3n y difusi\u00f3n) y la redacci\u00f3n de proyectos de arquitectura.<\/em><em><\/em><\/span><\/p>\n<p><em><span style=\"color: #888888;\">A su vez, somos socios cofundadores de<\/span><\/em><em> <\/em><em><a href=\"http:\/\/sinergiasostenible.org\/\" target=\"_blank\">SINERGIA SOSTENIBLE<\/a><\/em><span style=\"color: #888888;\"><em>, redactores de<\/em><em> <\/em><\/span><em><a href=\"http:\/\/www.laciudadviva.org\/blogs\/?author=45\" target=\"_blank\">LA CIUDAD VIVA<\/a><\/em><span style=\"color: #888888;\"><em> <\/em><em>y directores del blog de<\/em><\/span><em> <\/em><em><a href=\"http:\/\/blogfundacion.arquia.es\/\" target=\"_blank\">FUNDACI\u00d3N ARQUIA<span style=\"color: #888888;\">.<\/span><\/a><\/em><\/p>\n<p><span style=\"color: #888888;\"><em>* Los editores de esta publicaci\u00f3n digital no nos hacemos cargo de de los comentarios y\u00a0 conceptos vertidos en los textos firmados por otras personas, siendo \u00e9stos de responsabilidad exclusiva de sus autores.<\/em><em><\/em><\/span><\/p>\n<p><em><span style=\"color: #888888;\">* Tu comentario podr\u00e1 ser moderado, por lo tanto, aunque aparezca inmediatamente al ser publicado en la entrada, los editores de esta publicaci\u00f3n digital nos reservamos el derecho tanto de editarlo (si fuera necesario, para hacerlo m\u00e1s legible) como de eliminarlo en el caso de que se usen expresiones incorrectas (descalificaciones, palabras malsonantes\u2026). A su vez, si quieres comentar desde el anonimato puedes hacerlo, aunque, nosotros personalmente, agradecemos que tod@s nos podamos identificar.<\/span><\/em><em><\/em><\/p>\n","protected":false},"excerpt":{"rendered":"<p>Por Intermedios Desde La Ciudad Viva<\/p>\n<p>(m\u00e1s&#8230;)<\/p>\n","protected":false},"author":2,"featured_media":0,"comment_status":"open","ping_status":"closed","sticky":false,"template":"","format":"standard","meta":{"om_disable_all_campaigns":false,"_monsterinsights_skip_tracking":false,"_monsterinsights_sitenote_active":false,"_monsterinsights_sitenote_note":"","_monsterinsights_sitenote_category":0,"_uf_show_specific_survey":0,"_uf_disable_surveys":false,"episode_type":"","audio_file":"","cover_image":"","cover_image_id":"","duration":"","filesize":"","date_recorded":"","explicit":"","block":"","filesize_raw":"","footnotes":""},"categories":[244],"tags":[3330,132],"series":[],"class_list":["post-15981","post","type-post","status-publish","format-standard","hentry","category-canal-de-arquitectura","tag-intermedios","tag-la-ciudad-viva"],"aioseo_notices":[],"episode_featured_image":false,"episode_player_image":"https:\/\/stepienybarno.es\/blog\/wp-content\/uploads\/2020\/11\/stepienybarno-podcast-scaled.jpg","download_link":"","player_link":"","audio_player":false,"episode_data":{"playerMode":"dark","subscribeUrls":[],"rssFeedUrl":"https:\/\/stepienybarno.es\/blog\/feed\/podcast\/podcast-de-stepienybarno","embedCode":"<blockquote class=\"wp-embedded-content\" data-secret=\"ZdgSjLCGA9\"><a href=\"https:\/\/stepienybarno.es\/blog\/2015\/02\/18\/programas-politicos-y-representacion-de-la-ciudad-tres-casos\/\">PROGRAMAS POL\u00cdTICOS Y REPRESENTACI\u00d3N DE LA CIUDAD. TRES CASOS<\/a><\/blockquote><iframe sandbox=\"allow-scripts\" security=\"restricted\" src=\"https:\/\/stepienybarno.es\/blog\/2015\/02\/18\/programas-politicos-y-representacion-de-la-ciudad-tres-casos\/embed\/#?secret=ZdgSjLCGA9\" width=\"500\" height=\"350\" title=\"\u00abPROGRAMAS POL\u00cdTICOS Y REPRESENTACI\u00d3N DE LA CIUDAD. TRES CASOS\u00bb \u2014 Blog de STEPIEN Y BARNO - publicaci\u00f3n digital sobre arquitectura\" data-secret=\"ZdgSjLCGA9\" frameborder=\"0\" marginwidth=\"0\" marginheight=\"0\" scrolling=\"no\" class=\"wp-embedded-content\"><\/iframe><script type=\"text\/javascript\">\n\/* <![CDATA[ *\/\n\/*! This file is auto-generated *\/\n!function(d,l){\"use strict\";l.querySelector&&d.addEventListener&&\"undefined\"!=typeof URL&&(d.wp=d.wp||{},d.wp.receiveEmbedMessage||(d.wp.receiveEmbedMessage=function(e){var t=e.data;if((t||t.secret||t.message||t.value)&&!\/[^a-zA-Z0-9]\/.test(t.secret)){for(var s,r,n,a=l.querySelectorAll('iframe[data-secret=\"'+t.secret+'\"]'),o=l.querySelectorAll('blockquote[data-secret=\"'+t.secret+'\"]'),c=new RegExp(\"^https?:$\",\"i\"),i=0;i<o.length;i++)o[i].style.display=\"none\";for(i=0;i<a.length;i++)s=a[i],e.source===s.contentWindow&&(s.removeAttribute(\"style\"),\"height\"===t.message?(1e3<(r=parseInt(t.value,10))?r=1e3:~~r<200&&(r=200),s.height=r):\"link\"===t.message&&(r=new URL(s.getAttribute(\"src\")),n=new URL(t.value),c.test(n.protocol))&&n.host===r.host&&l.activeElement===s&&(d.top.location.href=t.value))}},d.addEventListener(\"message\",d.wp.receiveEmbedMessage,!1),l.addEventListener(\"DOMContentLoaded\",function(){for(var e,t,s=l.querySelectorAll(\"iframe.wp-embedded-content\"),r=0;r<s.length;r++)(t=(e=s[r]).getAttribute(\"data-secret\"))||(t=Math.random().toString(36).substring(2,12),e.src+=\"#?secret=\"+t,e.setAttribute(\"data-secret\",t)),e.contentWindow.postMessage({message:\"ready\",secret:t},\"*\")},!1)))}(window,document);\n\/* ]]> *\/\n<\/script>\n"},"_links":{"self":[{"href":"https:\/\/stepienybarno.es\/blog\/wp-json\/wp\/v2\/posts\/15981"}],"collection":[{"href":"https:\/\/stepienybarno.es\/blog\/wp-json\/wp\/v2\/posts"}],"about":[{"href":"https:\/\/stepienybarno.es\/blog\/wp-json\/wp\/v2\/types\/post"}],"author":[{"embeddable":true,"href":"https:\/\/stepienybarno.es\/blog\/wp-json\/wp\/v2\/users\/2"}],"replies":[{"embeddable":true,"href":"https:\/\/stepienybarno.es\/blog\/wp-json\/wp\/v2\/comments?post=15981"}],"version-history":[{"count":2,"href":"https:\/\/stepienybarno.es\/blog\/wp-json\/wp\/v2\/posts\/15981\/revisions"}],"predecessor-version":[{"id":15984,"href":"https:\/\/stepienybarno.es\/blog\/wp-json\/wp\/v2\/posts\/15981\/revisions\/15984"}],"wp:attachment":[{"href":"https:\/\/stepienybarno.es\/blog\/wp-json\/wp\/v2\/media?parent=15981"}],"wp:term":[{"taxonomy":"category","embeddable":true,"href":"https:\/\/stepienybarno.es\/blog\/wp-json\/wp\/v2\/categories?post=15981"},{"taxonomy":"post_tag","embeddable":true,"href":"https:\/\/stepienybarno.es\/blog\/wp-json\/wp\/v2\/tags?post=15981"},{"taxonomy":"series","embeddable":true,"href":"https:\/\/stepienybarno.es\/blog\/wp-json\/wp\/v2\/series?post=15981"}],"curies":[{"name":"wp","href":"https:\/\/api.w.org\/{rel}","templated":true}]}}