{"id":16112,"date":"2015-02-23T20:39:16","date_gmt":"2015-02-23T18:39:16","guid":{"rendered":"https:\/\/www.stepienybarno.es\/blog\/?p=16112"},"modified":"2015-02-23T20:39:16","modified_gmt":"2015-02-23T18:39:16","slug":"intereses-compartidos-2","status":"publish","type":"post","link":"https:\/\/stepienybarno.es\/blog\/2015\/02\/23\/intereses-compartidos-2\/","title":{"rendered":"INTERESES COMPARTIDOS"},"content":{"rendered":"<p><a href=\"https:\/\/stepienybarno.es\/blog\/wp-content\/uploads\/2015\/02\/Stepienybarno-Blog-Stepien-y-barno-fundacion-arquia-vaumm-.mies-van-der-rohe-.jpg\"><img loading=\"lazy\" decoding=\"async\" class=\"aligncenter size-full wp-image-16113\" title=\"Stepienybarno-Blog-Stepien-y-barno-fundacion-arquia-vaumm-.mies-van-der-rohe-\" src=\"https:\/\/stepienybarno.es\/blog\/wp-content\/uploads\/2015\/02\/Stepienybarno-Blog-Stepien-y-barno-fundacion-arquia-vaumm-.mies-van-der-rohe-.jpg\" alt=\"Stepienybarno-Blog-Stepien-y-barno-fundacion-arquia-vaumm-.mies-van-der-rohe-\" width=\"545\" height=\"461\" srcset=\"https:\/\/stepienybarno.es\/blog\/wp-content\/uploads\/2015\/02\/Stepienybarno-Blog-Stepien-y-barno-fundacion-arquia-vaumm-.mies-van-der-rohe-.jpg 545w, https:\/\/stepienybarno.es\/blog\/wp-content\/uploads\/2015\/02\/Stepienybarno-Blog-Stepien-y-barno-fundacion-arquia-vaumm-.mies-van-der-rohe--180x152.jpg 180w, https:\/\/stepienybarno.es\/blog\/wp-content\/uploads\/2015\/02\/Stepienybarno-Blog-Stepien-y-barno-fundacion-arquia-vaumm-.mies-van-der-rohe--316x267.jpg 316w\" sizes=\"(max-width: 545px) 100vw, 545px\" \/><\/a><\/p>\n<p>Por <a href=\"http:\/\/vaumm.com\/\" target=\"_blank\">I\u00f1igo Garc\u00eda Odiaga<\/a> Desde<strong> <\/strong><a href=\"http:\/\/blogfundacion.arquia.es\/\" target=\"_blank\">El Blog de Fundaci\u00f3n Arquia<\/a><\/p>\n<p><!--more--><\/p>\n<p>\u201cLa relaci\u00f3n entre el cliente y el arquitecto, es por pertenecer al campo m\u00e1s \u00edntimo de la profesi\u00f3n, una de las claves menos estudiadas de la disciplina. A nadie se le escapa que en determinados proyectos, sobre todo en aquellos m\u00e1s personales, que quieren ser la representaci\u00f3n de los sue\u00f1os del cliente, la necesidad de un buen arquitecto es tan determinante como la implicaci\u00f3n de un buen cliente.<\/p>\n<p>Evidentemente, arquitectos como clientes hay muchos, y me refiero a tipolog\u00edas de profesionales y personas, no a su n\u00famero concreto, ya que de los primeros parece haber en exceso y de los segundos escasez. Se trata de reflexionar en estas l\u00edneas, exclusivamente sobre\u00a0las dificultades que en estas relaciones surgen, cuando se centran sobre temas est\u00e9ticos.<\/p>\n<p>A menudo, hemos o\u00eddo a colegas de profesi\u00f3n quejarse amargamente del descolorido futuro al que se enfrentaba su obra, debido al mal camino que su cliente hab\u00eda tomado en algunas decisiones. Pero esta argumentaci\u00f3n, que encierra algunas afirmaciones y algunas negaciones que merecer\u00eda la pena matizar, olvida, en cierto modo, unaautocr\u00edtica\u00a0que sin duda es necesaria.\u00a0 (\u2026)\u201d<\/p>\n<p><em> <\/em><\/p>\n<blockquote>\n<p align=\"center\">Acceder al art\u00edculo, <a href=\"http:\/\/blogfundacion.arquia.es\/2014\/12\/intereses-compartidos\/\" target=\"_blank\">AQU\u00cd<\/a><\/p>\n<\/blockquote>\n<p align=\"center\">\n<p><em><span style=\"color: #888888;\">Noticia seleccionada por el Canal de arquitectura STEPIENYBARNO.<\/span><\/em><\/p>\n<p><em><span style=\"text-decoration: underline;\"><a href=\"https:\/\/twitter.com\/stepienybarno\" target=\"_blank\">STEPIENYBARNO EN TWITTER _ @stepienybarno<\/a><\/span><\/em><\/p>\n<p><span style=\"text-decoration: underline;\"><a href=\"http:\/\/www.linkedin.com\/company\/stepienybarno\" target=\"_blank\"><em>STEPIENYBARNO EN LINKEDIN<\/em><\/a><\/span><\/p>\n<p><em><span style=\"text-decoration: underline;\"><a href=\"https:\/\/www.facebook.com\/StepienybarnoCANAL\" target=\"_blank\">STEPIENYBARNO EN FACEBOOK<\/a><\/span><\/em><\/p>\n<p><em><span style=\"color: #888888;\">*Stepienybarno est\u00e1 formado por Agnieszka Stepien y Lorenzo Barn\u00f3 y desde mayo del 2009 estamos en la red con\u00a0 la presente publicaci\u00f3n digital (Blog) de arquitectura.<\/span><\/em><\/p>\n<p><em><span style=\"color: #888888;\">Nuestra actividad se sustenta en tres pilares b\u00e1sicos: la investigaci\u00f3n, la publicaci\u00f3n (comunicaci\u00f3n y difusi\u00f3n) y la redacci\u00f3n de proyectos de arquitectura.<\/span><\/em><\/p>\n<p><em><span style=\"color: #888888;\">A su vez, somos socios cofundadores de<\/span><\/em><em> <\/em><em><a href=\"http:\/\/sinergiasostenible.org\/\" target=\"_blank\">SINERGIA SOSTENIBLE<\/a><span style=\"color: #888888;\">, redactores de<\/span><\/em><em> <\/em><em><a href=\"http:\/\/www.laciudadviva.org\/blogs\/?author=45\" target=\"_blank\">LA CIUDAD VIVA<\/a><\/em><span style=\"color: #888888;\"><em> <\/em><em>y directores del blog de<\/em><\/span><em> <\/em><em><a href=\"http:\/\/blogfundacion.arquia.es\/\" target=\"_blank\">FUNDACI\u00d3N ARQUIA<\/a><span style=\"color: #888888;\">.<\/span><\/em><\/p>\n<p><em><span style=\"color: #888888;\">* Los editores de esta publicaci\u00f3n digital no nos hacemos cargo de de los comentarios y\u00a0 conceptos vertidos en los textos firmados por otras personas, siendo \u00e9stos de responsabilidad exclusiva de sus autores.<\/span><\/em><\/p>\n<p><em><span style=\"color: #888888;\">* Tu comentario podr\u00e1 ser moderado, por lo tanto, aunque aparezca inmediatamente al ser publicado en la entrada, los editores de esta publicaci\u00f3n digital nos reservamos el derecho tanto de editarlo (si fuera necesario, para hacerlo m\u00e1s legible) como de eliminarlo en el caso de que se usen expresiones incorrectas (descalificaciones, palabras malsonantes\u2026). A su vez, si quieres comentar desde el anonimato puedes hacerlo, aunque, nosotros personalmente, agradecemos que tod@s nos podamos identificar.<\/span><\/em><\/p>\n","protected":false},"excerpt":{"rendered":"<p>Por I\u00f1igo Garc\u00eda Odiaga Desde El Blog de Fundaci\u00f3n Arquia<\/p>\n<p>(m\u00e1s&#8230;)<\/p>\n","protected":false},"author":2,"featured_media":0,"comment_status":"open","ping_status":"closed","sticky":false,"template":"","format":"standard","meta":{"om_disable_all_campaigns":false,"_monsterinsights_skip_tracking":false,"_monsterinsights_sitenote_active":false,"_monsterinsights_sitenote_note":"","_monsterinsights_sitenote_category":0,"_uf_show_specific_survey":0,"_uf_disable_surveys":false,"episode_type":"","audio_file":"","cover_image":"","cover_image_id":"","duration":"","filesize":"","date_recorded":"","explicit":"","block":"","filesize_raw":"","footnotes":""},"categories":[244],"tags":[3320,574],"series":[],"class_list":["post-16112","post","type-post","status-publish","format-standard","hentry","category-canal-de-arquitectura","tag-blog-fundacion-arquia","tag-inigo-garcia-odiaga"],"aioseo_notices":[],"episode_featured_image":false,"episode_player_image":"https:\/\/stepienybarno.es\/blog\/wp-content\/uploads\/2020\/11\/stepienybarno-podcast-scaled.jpg","download_link":"","player_link":"","audio_player":false,"episode_data":{"playerMode":"dark","subscribeUrls":[],"rssFeedUrl":"https:\/\/stepienybarno.es\/blog\/feed\/podcast\/podcast-de-stepienybarno","embedCode":"<blockquote class=\"wp-embedded-content\" data-secret=\"3mCRhRCuwP\"><a href=\"https:\/\/stepienybarno.es\/blog\/2015\/02\/23\/intereses-compartidos-2\/\">INTERESES COMPARTIDOS<\/a><\/blockquote><iframe sandbox=\"allow-scripts\" security=\"restricted\" src=\"https:\/\/stepienybarno.es\/blog\/2015\/02\/23\/intereses-compartidos-2\/embed\/#?secret=3mCRhRCuwP\" width=\"500\" height=\"350\" title=\"\u00abINTERESES COMPARTIDOS\u00bb \u2014 Blog de STEPIEN Y BARNO - publicaci\u00f3n digital sobre arquitectura\" data-secret=\"3mCRhRCuwP\" frameborder=\"0\" marginwidth=\"0\" marginheight=\"0\" scrolling=\"no\" class=\"wp-embedded-content\"><\/iframe><script type=\"text\/javascript\">\n\/* <![CDATA[ *\/\n\/*! This file is auto-generated *\/\n!function(d,l){\"use strict\";l.querySelector&&d.addEventListener&&\"undefined\"!=typeof URL&&(d.wp=d.wp||{},d.wp.receiveEmbedMessage||(d.wp.receiveEmbedMessage=function(e){var t=e.data;if((t||t.secret||t.message||t.value)&&!\/[^a-zA-Z0-9]\/.test(t.secret)){for(var s,r,n,a=l.querySelectorAll('iframe[data-secret=\"'+t.secret+'\"]'),o=l.querySelectorAll('blockquote[data-secret=\"'+t.secret+'\"]'),c=new RegExp(\"^https?:$\",\"i\"),i=0;i<o.length;i++)o[i].style.display=\"none\";for(i=0;i<a.length;i++)s=a[i],e.source===s.contentWindow&&(s.removeAttribute(\"style\"),\"height\"===t.message?(1e3<(r=parseInt(t.value,10))?r=1e3:~~r<200&&(r=200),s.height=r):\"link\"===t.message&&(r=new URL(s.getAttribute(\"src\")),n=new URL(t.value),c.test(n.protocol))&&n.host===r.host&&l.activeElement===s&&(d.top.location.href=t.value))}},d.addEventListener(\"message\",d.wp.receiveEmbedMessage,!1),l.addEventListener(\"DOMContentLoaded\",function(){for(var e,t,s=l.querySelectorAll(\"iframe.wp-embedded-content\"),r=0;r<s.length;r++)(t=(e=s[r]).getAttribute(\"data-secret\"))||(t=Math.random().toString(36).substring(2,12),e.src+=\"#?secret=\"+t,e.setAttribute(\"data-secret\",t)),e.contentWindow.postMessage({message:\"ready\",secret:t},\"*\")},!1)))}(window,document);\n\/* ]]> *\/\n<\/script>\n"},"_links":{"self":[{"href":"https:\/\/stepienybarno.es\/blog\/wp-json\/wp\/v2\/posts\/16112"}],"collection":[{"href":"https:\/\/stepienybarno.es\/blog\/wp-json\/wp\/v2\/posts"}],"about":[{"href":"https:\/\/stepienybarno.es\/blog\/wp-json\/wp\/v2\/types\/post"}],"author":[{"embeddable":true,"href":"https:\/\/stepienybarno.es\/blog\/wp-json\/wp\/v2\/users\/2"}],"replies":[{"embeddable":true,"href":"https:\/\/stepienybarno.es\/blog\/wp-json\/wp\/v2\/comments?post=16112"}],"version-history":[{"count":2,"href":"https:\/\/stepienybarno.es\/blog\/wp-json\/wp\/v2\/posts\/16112\/revisions"}],"predecessor-version":[{"id":16115,"href":"https:\/\/stepienybarno.es\/blog\/wp-json\/wp\/v2\/posts\/16112\/revisions\/16115"}],"wp:attachment":[{"href":"https:\/\/stepienybarno.es\/blog\/wp-json\/wp\/v2\/media?parent=16112"}],"wp:term":[{"taxonomy":"category","embeddable":true,"href":"https:\/\/stepienybarno.es\/blog\/wp-json\/wp\/v2\/categories?post=16112"},{"taxonomy":"post_tag","embeddable":true,"href":"https:\/\/stepienybarno.es\/blog\/wp-json\/wp\/v2\/tags?post=16112"},{"taxonomy":"series","embeddable":true,"href":"https:\/\/stepienybarno.es\/blog\/wp-json\/wp\/v2\/series?post=16112"}],"curies":[{"name":"wp","href":"https:\/\/api.w.org\/{rel}","templated":true}]}}