{"id":1616,"date":"2010-01-04T00:58:08","date_gmt":"2010-01-03T22:58:08","guid":{"rendered":"https:\/\/www.stepienybarno.es\/blog\/?p=1616"},"modified":"2010-01-04T00:58:08","modified_gmt":"2010-01-03T22:58:08","slug":"cuestion-de-estilo","status":"publish","type":"post","link":"https:\/\/stepienybarno.es\/blog\/2010\/01\/04\/cuestion-de-estilo\/","title":{"rendered":"CUESTION DE ESTILO"},"content":{"rendered":"<p align=\"left\">\u00a0<\/p>\n<p align=\"left\">\u00a0<\/p>\n<p align=\"center\"><img loading=\"lazy\" decoding=\"async\" class=\"aligncenter size-full wp-image-1617\" title=\"gehry simpson 350\" src=\"https:\/\/stepienybarno.es\/blog\/wp-content\/uploads\/2010\/01\/gehry-simpson-350-.jpg\" alt=\"gehry simpson 350\" width=\"350\" height=\"263\" srcset=\"https:\/\/stepienybarno.es\/blog\/wp-content\/uploads\/2010\/01\/gehry-simpson-350-.jpg 350w, https:\/\/stepienybarno.es\/blog\/wp-content\/uploads\/2010\/01\/gehry-simpson-350--180x135.jpg 180w, https:\/\/stepienybarno.es\/blog\/wp-content\/uploads\/2010\/01\/gehry-simpson-350--316x237.jpg 316w\" sizes=\"(max-width: 350px) 100vw, 350px\" \/><\/p>\n<p align=\"left\">\u00a0<\/p>\n<p align=\"left\">Con esta entrada, comienza una serie de art\u00edculos que van dirigidos a escudri\u00f1ar los entresijos de proyectos y planteamientos que tienen que ver con el fondo y la forma de la arquitectura. Hoy \u00a0nos centraremos en la excesiva tendencia &#8211;\u00a0que en nuestra opini\u00f3n &#8211;\u00a0\u00a0adquiere el arquitecto hacia derroches formales innecesarios, que no hacen ning\u00fan bien a la arquitectura.<\/p>\n<p align=\"left\">\u00a0<!--more--><\/p>\n<p align=\"left\">\u00a0<\/p>\n<p align=\"left\"><a href=\"http:\/\/xlsemanal.finanzas.com\/web\/firma.php?id_firma=9790&amp;id_edicion=4547\"><\/a><\/p>\n<p align=\"left\">Hace unas cuantas semanas en <a href=\"http:\/\/xlsemanal.finanzas.com\/web\/firma.php?id_firma=9790&amp;id_edicion=4547\">un art\u00edculo para el XLsemanal<\/a>,\u00a0 Arturo P\u00e9rez-Reverte se ensa\u00f1aba con la figura del dise\u00f1ador divo, en un texto titulado \u201c<em>un estudiado toque de abandono<\/em>\u201d, y en la traca final venia a decir,<\/p>\n<p>\u00a0<\/p>\n<p><span style=\"color: #333333;\">\u201cAs\u00ed que ya lo saben. Si quieren estar a la \u00faltima en dec\u00f3 y asombrar a la vecina cuando pase a cotillear, entren a saco. O tomen por \u00e9l. Si lo que quieren es dar a su casa un estudiado toque de abandono, pueden apa\u00f1arse solos. Por ejemplo: tapizando el tresillo, no con sacos de Nitrato de Chile, que a estas alturas de la feria ser\u00edan excesivamente cl\u00e1sicos, sino con cartones recogidos de noche en las calles y con bolsas de pl\u00e1stico del Corte Ingl\u00e9s. Luego, una vez zurcidos con hilo bramante y cinta adhesiva (m\u00e1s toque de abandono, imposible), pueden darse unos cuantos navajazos para conseguir el apresto adecuado. El toque final de refinado abandono se a\u00f1ade al saltar un rato encima, pate\u00e1ndolos bien. De paso, imaginen que le patea los huevos al dise\u00f1ador. Eso ayuda mucho.\u201d<\/span><\/p>\n<p align=\"left\">\u00a0<\/p>\n<p align=\"left\">Aunque no estemos muy de acuerdo con la contundencia verbal\u00a0 de P\u00e9rez-Reverte, si que lo estamos en el fondo de la historia. Evitar la figura del dise\u00f1ador o proyectista como un divo que s\u00f3lo quiere autosatisfacer su maltrecho ego, es algo que no deber\u00eda ofrecer discusi\u00f3n.<\/p>\n<p align=\"left\">\u00a0<\/p>\n<p align=\"left\">Al hilo de esta obsesi\u00f3n por el estilo, conviene recordar lo que <a href=\"http:\/\/edgargonzalez.com\/planetabeta\/Planeta_Beta\/Planeta_Beta_Podcast\/Entries\/2009\/10\/1_EPISODIO_XIV__Izaskun_Chinchilla.html\">Izaskun Chinchilla <\/a>comentaba en una reciente entrevista\u00a0 \u201cuno de los pecados capitales de la arquitectura es el estilo o m\u00e1s bien que el objetivo de la arquitectura sea alcanzar un estilo determinado, al cual se suele llegar desde la exuberancia formal y barroca\u201d.<\/p>\n<p align=\"left\">\u00a0A pesar de las sensatas palabras de Chinchilla, a m\u00e1s de uno, parece que le cuesta poner los pies en la tierra y entender la arquitectura como un oficio que como prioridad (y requisito imprescindible) tiene que satisfacer las verdaderas necesidades del futuro usuario.<\/p>\n<p align=\"left\">\u00a0<\/p>\n<p align=\"left\">En esta misma l\u00ednea parec\u00eda que iba el <a href=\"http:\/\/www.rtve.es\/alacarta\/player\/631693.html\">reportaje <\/a>que hace unas semanas se emiti\u00f3 en TV1, donde se intentaba dar una visi\u00f3n de c\u00f3mo el usuario vive (o m\u00e1s bien sufre) la arquitectura \u201cde autor\u201d. Y decimos que intentaba, pues la hora y pico de emisi\u00f3n estaba totalmente encaminada al espect\u00e1culo televisivo, haciendo parecer que toda la arquitectura que se hace en la actualidad que no tenga pinta del siglo XIX, es un atentado contra el ser humano. Todo esto se desenmascara de manera excelente en un\u00a0 art\u00edculo de <a href=\"http:\/\/nmas1.wordpress.com\/2009\/11\/19\/living-la-casa-loca\/\">nmasuno<\/a> y su posterior catarata de comentarios al hilo de este asunto.<\/p>\n<p align=\"left\">\u00a0<\/p>\n<p align=\"left\">Para terminar quisi\u00e9ramos recordar las palabras del arquitecto navarro Fernando Red\u00f3n, que ven\u00edan a decir, \u201cun compa\u00f1ero me comentaba apenado que el \u00faltimo proyecto que hab\u00eda hecho se hab\u00eda ido al garete, porque justo al terminar de construirlo le hab\u00edan puesto delante un par de farolas espantosas,\u00a0 y hab\u00edan arruinado la visi\u00f3n de la casa\u201d a lo que Red\u00f3n le contest\u00f3, \u00a0que si de verdad hubiera sido un buen proyecto, con un fondo como Dios manda y con una forma que va en correlaci\u00f3n a una potente idea, jam\u00e1s dos farolitas de nada podr\u00edan arruinar el proyecto.<\/p>\n<p align=\"left\">\u00a0<\/p>\n","protected":false},"excerpt":{"rendered":"\n<p>Con esta entrada, comienza una serie de art\u00edculos que van dirigidos a escudri\u00f1ar los entresijos de proyectos y planteamientos que tienen que ver con el fondo y la forma de la arquitectura. Hoy  nos centraremos en la excesiva tendencia &#8211; que en nuestra opini\u00f3n &#8211;  adquiere el arquitecto hacia derroches formales innecesarios, que no hacen ning\u00fan bien a la arquitectura.<\/p>\n","protected":false},"author":2,"featured_media":0,"comment_status":"open","ping_status":"closed","sticky":false,"template":"","format":"standard","meta":{"om_disable_all_campaigns":false,"_monsterinsights_skip_tracking":false,"_monsterinsights_sitenote_active":false,"_monsterinsights_sitenote_note":"","_monsterinsights_sitenote_category":0,"_uf_show_specific_survey":0,"_uf_disable_surveys":false,"episode_type":"","audio_file":"","cover_image":"","cover_image_id":"","duration":"","filesize":"","date_recorded":"","explicit":"","block":"","filesize_raw":"","footnotes":""},"categories":[34,4],"tags":[9,52],"series":[],"class_list":["post-1616","post","type-post","status-publish","format-standard","hentry","category-actualidad","category-arquilectura","tag-arquitectura","tag-la-profesion-de-arquitecto"],"aioseo_notices":[],"episode_featured_image":false,"episode_player_image":"https:\/\/stepienybarno.es\/blog\/wp-content\/uploads\/2020\/11\/stepienybarno-podcast-scaled.jpg","download_link":"","player_link":"","audio_player":false,"episode_data":{"playerMode":"dark","subscribeUrls":[],"rssFeedUrl":"https:\/\/stepienybarno.es\/blog\/feed\/podcast\/podcast-de-stepienybarno","embedCode":"<blockquote class=\"wp-embedded-content\" data-secret=\"h4gnnP6FL9\"><a href=\"https:\/\/stepienybarno.es\/blog\/2010\/01\/04\/cuestion-de-estilo\/\">CUESTION DE ESTILO<\/a><\/blockquote><iframe sandbox=\"allow-scripts\" security=\"restricted\" src=\"https:\/\/stepienybarno.es\/blog\/2010\/01\/04\/cuestion-de-estilo\/embed\/#?secret=h4gnnP6FL9\" width=\"500\" height=\"350\" title=\"\u00abCUESTION DE ESTILO\u00bb \u2014 Blog de STEPIEN Y BARNO - publicaci\u00f3n digital sobre arquitectura\" data-secret=\"h4gnnP6FL9\" frameborder=\"0\" marginwidth=\"0\" marginheight=\"0\" scrolling=\"no\" class=\"wp-embedded-content\"><\/iframe><script type=\"text\/javascript\">\n\/* <![CDATA[ *\/\n\/*! This file is auto-generated *\/\n!function(d,l){\"use strict\";l.querySelector&&d.addEventListener&&\"undefined\"!=typeof URL&&(d.wp=d.wp||{},d.wp.receiveEmbedMessage||(d.wp.receiveEmbedMessage=function(e){var t=e.data;if((t||t.secret||t.message||t.value)&&!\/[^a-zA-Z0-9]\/.test(t.secret)){for(var s,r,n,a=l.querySelectorAll('iframe[data-secret=\"'+t.secret+'\"]'),o=l.querySelectorAll('blockquote[data-secret=\"'+t.secret+'\"]'),c=new RegExp(\"^https?:$\",\"i\"),i=0;i<o.length;i++)o[i].style.display=\"none\";for(i=0;i<a.length;i++)s=a[i],e.source===s.contentWindow&&(s.removeAttribute(\"style\"),\"height\"===t.message?(1e3<(r=parseInt(t.value,10))?r=1e3:~~r<200&&(r=200),s.height=r):\"link\"===t.message&&(r=new URL(s.getAttribute(\"src\")),n=new URL(t.value),c.test(n.protocol))&&n.host===r.host&&l.activeElement===s&&(d.top.location.href=t.value))}},d.addEventListener(\"message\",d.wp.receiveEmbedMessage,!1),l.addEventListener(\"DOMContentLoaded\",function(){for(var e,t,s=l.querySelectorAll(\"iframe.wp-embedded-content\"),r=0;r<s.length;r++)(t=(e=s[r]).getAttribute(\"data-secret\"))||(t=Math.random().toString(36).substring(2,12),e.src+=\"#?secret=\"+t,e.setAttribute(\"data-secret\",t)),e.contentWindow.postMessage({message:\"ready\",secret:t},\"*\")},!1)))}(window,document);\n\/* ]]> *\/\n<\/script>\n"},"_links":{"self":[{"href":"https:\/\/stepienybarno.es\/blog\/wp-json\/wp\/v2\/posts\/1616"}],"collection":[{"href":"https:\/\/stepienybarno.es\/blog\/wp-json\/wp\/v2\/posts"}],"about":[{"href":"https:\/\/stepienybarno.es\/blog\/wp-json\/wp\/v2\/types\/post"}],"author":[{"embeddable":true,"href":"https:\/\/stepienybarno.es\/blog\/wp-json\/wp\/v2\/users\/2"}],"replies":[{"embeddable":true,"href":"https:\/\/stepienybarno.es\/blog\/wp-json\/wp\/v2\/comments?post=1616"}],"version-history":[{"count":2,"href":"https:\/\/stepienybarno.es\/blog\/wp-json\/wp\/v2\/posts\/1616\/revisions"}],"predecessor-version":[{"id":1619,"href":"https:\/\/stepienybarno.es\/blog\/wp-json\/wp\/v2\/posts\/1616\/revisions\/1619"}],"wp:attachment":[{"href":"https:\/\/stepienybarno.es\/blog\/wp-json\/wp\/v2\/media?parent=1616"}],"wp:term":[{"taxonomy":"category","embeddable":true,"href":"https:\/\/stepienybarno.es\/blog\/wp-json\/wp\/v2\/categories?post=1616"},{"taxonomy":"post_tag","embeddable":true,"href":"https:\/\/stepienybarno.es\/blog\/wp-json\/wp\/v2\/tags?post=1616"},{"taxonomy":"series","embeddable":true,"href":"https:\/\/stepienybarno.es\/blog\/wp-json\/wp\/v2\/series?post=1616"}],"curies":[{"name":"wp","href":"https:\/\/api.w.org\/{rel}","templated":true}]}}