{"id":16214,"date":"2015-03-02T19:30:23","date_gmt":"2015-03-02T17:30:23","guid":{"rendered":"https:\/\/www.stepienybarno.es\/blog\/?p=16214"},"modified":"2015-03-02T14:30:17","modified_gmt":"2015-03-02T12:30:17","slug":"%e2%80%9cquerido-amigo-y-companero%e2%80%a6%e2%80%9d","status":"publish","type":"post","link":"https:\/\/stepienybarno.es\/blog\/2015\/03\/02\/%e2%80%9cquerido-amigo-y-companero%e2%80%a6%e2%80%9d\/","title":{"rendered":"\u201cQUERIDO AMIGO Y COMPA\u00d1ERO\u2026\u201d"},"content":{"rendered":"<p><a href=\"https:\/\/stepienybarno.es\/blog\/wp-content\/uploads\/2015\/03\/Stepienybarno-Blog-Stepien-y-barno-santiago-de-molina-fundacion-arquia1.jpg\"><img loading=\"lazy\" decoding=\"async\" class=\"aligncenter size-full wp-image-16216\" title=\"Stepienybarno-Blog-Stepien-y-barno-santiago-de-molina-fundacion-arquia\" src=\"https:\/\/stepienybarno.es\/blog\/wp-content\/uploads\/2015\/03\/Stepienybarno-Blog-Stepien-y-barno-santiago-de-molina-fundacion-arquia1.jpg\" alt=\"Stepienybarno-Blog-Stepien-y-barno-santiago-de-molina-fundacion-arquia\" width=\"500\" height=\"376\" srcset=\"https:\/\/stepienybarno.es\/blog\/wp-content\/uploads\/2015\/03\/Stepienybarno-Blog-Stepien-y-barno-santiago-de-molina-fundacion-arquia1.jpg 500w, https:\/\/stepienybarno.es\/blog\/wp-content\/uploads\/2015\/03\/Stepienybarno-Blog-Stepien-y-barno-santiago-de-molina-fundacion-arquia1-180x135.jpg 180w, https:\/\/stepienybarno.es\/blog\/wp-content\/uploads\/2015\/03\/Stepienybarno-Blog-Stepien-y-barno-santiago-de-molina-fundacion-arquia1-316x238.jpg 316w\" sizes=\"(max-width: 500px) 100vw, 500px\" \/><\/a><\/p>\n<p>Por <a href=\"http:\/\/www.santiagodemolina.com\/\" target=\"_blank\">Santiago de Molina<\/a> Desde<strong> <\/strong><a href=\"http:\/\/blogfundacion.arquia.es\/\" target=\"_blank\">Blog Fundaci\u00f3n Arquia<\/a><\/p>\n<p><!--more--><\/p>\n<p>\u201cAquel viejo comienzo de misivas, textos y comunicaciones que se daban entre colegas de profesi\u00f3n es visto hoy por muchos con nostalgia y por otros como una f\u00f3rmula hueca.<\/p>\n<p>Curiosamente, aquella entrada era la base de una especial forma de cortes\u00eda que dejaba como centro el saberse dedicados a algo compartido. Ese olvidado comienzo supon\u00eda indirectamente un modo de agrupaci\u00f3n que\u00a0<strong>hunde sus ra\u00edces en motivos profundos<\/strong> sobre los que nunca ha sido tan necesario pensar como lo es hoy mismo.<\/p>\n<p>Hoy, la profesi\u00f3n de la arquitectura en poco se asemeja a aquella que disfrutaron generaciones precedentes. Para muchos ha dejado siquiera de ser una profesi\u00f3n en su sentido literal, es decir, \u201calgo que se profesa\u201d, o mejor a\u00fan, algo \u201cque se dice en p\u00fablico\u201d. La antigua figura del arquitecto que gozaba del prestigio otorgado por su capacidad de dar forma a la vida de la sociedad, parecen ser cosa de un pasado que apenas alguien ha llegado a vivir. Antes los arquitectos iban a diario de etiqueta, por si les hac\u00edan un homenaje, se dec\u00eda con guasa y algo de envidia hace m\u00e1s de cincuenta a\u00f1os. Hoy, la mitad de esos arquitectos, apenas tienen que ponerse. Hoy el chiste no tiene maldita gracia. (\u2026)\u201d<\/p>\n<p><strong> <\/strong><\/p>\n<blockquote>\n<p align=\"center\">Acceder a la informaci\u00f3n, <a href=\"http:\/\/blogfundacion.arquia.es\/2014\/11\/querido-amigo-y-companero\/\" target=\"_blank\">AQU\u00cd<\/a><\/p>\n<\/blockquote>\n<p><em><span style=\"color: #888888;\">Noticia seleccionada por el Canal de arquitectura STEPIENYBARNO.<\/span><\/em><\/p>\n<p><em><span style=\"text-decoration: underline;\"><a href=\"https:\/\/twitter.com\/stepienybarno\" target=\"_blank\">STEPIENYBARNO EN TWITTER _ @stepienybarno<\/a><\/span><\/em><\/p>\n<p><span style=\"text-decoration: underline;\"><a href=\"http:\/\/www.linkedin.com\/company\/stepienybarno\" target=\"_blank\"><em>STEPIENYBARNO EN LINKEDIN<\/em><\/a><\/span><\/p>\n<p><em><span style=\"text-decoration: underline;\"><a href=\"https:\/\/www.facebook.com\/StepienybarnoCANAL\" target=\"_blank\">STEPIENYBARNO EN FACEBOOK<\/a><\/span><\/em><\/p>\n<p><em><span style=\"color: #888888;\">*Stepienybarno est\u00e1 formado por Agnieszka Stepien y Lorenzo Barn\u00f3 y desde mayo del 2009 estamos en la red con\u00a0 la presente publicaci\u00f3n digital (Blog) de arquitectura.<\/span><\/em><\/p>\n<p><em><span style=\"color: #888888;\">Nuestra actividad se sustenta en tres pilares b\u00e1sicos: la investigaci\u00f3n, la publicaci\u00f3n (comunicaci\u00f3n y difusi\u00f3n) y la redacci\u00f3n de proyectos de arquitectura.<\/span><\/em><\/p>\n<p><em><span style=\"color: #888888;\">A su vez, somos socios cofundadores de<\/span><\/em><em> <\/em><em><a href=\"http:\/\/sinergiasostenible.org\/\" target=\"_blank\">SINERGIA SOSTENIBLE<\/a><span style=\"color: #888888;\">, redactores de<\/span><\/em><em><span style=\"color: #888888;\"> <\/span><\/em><em><a href=\"http:\/\/www.laciudadviva.org\/blogs\/?author=45\" target=\"_blank\">LA CIUDAD VIVA<\/a><\/em><em> <\/em><em><span style=\"color: #888888;\">y directores del blog de<\/span><\/em><em> <\/em><em><a href=\"http:\/\/blogfundacion.arquia.es\/\" target=\"_blank\">FUNDACI\u00d3N ARQUIA<\/a><span style=\"color: #888888;\">.<\/span><\/em><\/p>\n<p><em><span style=\"color: #888888;\">* Los editores de esta publicaci\u00f3n digital no nos hacemos cargo de de los comentarios y\u00a0 conceptos vertidos en los textos firmados por otras personas, siendo \u00e9stos de responsabilidad exclusiva de sus autores.<\/span><\/em><\/p>\n<p><em><span style=\"color: #888888;\">* Tu comentario podr\u00e1 ser moderado, por lo tanto, aunque aparezca inmediatamente al ser publicado en la entrada, los editores de esta publicaci\u00f3n digital nos reservamos el derecho tanto de editarlo (si fuera necesario, para hacerlo m\u00e1s legible) como de eliminarlo en el caso de que se usen expresiones incorrectas (descalificaciones, palabras malsonantes\u2026). A su vez, si quieres comentar desde el anonimato puedes hacerlo, aunque, nosotros personalmente, agradecemos que tod@s nos podamos identificar.<\/span><\/em><\/p>\n","protected":false},"excerpt":{"rendered":"<p>Por Santiago de Molina Desde Blog Fundaci\u00f3n Arquia<\/p>\n<p>(m\u00e1s&#8230;)<\/p>\n","protected":false},"author":2,"featured_media":0,"comment_status":"open","ping_status":"closed","sticky":false,"template":"","format":"standard","meta":{"om_disable_all_campaigns":false,"_monsterinsights_skip_tracking":false,"_monsterinsights_sitenote_active":false,"_monsterinsights_sitenote_note":"","_monsterinsights_sitenote_category":0,"_uf_show_specific_survey":0,"_uf_disable_surveys":false,"episode_type":"","audio_file":"","cover_image":"","cover_image_id":"","duration":"","filesize":"","date_recorded":"","explicit":"","block":"","filesize_raw":"","footnotes":""},"categories":[244],"tags":[3320,187],"series":[],"class_list":["post-16214","post","type-post","status-publish","format-standard","hentry","category-canal-de-arquitectura","tag-blog-fundacion-arquia","tag-santiago-de-molina"],"aioseo_notices":[],"episode_featured_image":false,"episode_player_image":"https:\/\/stepienybarno.es\/blog\/wp-content\/uploads\/2020\/11\/stepienybarno-podcast-scaled.jpg","download_link":"","player_link":"","audio_player":false,"episode_data":{"playerMode":"dark","subscribeUrls":[],"rssFeedUrl":"https:\/\/stepienybarno.es\/blog\/feed\/podcast\/podcast-de-stepienybarno","embedCode":"<blockquote class=\"wp-embedded-content\" data-secret=\"KuEeNtRXgD\"><a href=\"https:\/\/stepienybarno.es\/blog\/2015\/03\/02\/%e2%80%9cquerido-amigo-y-companero%e2%80%a6%e2%80%9d\/\">\u201cQUERIDO AMIGO Y COMPA\u00d1ERO\u2026\u201d<\/a><\/blockquote><iframe sandbox=\"allow-scripts\" security=\"restricted\" src=\"https:\/\/stepienybarno.es\/blog\/2015\/03\/02\/%e2%80%9cquerido-amigo-y-companero%e2%80%a6%e2%80%9d\/embed\/#?secret=KuEeNtRXgD\" width=\"500\" height=\"350\" title=\"\u00ab\u201cQUERIDO AMIGO Y COMPA\u00d1ERO\u2026\u201d\u00bb \u2014 Blog de STEPIEN Y BARNO - publicaci\u00f3n digital sobre arquitectura\" data-secret=\"KuEeNtRXgD\" frameborder=\"0\" marginwidth=\"0\" marginheight=\"0\" scrolling=\"no\" class=\"wp-embedded-content\"><\/iframe><script type=\"text\/javascript\">\n\/* <![CDATA[ *\/\n\/*! This file is auto-generated *\/\n!function(d,l){\"use strict\";l.querySelector&&d.addEventListener&&\"undefined\"!=typeof URL&&(d.wp=d.wp||{},d.wp.receiveEmbedMessage||(d.wp.receiveEmbedMessage=function(e){var t=e.data;if((t||t.secret||t.message||t.value)&&!\/[^a-zA-Z0-9]\/.test(t.secret)){for(var s,r,n,a=l.querySelectorAll('iframe[data-secret=\"'+t.secret+'\"]'),o=l.querySelectorAll('blockquote[data-secret=\"'+t.secret+'\"]'),c=new RegExp(\"^https?:$\",\"i\"),i=0;i<o.length;i++)o[i].style.display=\"none\";for(i=0;i<a.length;i++)s=a[i],e.source===s.contentWindow&&(s.removeAttribute(\"style\"),\"height\"===t.message?(1e3<(r=parseInt(t.value,10))?r=1e3:~~r<200&&(r=200),s.height=r):\"link\"===t.message&&(r=new URL(s.getAttribute(\"src\")),n=new URL(t.value),c.test(n.protocol))&&n.host===r.host&&l.activeElement===s&&(d.top.location.href=t.value))}},d.addEventListener(\"message\",d.wp.receiveEmbedMessage,!1),l.addEventListener(\"DOMContentLoaded\",function(){for(var e,t,s=l.querySelectorAll(\"iframe.wp-embedded-content\"),r=0;r<s.length;r++)(t=(e=s[r]).getAttribute(\"data-secret\"))||(t=Math.random().toString(36).substring(2,12),e.src+=\"#?secret=\"+t,e.setAttribute(\"data-secret\",t)),e.contentWindow.postMessage({message:\"ready\",secret:t},\"*\")},!1)))}(window,document);\n\/* ]]> *\/\n<\/script>\n"},"_links":{"self":[{"href":"https:\/\/stepienybarno.es\/blog\/wp-json\/wp\/v2\/posts\/16214"}],"collection":[{"href":"https:\/\/stepienybarno.es\/blog\/wp-json\/wp\/v2\/posts"}],"about":[{"href":"https:\/\/stepienybarno.es\/blog\/wp-json\/wp\/v2\/types\/post"}],"author":[{"embeddable":true,"href":"https:\/\/stepienybarno.es\/blog\/wp-json\/wp\/v2\/users\/2"}],"replies":[{"embeddable":true,"href":"https:\/\/stepienybarno.es\/blog\/wp-json\/wp\/v2\/comments?post=16214"}],"version-history":[{"count":2,"href":"https:\/\/stepienybarno.es\/blog\/wp-json\/wp\/v2\/posts\/16214\/revisions"}],"predecessor-version":[{"id":16218,"href":"https:\/\/stepienybarno.es\/blog\/wp-json\/wp\/v2\/posts\/16214\/revisions\/16218"}],"wp:attachment":[{"href":"https:\/\/stepienybarno.es\/blog\/wp-json\/wp\/v2\/media?parent=16214"}],"wp:term":[{"taxonomy":"category","embeddable":true,"href":"https:\/\/stepienybarno.es\/blog\/wp-json\/wp\/v2\/categories?post=16214"},{"taxonomy":"post_tag","embeddable":true,"href":"https:\/\/stepienybarno.es\/blog\/wp-json\/wp\/v2\/tags?post=16214"},{"taxonomy":"series","embeddable":true,"href":"https:\/\/stepienybarno.es\/blog\/wp-json\/wp\/v2\/series?post=16214"}],"curies":[{"name":"wp","href":"https:\/\/api.w.org\/{rel}","templated":true}]}}