{"id":16219,"date":"2015-03-02T18:30:34","date_gmt":"2015-03-02T16:30:34","guid":{"rendered":"https:\/\/www.stepienybarno.es\/blog\/?p=16219"},"modified":"2015-03-02T18:33:40","modified_gmt":"2015-03-02T16:33:40","slug":"ultimas-plazas-para-la-jornada-la-periferia-de-la-arquitectura","status":"publish","type":"post","link":"https:\/\/stepienybarno.es\/blog\/2015\/03\/02\/ultimas-plazas-para-la-jornada-la-periferia-de-la-arquitectura\/","title":{"rendered":"\u00daLTIMAS PLAZAS PARA LA JORNADA LA PERIFERIA DE LA ARQUITECTURA"},"content":{"rendered":"<p style=\"text-align: center;\"><a href=\"https:\/\/stepienybarno.es\/blog\/wp-content\/uploads\/2015\/03\/0.-la-periferia-de-la-arquitectura-hna-stepienybarno.png\"><img loading=\"lazy\" decoding=\"async\" class=\"aligncenter size-full wp-image-16220\" title=\"0. la-periferia-de-la-arquitectura-hna-stepienybarno\" src=\"https:\/\/stepienybarno.es\/blog\/wp-content\/uploads\/2015\/03\/0.-la-periferia-de-la-arquitectura-hna-stepienybarno.png\" alt=\"0. la-periferia-de-la-arquitectura-hna-stepienybarno\" width=\"350\" height=\"141\" srcset=\"https:\/\/stepienybarno.es\/blog\/wp-content\/uploads\/2015\/03\/0.-la-periferia-de-la-arquitectura-hna-stepienybarno.png 350w, https:\/\/stepienybarno.es\/blog\/wp-content\/uploads\/2015\/03\/0.-la-periferia-de-la-arquitectura-hna-stepienybarno-180x73.png 180w, https:\/\/stepienybarno.es\/blog\/wp-content\/uploads\/2015\/03\/0.-la-periferia-de-la-arquitectura-hna-stepienybarno-316x127.png 316w\" sizes=\"(max-width: 350px) 100vw, 350px\" \/><\/a><\/p>\n<p>Como ya os cont\u00e1bamos la semana pasada, este jueves estaremos en Madrid con un evento que esperamos salga muy bien.<\/p>\n<p>Tanto la organizaci\u00f3n, hna + CEU, como Stepienybarno en labores de comisariado, estamos muy ilusionados con esta jornada que congrega ponentes de la talla de Jos\u00e9 Mar\u00eda Echarte (n+1), Alberto Alonso (Veredes), Marta Parra (Arquitectura de Maternidades), Enrique Parra (Pedacicos arquitect\u00f3nicos) y \u00a0Dolores Victoria Ruiz (Semis\u00f3tano \/ Little Architect).<\/p>\n<p>\u00a1Os esperamos!<!--more--><\/p>\n<blockquote>\n<p style=\"text-align: center;\">Toda la informaci\u00f3n sobre la jornada la pod\u00e9is encontrar, <a href=\"https:\/\/stepienybarno.es\/blog\/2015\/02\/23\/jornada-la-periferia-de-la-arquitectura-en-el-ceu-san-pablo-de-madrid\/\"><span style=\"color: #ff0000;\"><strong>AQU\u00cd.<\/strong><\/span><\/a><\/p>\n<p style=\"text-align: center;\">Y no os olvid\u00e9is de apuntaros en <a href=\"mailto:eventos@hna.es\"><span style=\"color: #ff0000;\"><strong>eventos@hna.es<\/strong><\/span><\/a><\/p>\n<p style=\"text-align: center;\"><strong><span style=\"color: #ff0000;\">https:\/\/www.hna.es\/landing\/alumnos-ceu\/alumnos-ceu?CAMPANA=728&amp;FASE=126<\/span><\/strong><\/p>\n<p style=\"text-align: center;\"><strong><span style=\"color: #ff0000;\"><br \/>\n<\/span><\/strong><\/p><\/blockquote>\n<p>* <span style=\"color: #888888;\"><em>Este art\u00edculo ha sido escrito con car\u00e1cter divulgativo y sin ning\u00fan tipo de \u00e1nimo de lucro. As\u00ed que, si te apetece compartirlo en cualquier otro medio, estaremos encantados de que lo hagas siempre y cuando cites el lugar donde lo has encontrado.<\/em><\/span><\/p>\n<p><a href=\"https:\/\/twitter.com\/stepienybarno\"><span style=\"color: #888888;\"><em>STEPIENYBARNO EN TWITTER _ @stepienybarno<\/em><\/span><\/a><\/p>\n<p><a href=\"http:\/\/www.linkedin.com\/company\/stepienybarno\"><span style=\"color: #888888;\"><em>STEPIENYBARNO EN LINKEDIN<\/em><\/span><\/a><\/p>\n<p><a href=\"https:\/\/www.facebook.com\/pages\/BLOG-DE-STEPIENYBARNO\/78001079029\"><span style=\"color: #888888;\"><em>STEPIENYBARNO EN FACEBOOK<\/em><\/span><\/a><\/p>\n<p><span style=\"color: #888888;\"><em>* Stepienybarno est\u00e1 formado por Agnieszka Stepien y Lorenzo Barn\u00f3 y desde mayo del 2009 estamos en la red con\u00a0 la presente publicaci\u00f3n digital (Blog) de arquitectura.<\/em><\/span><\/p>\n<p><span style=\"color: #888888;\"><em>Nuestra actividad se sustenta en tres pilares b\u00e1sicos: la investigaci\u00f3n, la publicaci\u00f3n y la redacci\u00f3n de proyectos de arquitectura.<\/em><\/span><\/p>\n<p align=\"left\"><span style=\"color: #888888;\"><em>A su vez, somos socios cofundadores de <a href=\"http:\/\/sinergiasostenible.org\/\">SINERGIA SOSTENIBLE<\/a>, redactores de <a href=\"http:\/\/www.laciudadviva.org\/blogs\/?author=45\">LA CIUDAD VIVA<\/a> y directores del blog de FUNDACI\u00d3N ARQUIA.<\/em><\/span><\/p>\n<p><span style=\"color: #888888;\"><em>* Los editores de esta publicaci\u00f3n digital no nos hacemos cargo de de los comentarios y\u00a0 conceptos vertidos en los textos firmados por otras personas, siendo \u00e9stos de responsabilidad exclusiva de sus autores.<\/em><\/span><\/p>\n<p><span style=\"color: #888888;\"><em>* Tu comentario pudiera ser moderado, por lo tanto, aunque aparezca inmediatamente al ser publicado en la entrada, los editores de esta publicaci\u00f3n digital nos reservamos el derecho tanto de editarlo (si fuera necesario, para hacerlo m\u00e1s legible) como de eliminarlo en el caso de que se usen expresiones incorrectas (descalificaciones, palabras malsonantes\u2026). A su vez, si quieres comentar desde el anonimato puedes hacerlo, aunque, nosotros personalmente, agradecemos que tod@s nos podamos identificar.<\/em><\/span><\/p>\n","protected":false},"excerpt":{"rendered":"<p>Como ya os cont\u00e1bamos la semana pasada, este jueves estaremos en Madrid con un evento que esperamos salga muy bien.<\/p>\n<p>Tanto la organizaci\u00f3n, hna + CEU, como Stepienybarno en labores de comisariado, estamos muy ilusionados con esta jornada que congrega ponentes de la talla de Jos\u00e9 Mar\u00eda Echarte (n+1), Alberto Alonso (Veredes), Marta Parra (Arquitectura de Maternidades), Enrique Parra (Pedacicos arquitect\u00f3nicos) y  Dolores Victoria Ruiz (Semis\u00f3tano \/ Little Architect).<\/p>\n<p>\u00a1Os esperamos!(m\u00e1s&#8230;)<\/p>\n","protected":false},"author":2,"featured_media":0,"comment_status":"open","ping_status":"closed","sticky":false,"template":"","format":"standard","meta":{"om_disable_all_campaigns":false,"_monsterinsights_skip_tracking":false,"_monsterinsights_sitenote_active":false,"_monsterinsights_sitenote_note":"","_monsterinsights_sitenote_category":0,"_uf_show_specific_survey":0,"_uf_disable_surveys":false,"episode_type":"","audio_file":"","cover_image":"","cover_image_id":"","duration":"","filesize":"","date_recorded":"","explicit":"","block":"","filesize_raw":"","footnotes":""},"categories":[34,4],"tags":[1904,3347,294],"series":[],"class_list":["post-16219","post","type-post","status-publish","format-standard","hentry","category-actualidad","category-arquilectura","tag-ceu","tag-hna","tag-jornadas"],"aioseo_notices":[],"episode_featured_image":false,"episode_player_image":"https:\/\/stepienybarno.es\/blog\/wp-content\/uploads\/2020\/11\/stepienybarno-podcast-scaled.jpg","download_link":"","player_link":"","audio_player":false,"episode_data":{"playerMode":"dark","subscribeUrls":[],"rssFeedUrl":"https:\/\/stepienybarno.es\/blog\/feed\/podcast\/podcast-de-stepienybarno","embedCode":"<blockquote class=\"wp-embedded-content\" data-secret=\"WXbCTl0EFb\"><a href=\"https:\/\/stepienybarno.es\/blog\/2015\/03\/02\/ultimas-plazas-para-la-jornada-la-periferia-de-la-arquitectura\/\">\u00daLTIMAS PLAZAS PARA LA JORNADA LA PERIFERIA DE LA ARQUITECTURA<\/a><\/blockquote><iframe sandbox=\"allow-scripts\" security=\"restricted\" src=\"https:\/\/stepienybarno.es\/blog\/2015\/03\/02\/ultimas-plazas-para-la-jornada-la-periferia-de-la-arquitectura\/embed\/#?secret=WXbCTl0EFb\" width=\"500\" height=\"350\" title=\"\u00ab\u00daLTIMAS PLAZAS PARA LA JORNADA LA PERIFERIA DE LA ARQUITECTURA\u00bb \u2014 Blog de STEPIEN Y BARNO - publicaci\u00f3n digital sobre arquitectura\" data-secret=\"WXbCTl0EFb\" frameborder=\"0\" marginwidth=\"0\" marginheight=\"0\" scrolling=\"no\" class=\"wp-embedded-content\"><\/iframe><script type=\"text\/javascript\">\n\/* <![CDATA[ *\/\n\/*! This file is auto-generated *\/\n!function(d,l){\"use strict\";l.querySelector&&d.addEventListener&&\"undefined\"!=typeof URL&&(d.wp=d.wp||{},d.wp.receiveEmbedMessage||(d.wp.receiveEmbedMessage=function(e){var t=e.data;if((t||t.secret||t.message||t.value)&&!\/[^a-zA-Z0-9]\/.test(t.secret)){for(var s,r,n,a=l.querySelectorAll('iframe[data-secret=\"'+t.secret+'\"]'),o=l.querySelectorAll('blockquote[data-secret=\"'+t.secret+'\"]'),c=new RegExp(\"^https?:$\",\"i\"),i=0;i<o.length;i++)o[i].style.display=\"none\";for(i=0;i<a.length;i++)s=a[i],e.source===s.contentWindow&&(s.removeAttribute(\"style\"),\"height\"===t.message?(1e3<(r=parseInt(t.value,10))?r=1e3:~~r<200&&(r=200),s.height=r):\"link\"===t.message&&(r=new URL(s.getAttribute(\"src\")),n=new URL(t.value),c.test(n.protocol))&&n.host===r.host&&l.activeElement===s&&(d.top.location.href=t.value))}},d.addEventListener(\"message\",d.wp.receiveEmbedMessage,!1),l.addEventListener(\"DOMContentLoaded\",function(){for(var e,t,s=l.querySelectorAll(\"iframe.wp-embedded-content\"),r=0;r<s.length;r++)(t=(e=s[r]).getAttribute(\"data-secret\"))||(t=Math.random().toString(36).substring(2,12),e.src+=\"#?secret=\"+t,e.setAttribute(\"data-secret\",t)),e.contentWindow.postMessage({message:\"ready\",secret:t},\"*\")},!1)))}(window,document);\n\/* ]]> *\/\n<\/script>\n"},"_links":{"self":[{"href":"https:\/\/stepienybarno.es\/blog\/wp-json\/wp\/v2\/posts\/16219"}],"collection":[{"href":"https:\/\/stepienybarno.es\/blog\/wp-json\/wp\/v2\/posts"}],"about":[{"href":"https:\/\/stepienybarno.es\/blog\/wp-json\/wp\/v2\/types\/post"}],"author":[{"embeddable":true,"href":"https:\/\/stepienybarno.es\/blog\/wp-json\/wp\/v2\/users\/2"}],"replies":[{"embeddable":true,"href":"https:\/\/stepienybarno.es\/blog\/wp-json\/wp\/v2\/comments?post=16219"}],"version-history":[{"count":4,"href":"https:\/\/stepienybarno.es\/blog\/wp-json\/wp\/v2\/posts\/16219\/revisions"}],"predecessor-version":[{"id":16223,"href":"https:\/\/stepienybarno.es\/blog\/wp-json\/wp\/v2\/posts\/16219\/revisions\/16223"}],"wp:attachment":[{"href":"https:\/\/stepienybarno.es\/blog\/wp-json\/wp\/v2\/media?parent=16219"}],"wp:term":[{"taxonomy":"category","embeddable":true,"href":"https:\/\/stepienybarno.es\/blog\/wp-json\/wp\/v2\/categories?post=16219"},{"taxonomy":"post_tag","embeddable":true,"href":"https:\/\/stepienybarno.es\/blog\/wp-json\/wp\/v2\/tags?post=16219"},{"taxonomy":"series","embeddable":true,"href":"https:\/\/stepienybarno.es\/blog\/wp-json\/wp\/v2\/series?post=16219"}],"curies":[{"name":"wp","href":"https:\/\/api.w.org\/{rel}","templated":true}]}}