{"id":16242,"date":"2015-03-04T10:12:03","date_gmt":"2015-03-04T08:12:03","guid":{"rendered":"https:\/\/www.stepienybarno.es\/blog\/?p=16242"},"modified":"2015-03-04T10:13:12","modified_gmt":"2015-03-04T08:13:12","slug":"el-viejo-y-el-nuevo-urbact-ambos-llenos-de-novedades","status":"publish","type":"post","link":"https:\/\/stepienybarno.es\/blog\/2015\/03\/04\/el-viejo-y-el-nuevo-urbact-ambos-llenos-de-novedades\/","title":{"rendered":"EL VIEJO Y EL NUEVO URBACT, AMBOS LLENOS DE NOVEDADES"},"content":{"rendered":"<p><a href=\"https:\/\/stepienybarno.es\/blog\/wp-content\/uploads\/2015\/03\/Stepienybarno-blog-Stepien-y-barno-URBACT-ecosistema-urbano.jpg\"><img loading=\"lazy\" decoding=\"async\" class=\"aligncenter size-full wp-image-16243\" title=\"Stepienybarno-blog-Stepien-y-barno-URBACT-ecosistema-urbano\" src=\"https:\/\/stepienybarno.es\/blog\/wp-content\/uploads\/2015\/03\/Stepienybarno-blog-Stepien-y-barno-URBACT-ecosistema-urbano.jpg\" alt=\"Stepienybarno-blog-Stepien-y-barno-URBACT-ecosistema-urbano\" width=\"500\" height=\"302\" srcset=\"https:\/\/stepienybarno.es\/blog\/wp-content\/uploads\/2015\/03\/Stepienybarno-blog-Stepien-y-barno-URBACT-ecosistema-urbano.jpg 500w, https:\/\/stepienybarno.es\/blog\/wp-content\/uploads\/2015\/03\/Stepienybarno-blog-Stepien-y-barno-URBACT-ecosistema-urbano-180x109.jpg 180w, https:\/\/stepienybarno.es\/blog\/wp-content\/uploads\/2015\/03\/Stepienybarno-blog-Stepien-y-barno-URBACT-ecosistema-urbano-316x191.jpg 316w\" sizes=\"(max-width: 500px) 100vw, 500px\" \/><\/a><\/p>\n<p>Por<em> <\/em><a href=\"http:\/\/ecosistemaurbano.org\/author\/urbact\/\" target=\"_blank\">Urbact<\/a> Desde <a href=\"http:\/\/ecosistemaurbano.org\/\" target=\"_blank\">Ecosistema Urbano<\/a><\/p>\n<p><!--more--><\/p>\n<p>\u201cEste bolet\u00edn lo hemos dedicado principalmente a hacer una recopilaci\u00f3n de las \u00faltimas noticias sobre el programa. URBACT II est\u00e1 a\u00fan en pleno cierre \u00a1y los engranajes de URBACT III ya empiezan a moverse a gran velocidad!<\/p>\n<p>La pr\u00f3xima edici\u00f3n, que por un baile de fechas saldr\u00e1 dentro de unos pocos d\u00edas, se centrar\u00e1 en varios art\u00edculos m\u00e1s desarrollados y traducidos al espa\u00f1ol, sobre temas que merecen ser revisados en profundidad.<\/p>\n<p><strong>Si ten\u00e9is noticias de vuestras redes o quer\u00e9is compartir con la red espa\u00f1ola vuestras actividades, mandadnos algo durante esta semana y lo incluimos en el pr\u00f3ximo bolet\u00edn.<\/strong> (\u2026)\u201d<\/p>\n<blockquote>\n<p align=\"center\">Acceder a la noticia, <a href=\"http:\/\/ecosistemaurbano.org\/urbanismo\/urbact-lleno-de-novedades\/\" target=\"_blank\">AQU\u00cd<\/a><\/p>\n<\/blockquote>\n<p align=\"center\">\n<p><em><span style=\"color: #888888;\">Noticia seleccionada por el Canal de arquitectura STEPIENYBARNO.<\/span><\/em><em> <\/em><\/p>\n<p><em><span style=\"text-decoration: underline;\"><a href=\"https:\/\/twitter.com\/stepienybarno\" target=\"_blank\">STEPIENYBARNO EN TWITTER _ @stepienybarno<\/a><\/span><\/em><em><\/em><\/p>\n<p><a href=\"http:\/\/www.linkedin.com\/company\/stepienybarno\" target=\"_blank\"><em>STEPIENYBARNO EN LINKEDIN<\/em><\/a><\/p>\n<p><em><span style=\"text-decoration: underline;\"><a href=\"https:\/\/www.facebook.com\/pages\/BLOG-DE-STEPIENYBARNO\/78001079029\" target=\"_blank\">STEPIENYBARNO EN FACEBOOK<\/a><\/span><\/em><em><\/em><\/p>\n<p><span style=\"color: #888888;\"><em>*Stepienybarno est\u00e1 formado por Agnieszka Stepien y Lorenzo Barn\u00f3 y desde mayo del 2009 estamos en la red con\u00a0 la presente publicaci\u00f3n digital (Blog) de arquitectura.<\/em><em><\/em><\/span><\/p>\n<p><span style=\"color: #888888;\"><em>Nuestra actividad se sustenta en tres pilares b\u00e1sicos: la investigaci\u00f3n, la publicaci\u00f3n (comunicaci\u00f3n y difusi\u00f3n) y la redacci\u00f3n de proyectos de arquitectura.<\/em><em><\/em><\/span><\/p>\n<p><em><span style=\"color: #888888;\">A su vez, somos socios cofundadores de<\/span><\/em><em> <\/em><em><a href=\"http:\/\/sinergiasostenible.org\/\" target=\"_blank\">SINERGIA SOSTENIBLE<\/a><\/em><em><span style=\"color: #888888;\">, redactores de<\/span><\/em><em> <\/em><em><a href=\"http:\/\/www.laciudadviva.org\/blogs\/?author=45\" target=\"_blank\">LA CIUDAD VIVA<\/a><\/em><span style=\"color: #888888;\"><em> <\/em><em>y directores del blog de<\/em><\/span><em> <\/em><em><a href=\"http:\/\/blogfundacion.arquia.es\/\" target=\"_blank\">FUNDACI\u00d3N ARQUIA<span style=\"color: #888888;\">.<\/span><\/a><\/em><\/p>\n<p><span style=\"color: #888888;\"><em>* Los editores de esta publicaci\u00f3n digital no nos hacemos cargo de de los comentarios y\u00a0 conceptos vertidos en los textos firmados por otras personas, siendo \u00e9stos de responsabilidad exclusiva de sus autores.<\/em><em><\/em><\/span><\/p>\n<p><em><span style=\"color: #888888;\">* Tu comentario podr\u00e1 ser moderado, por lo tanto, aunque aparezca inmediatamente al ser publicado en la entrada, los editores de esta publicaci\u00f3n digital nos reservamos el derecho tanto de editarlo (si fuera necesario, para hacerlo m\u00e1s legible) como de eliminarlo en el caso de que se usen expresiones incorrectas (descalificaciones, palabras malsonantes\u2026). A su vez, si quieres comentar desde el anonimato puedes hacerlo, aunque, nosotros personalmente, agradecemos que tod@s nos podamos identificar.<\/span><\/em><\/p>\n","protected":false},"excerpt":{"rendered":"<p>Por Urbact Desde Ecosistema Urbano<\/p>\n<p>(m\u00e1s&#8230;)<\/p>\n","protected":false},"author":2,"featured_media":0,"comment_status":"open","ping_status":"closed","sticky":false,"template":"","format":"standard","meta":{"om_disable_all_campaigns":false,"_monsterinsights_skip_tracking":false,"_monsterinsights_sitenote_active":false,"_monsterinsights_sitenote_note":"","_monsterinsights_sitenote_category":0,"_uf_show_specific_survey":0,"_uf_disable_surveys":false,"episode_type":"","audio_file":"","cover_image":"","cover_image_id":"","duration":"","filesize":"","date_recorded":"","explicit":"","block":"","filesize_raw":"","footnotes":""},"categories":[244],"tags":[269,3185],"series":[],"class_list":["post-16242","post","type-post","status-publish","format-standard","hentry","category-canal-de-arquitectura","tag-ecosistema-urbano","tag-urbact"],"aioseo_notices":[],"episode_featured_image":false,"episode_player_image":"https:\/\/stepienybarno.es\/blog\/wp-content\/uploads\/2020\/11\/stepienybarno-podcast-scaled.jpg","download_link":"","player_link":"","audio_player":false,"episode_data":{"playerMode":"dark","subscribeUrls":[],"rssFeedUrl":"https:\/\/stepienybarno.es\/blog\/feed\/podcast\/podcast-de-stepienybarno","embedCode":"<blockquote class=\"wp-embedded-content\" data-secret=\"Fz73l3q6VI\"><a href=\"https:\/\/stepienybarno.es\/blog\/2015\/03\/04\/el-viejo-y-el-nuevo-urbact-ambos-llenos-de-novedades\/\">EL VIEJO Y EL NUEVO URBACT, AMBOS LLENOS DE NOVEDADES<\/a><\/blockquote><iframe sandbox=\"allow-scripts\" security=\"restricted\" src=\"https:\/\/stepienybarno.es\/blog\/2015\/03\/04\/el-viejo-y-el-nuevo-urbact-ambos-llenos-de-novedades\/embed\/#?secret=Fz73l3q6VI\" width=\"500\" height=\"350\" title=\"\u00abEL VIEJO Y EL NUEVO URBACT, AMBOS LLENOS DE NOVEDADES\u00bb \u2014 Blog de STEPIEN Y BARNO - publicaci\u00f3n digital sobre arquitectura\" data-secret=\"Fz73l3q6VI\" frameborder=\"0\" marginwidth=\"0\" marginheight=\"0\" scrolling=\"no\" class=\"wp-embedded-content\"><\/iframe><script type=\"text\/javascript\">\n\/* <![CDATA[ *\/\n\/*! This file is auto-generated *\/\n!function(d,l){\"use strict\";l.querySelector&&d.addEventListener&&\"undefined\"!=typeof URL&&(d.wp=d.wp||{},d.wp.receiveEmbedMessage||(d.wp.receiveEmbedMessage=function(e){var t=e.data;if((t||t.secret||t.message||t.value)&&!\/[^a-zA-Z0-9]\/.test(t.secret)){for(var s,r,n,a=l.querySelectorAll('iframe[data-secret=\"'+t.secret+'\"]'),o=l.querySelectorAll('blockquote[data-secret=\"'+t.secret+'\"]'),c=new RegExp(\"^https?:$\",\"i\"),i=0;i<o.length;i++)o[i].style.display=\"none\";for(i=0;i<a.length;i++)s=a[i],e.source===s.contentWindow&&(s.removeAttribute(\"style\"),\"height\"===t.message?(1e3<(r=parseInt(t.value,10))?r=1e3:~~r<200&&(r=200),s.height=r):\"link\"===t.message&&(r=new URL(s.getAttribute(\"src\")),n=new URL(t.value),c.test(n.protocol))&&n.host===r.host&&l.activeElement===s&&(d.top.location.href=t.value))}},d.addEventListener(\"message\",d.wp.receiveEmbedMessage,!1),l.addEventListener(\"DOMContentLoaded\",function(){for(var e,t,s=l.querySelectorAll(\"iframe.wp-embedded-content\"),r=0;r<s.length;r++)(t=(e=s[r]).getAttribute(\"data-secret\"))||(t=Math.random().toString(36).substring(2,12),e.src+=\"#?secret=\"+t,e.setAttribute(\"data-secret\",t)),e.contentWindow.postMessage({message:\"ready\",secret:t},\"*\")},!1)))}(window,document);\n\/* ]]> *\/\n<\/script>\n"},"_links":{"self":[{"href":"https:\/\/stepienybarno.es\/blog\/wp-json\/wp\/v2\/posts\/16242"}],"collection":[{"href":"https:\/\/stepienybarno.es\/blog\/wp-json\/wp\/v2\/posts"}],"about":[{"href":"https:\/\/stepienybarno.es\/blog\/wp-json\/wp\/v2\/types\/post"}],"author":[{"embeddable":true,"href":"https:\/\/stepienybarno.es\/blog\/wp-json\/wp\/v2\/users\/2"}],"replies":[{"embeddable":true,"href":"https:\/\/stepienybarno.es\/blog\/wp-json\/wp\/v2\/comments?post=16242"}],"version-history":[{"count":3,"href":"https:\/\/stepienybarno.es\/blog\/wp-json\/wp\/v2\/posts\/16242\/revisions"}],"predecessor-version":[{"id":16245,"href":"https:\/\/stepienybarno.es\/blog\/wp-json\/wp\/v2\/posts\/16242\/revisions\/16245"}],"wp:attachment":[{"href":"https:\/\/stepienybarno.es\/blog\/wp-json\/wp\/v2\/media?parent=16242"}],"wp:term":[{"taxonomy":"category","embeddable":true,"href":"https:\/\/stepienybarno.es\/blog\/wp-json\/wp\/v2\/categories?post=16242"},{"taxonomy":"post_tag","embeddable":true,"href":"https:\/\/stepienybarno.es\/blog\/wp-json\/wp\/v2\/tags?post=16242"},{"taxonomy":"series","embeddable":true,"href":"https:\/\/stepienybarno.es\/blog\/wp-json\/wp\/v2\/series?post=16242"}],"curies":[{"name":"wp","href":"https:\/\/api.w.org\/{rel}","templated":true}]}}