{"id":16398,"date":"2015-03-13T19:32:03","date_gmt":"2015-03-13T17:32:03","guid":{"rendered":"https:\/\/www.stepienybarno.es\/blog\/?p=16398"},"modified":"2015-03-13T14:59:30","modified_gmt":"2015-03-13T12:59:30","slug":"the-willowman-project","status":"publish","type":"post","link":"https:\/\/stepienybarno.es\/blog\/2015\/03\/13\/the-willowman-project\/","title":{"rendered":"THE WILLOWMAN PROJECT"},"content":{"rendered":"<p><a href=\"https:\/\/stepienybarno.es\/blog\/wp-content\/uploads\/2015\/03\/Stepienybarno-Blog-Stepien-y-barno-will-beckers-caba\u00f1as-landart-.jpg\"><img loading=\"lazy\" decoding=\"async\" class=\"aligncenter size-full wp-image-16402\" title=\"Stepienybarno-Blog-Stepien-y-barno-will-beckers-caba\u00f1as-landart-\" src=\"https:\/\/stepienybarno.es\/blog\/wp-content\/uploads\/2015\/03\/Stepienybarno-Blog-Stepien-y-barno-will-beckers-caba\u00f1as-landart-.jpg\" alt=\"Stepienybarno-Blog-Stepien-y-barno-will-beckers-caba\u00f1as-landart-\" width=\"500\" height=\"333\" srcset=\"https:\/\/stepienybarno.es\/blog\/wp-content\/uploads\/2015\/03\/Stepienybarno-Blog-Stepien-y-barno-will-beckers-caba\u00f1as-landart-.jpg 500w, https:\/\/stepienybarno.es\/blog\/wp-content\/uploads\/2015\/03\/Stepienybarno-Blog-Stepien-y-barno-will-beckers-caba\u00f1as-landart--180x120.jpg 180w, https:\/\/stepienybarno.es\/blog\/wp-content\/uploads\/2015\/03\/Stepienybarno-Blog-Stepien-y-barno-will-beckers-caba\u00f1as-landart--316x210.jpg 316w\" sizes=\"(max-width: 500px) 100vw, 500px\" \/><\/a><\/p>\n<p>Os recomendamos el trabajo inspirador de Will Beckers para el fin de semana\u2026 Buenos lugares para desconectar \u00bfos parece?<\/p>\n<p><!--more--><\/p>\n<p><em>Will Beckers es un artista ambiental cuya pasi\u00f3n es seguir el proceso evolutivo de las plantas y las formas naturales. Beckers ha construido varias caba\u00f1as de los \u00e1rboles en el dominio Willowman, con materiales naturales y completamente integradas en el entorno forestal, estas caba\u00f1as tienen un lenguaje arquitect\u00f3nico propio. Son algo m\u00e1s que un refugio, son ejemplos de la arquitectura en la naturaleza.<\/em><\/p>\n<p><a href=\"https:\/\/stepienybarno.es\/blog\/wp-content\/uploads\/2015\/03\/Stepienybarno-Blog-Stepien-y-barno-will-beckers-caba\u00f1as-landart-21.jpg\"><img loading=\"lazy\" decoding=\"async\" class=\"aligncenter size-full wp-image-16400\" title=\"Stepienybarno-Blog-Stepien-y-barno-will-beckers-caba\u00f1as-landart-2\" src=\"https:\/\/stepienybarno.es\/blog\/wp-content\/uploads\/2015\/03\/Stepienybarno-Blog-Stepien-y-barno-will-beckers-caba\u00f1as-landart-21.jpg\" alt=\"Stepienybarno-Blog-Stepien-y-barno-will-beckers-caba\u00f1as-landart-2\" width=\"500\" height=\"369\" srcset=\"https:\/\/stepienybarno.es\/blog\/wp-content\/uploads\/2015\/03\/Stepienybarno-Blog-Stepien-y-barno-will-beckers-caba\u00f1as-landart-21.jpg 500w, https:\/\/stepienybarno.es\/blog\/wp-content\/uploads\/2015\/03\/Stepienybarno-Blog-Stepien-y-barno-will-beckers-caba\u00f1as-landart-21-180x133.jpg 180w, https:\/\/stepienybarno.es\/blog\/wp-content\/uploads\/2015\/03\/Stepienybarno-Blog-Stepien-y-barno-will-beckers-caba\u00f1as-landart-21-316x233.jpg 316w\" sizes=\"(max-width: 500px) 100vw, 500px\" \/><\/a><\/p>\n<p><a href=\"https:\/\/stepienybarno.es\/blog\/wp-content\/uploads\/2015\/03\/Stepienybarno-Blog-Stepien-y-barno-will-beckers-caba\u00f1as-landart-21.jpg\"><\/a><a href=\"https:\/\/stepienybarno.es\/blog\/wp-content\/uploads\/2015\/03\/Stepienybarno-Blog-Stepien-y-barno-will-beckers-caba\u00f1as-landart.jpg\"><img loading=\"lazy\" decoding=\"async\" class=\"aligncenter size-full wp-image-16401\" title=\"Stepienybarno-Blog-Stepien-y-barno-will-beckers-caba\u00f1as-landart\" src=\"https:\/\/stepienybarno.es\/blog\/wp-content\/uploads\/2015\/03\/Stepienybarno-Blog-Stepien-y-barno-will-beckers-caba\u00f1as-landart.jpg\" alt=\"Stepienybarno-Blog-Stepien-y-barno-will-beckers-caba\u00f1as-landart\" width=\"500\" height=\"369\" srcset=\"https:\/\/stepienybarno.es\/blog\/wp-content\/uploads\/2015\/03\/Stepienybarno-Blog-Stepien-y-barno-will-beckers-caba\u00f1as-landart.jpg 500w, https:\/\/stepienybarno.es\/blog\/wp-content\/uploads\/2015\/03\/Stepienybarno-Blog-Stepien-y-barno-will-beckers-caba\u00f1as-landart-180x133.jpg 180w, https:\/\/stepienybarno.es\/blog\/wp-content\/uploads\/2015\/03\/Stepienybarno-Blog-Stepien-y-barno-will-beckers-caba\u00f1as-landart-316x233.jpg 316w\" sizes=\"(max-width: 500px) 100vw, 500px\" \/><\/a><\/p>\n<blockquote>\n<p align=\"center\">Acceder a la web, <a href=\"http:\/\/www.thewillowman.com\/Tree_Huts.html\" target=\"_blank\">AQU\u00cd<\/a><\/p>\n<\/blockquote>\n<p><em><span style=\"color: #888888;\">Noticia seleccionada por el Canal de arquitectura STEPIENYBARNO.<\/span><\/em><\/p>\n<p><em><span style=\"text-decoration: underline;\"><a href=\"https:\/\/twitter.com\/stepienybarno\" target=\"_blank\">STEPIENYBARNO EN TWITTER _ @stepienybarno<\/a><\/span><\/em><\/p>\n<p><span style=\"text-decoration: underline;\"><a href=\"http:\/\/www.linkedin.com\/company\/stepienybarno\" target=\"_blank\"><em>STEPIENYBARNO EN LINKEDIN<\/em><\/a><\/span><\/p>\n<p><em><span style=\"text-decoration: underline;\"><a href=\"https:\/\/www.facebook.com\/StepienybarnoCANAL\" target=\"_blank\">STEPIENYBARNO EN FACEBOOK<\/a><\/span><\/em><\/p>\n<p><em><span style=\"color: #888888;\">*Stepienybarno est\u00e1 formado por Agnieszka Stepien y Lorenzo Barn\u00f3 y desde mayo del 2009 estamos en la red con\u00a0 la presente publicaci\u00f3n digital (Blog) de arquitectura.<\/span><\/em><\/p>\n<p><em><span style=\"color: #888888;\">Nuestra actividad se sustenta en tres pilares b\u00e1sicos: la investigaci\u00f3n, la publicaci\u00f3n (comunicaci\u00f3n y difusi\u00f3n) y la redacci\u00f3n de proyectos de arquitectura.<\/span><\/em><\/p>\n<p><span style=\"color: #888888;\"><em>A su vez, somos socios cofundadores de<\/em><em> <\/em><\/span><em><a href=\"http:\/\/sinergiasostenible.org\/\" target=\"_blank\">SINERGIA SOSTENIBLE<\/a><span style=\"color: #888888;\">, redactores de<\/span><\/em><em> <\/em><em><a href=\"http:\/\/www.laciudadviva.org\/blogs\/?author=45\" target=\"_blank\">LA CIUDAD VIVA<\/a><\/em><span style=\"color: #888888;\"><em> <\/em><em>y directores del blog de<\/em><\/span><em> <\/em><em><a href=\"http:\/\/blogfundacion.arquia.es\/\" target=\"_blank\">FUNDACI\u00d3N ARQUIA<\/a><span style=\"color: #888888;\">.<\/span><\/em><\/p>\n<p><em><span style=\"color: #888888;\">* Los editores de esta publicaci\u00f3n digital no nos hacemos cargo de de los comentarios y\u00a0 conceptos vertidos en los textos firmados por otras personas, siendo \u00e9stos de responsabilidad exclusiva de sus autores.<\/span><\/em><\/p>\n<p><em><span style=\"color: #888888;\">* Tu comentario podr\u00e1 ser moderado, por lo tanto, aunque aparezca inmediatamente al ser publicado en la entrada, los editores de esta publicaci\u00f3n digital nos reservamos el derecho tanto de editarlo (si fuera necesario, para hacerlo m\u00e1s legible) como de eliminarlo en el caso de que se usen expresiones incorrectas (descalificaciones, palabras malsonantes\u2026). A su vez, si quieres comentar desde el anonimato puedes hacerlo, aunque, nosotros personalmente, agradecemos que tod@s nos podamos identificar.<\/span><\/em><\/p>\n","protected":false},"excerpt":{"rendered":"<p>Os recomendamos el trabajo inspirador de Will Beckers para el fin de semana\u2026 Buenos lugares para desconectar \u00bfos parece?<\/p>\n<p>(m\u00e1s&#8230;)<\/p>\n","protected":false},"author":2,"featured_media":0,"comment_status":"open","ping_status":"closed","sticky":false,"template":"","format":"standard","meta":{"om_disable_all_campaigns":false,"_monsterinsights_skip_tracking":false,"_monsterinsights_sitenote_active":false,"_monsterinsights_sitenote_note":"","_monsterinsights_sitenote_category":0,"_uf_show_specific_survey":0,"_uf_disable_surveys":false,"episode_type":"","audio_file":"","cover_image":"","cover_image_id":"","duration":"","filesize":"","date_recorded":"","explicit":"","block":"","filesize_raw":"","footnotes":""},"categories":[244],"tags":[3404],"series":[],"class_list":["post-16398","post","type-post","status-publish","format-standard","hentry","category-canal-de-arquitectura","tag-will-beckers"],"aioseo_notices":[],"episode_featured_image":false,"episode_player_image":"https:\/\/stepienybarno.es\/blog\/wp-content\/uploads\/2020\/11\/stepienybarno-podcast-scaled.jpg","download_link":"","player_link":"","audio_player":false,"episode_data":{"playerMode":"dark","subscribeUrls":[],"rssFeedUrl":"https:\/\/stepienybarno.es\/blog\/feed\/podcast\/podcast-de-stepienybarno","embedCode":"<blockquote class=\"wp-embedded-content\" data-secret=\"uffhWrs8UV\"><a href=\"https:\/\/stepienybarno.es\/blog\/2015\/03\/13\/the-willowman-project\/\">THE WILLOWMAN PROJECT<\/a><\/blockquote><iframe sandbox=\"allow-scripts\" security=\"restricted\" src=\"https:\/\/stepienybarno.es\/blog\/2015\/03\/13\/the-willowman-project\/embed\/#?secret=uffhWrs8UV\" width=\"500\" height=\"350\" title=\"\u00abTHE WILLOWMAN PROJECT\u00bb \u2014 Blog de STEPIEN Y BARNO - publicaci\u00f3n digital sobre arquitectura\" data-secret=\"uffhWrs8UV\" frameborder=\"0\" marginwidth=\"0\" marginheight=\"0\" scrolling=\"no\" class=\"wp-embedded-content\"><\/iframe><script type=\"text\/javascript\">\n\/* <![CDATA[ *\/\n\/*! This file is auto-generated *\/\n!function(d,l){\"use strict\";l.querySelector&&d.addEventListener&&\"undefined\"!=typeof URL&&(d.wp=d.wp||{},d.wp.receiveEmbedMessage||(d.wp.receiveEmbedMessage=function(e){var t=e.data;if((t||t.secret||t.message||t.value)&&!\/[^a-zA-Z0-9]\/.test(t.secret)){for(var s,r,n,a=l.querySelectorAll('iframe[data-secret=\"'+t.secret+'\"]'),o=l.querySelectorAll('blockquote[data-secret=\"'+t.secret+'\"]'),c=new RegExp(\"^https?:$\",\"i\"),i=0;i<o.length;i++)o[i].style.display=\"none\";for(i=0;i<a.length;i++)s=a[i],e.source===s.contentWindow&&(s.removeAttribute(\"style\"),\"height\"===t.message?(1e3<(r=parseInt(t.value,10))?r=1e3:~~r<200&&(r=200),s.height=r):\"link\"===t.message&&(r=new URL(s.getAttribute(\"src\")),n=new URL(t.value),c.test(n.protocol))&&n.host===r.host&&l.activeElement===s&&(d.top.location.href=t.value))}},d.addEventListener(\"message\",d.wp.receiveEmbedMessage,!1),l.addEventListener(\"DOMContentLoaded\",function(){for(var e,t,s=l.querySelectorAll(\"iframe.wp-embedded-content\"),r=0;r<s.length;r++)(t=(e=s[r]).getAttribute(\"data-secret\"))||(t=Math.random().toString(36).substring(2,12),e.src+=\"#?secret=\"+t,e.setAttribute(\"data-secret\",t)),e.contentWindow.postMessage({message:\"ready\",secret:t},\"*\")},!1)))}(window,document);\n\/* ]]> *\/\n<\/script>\n"},"_links":{"self":[{"href":"https:\/\/stepienybarno.es\/blog\/wp-json\/wp\/v2\/posts\/16398"}],"collection":[{"href":"https:\/\/stepienybarno.es\/blog\/wp-json\/wp\/v2\/posts"}],"about":[{"href":"https:\/\/stepienybarno.es\/blog\/wp-json\/wp\/v2\/types\/post"}],"author":[{"embeddable":true,"href":"https:\/\/stepienybarno.es\/blog\/wp-json\/wp\/v2\/users\/2"}],"replies":[{"embeddable":true,"href":"https:\/\/stepienybarno.es\/blog\/wp-json\/wp\/v2\/comments?post=16398"}],"version-history":[{"count":2,"href":"https:\/\/stepienybarno.es\/blog\/wp-json\/wp\/v2\/posts\/16398\/revisions"}],"predecessor-version":[{"id":16404,"href":"https:\/\/stepienybarno.es\/blog\/wp-json\/wp\/v2\/posts\/16398\/revisions\/16404"}],"wp:attachment":[{"href":"https:\/\/stepienybarno.es\/blog\/wp-json\/wp\/v2\/media?parent=16398"}],"wp:term":[{"taxonomy":"category","embeddable":true,"href":"https:\/\/stepienybarno.es\/blog\/wp-json\/wp\/v2\/categories?post=16398"},{"taxonomy":"post_tag","embeddable":true,"href":"https:\/\/stepienybarno.es\/blog\/wp-json\/wp\/v2\/tags?post=16398"},{"taxonomy":"series","embeddable":true,"href":"https:\/\/stepienybarno.es\/blog\/wp-json\/wp\/v2\/series?post=16398"}],"curies":[{"name":"wp","href":"https:\/\/api.w.org\/{rel}","templated":true}]}}