{"id":16421,"date":"2015-03-17T09:50:12","date_gmt":"2015-03-17T07:50:12","guid":{"rendered":"https:\/\/www.stepienybarno.es\/blog\/?p=16421"},"modified":"2015-03-17T10:02:46","modified_gmt":"2015-03-17T08:02:46","slug":"manifiesto-abierto-por-los-espacios-urbanos-de-madrid","status":"publish","type":"post","link":"https:\/\/stepienybarno.es\/blog\/2015\/03\/17\/manifiesto-abierto-por-los-espacios-urbanos-de-madrid\/","title":{"rendered":"MANIFIESTO ABIERTO POR LOS ESPACIOS URBANOS DE MADRID"},"content":{"rendered":"<p><a href=\"https:\/\/stepienybarno.es\/blog\/wp-content\/uploads\/2015\/03\/Stepienybarno-blog-Stepien-y-barno-Basurama-La-ciudad-viva.jpg\"><img loading=\"lazy\" decoding=\"async\" class=\"aligncenter size-full wp-image-16422\" title=\"Stepienybarno-blog-Stepien-y-barno-Basurama-La-ciudad-viva\" src=\"https:\/\/stepienybarno.es\/blog\/wp-content\/uploads\/2015\/03\/Stepienybarno-blog-Stepien-y-barno-Basurama-La-ciudad-viva.jpg\" alt=\"Stepienybarno-blog-Stepien-y-barno-Basurama-La-ciudad-viva\" width=\"500\" height=\"333\" srcset=\"https:\/\/stepienybarno.es\/blog\/wp-content\/uploads\/2015\/03\/Stepienybarno-blog-Stepien-y-barno-Basurama-La-ciudad-viva.jpg 500w, https:\/\/stepienybarno.es\/blog\/wp-content\/uploads\/2015\/03\/Stepienybarno-blog-Stepien-y-barno-Basurama-La-ciudad-viva-180x120.jpg 180w, https:\/\/stepienybarno.es\/blog\/wp-content\/uploads\/2015\/03\/Stepienybarno-blog-Stepien-y-barno-Basurama-La-ciudad-viva-316x210.jpg 316w\" sizes=\"(max-width: 500px) 100vw, 500px\" \/><\/a><\/p>\n<p>Por <a href=\"http:\/\/basurama.org\/#2\" target=\"_blank\">Basurama<\/a> Desde <a href=\"http:\/\/www.laciudadviva.org\/\" target=\"_blank\">La Ciudad Viva<\/a><\/p>\n<p><!--more--><\/p>\n<p>\u201cDado la situaci\u00f3n cr\u00edtica que est\u00e1 viviendo actualmente la ciudad de Madrid, hemos decidido aprovechar nuestro espacio en La Ciudad Viva para redactar y compartir el siguiente manifiesto abierto. Invitamos a terminar de definirlo o modificarlo en\u00a0<a href=\"https:\/\/docs.google.com\/document\/d\/1-S1UP9aOEx7iYAenuahxt2CDgbznw8jhw13fBdHlzh0\/edit?usp=sharing\" target=\"_blank\">este link<\/a>,\u00a0disponible para su edici\u00f3n.<\/p>\n<p>MANIFIESTO ABIERTO POR LOS ESPACIOS URBANOS DE MADRID.<\/p>\n<p>Madrid, 16 de marzo de 2015<\/p>\n<p>Una de las situaciones m\u00e1s fruct\u00edferas que ha dado nuestra \u00e9poca ha sido la multiplicaci\u00f3n de espacio urbanos autogestionados, que han venido aparejados a una enorme toma de conciencia de la importancia que debe tener la ciudadan\u00eda en la gesti\u00f3n de la ciudad y del territorio.<\/p>\n<p>Espacios urbanos autogestionados de todo tipo: espacios p\u00fablicos, espacios sociales, espacios culturales, espacios centrales y perif\u00e9ricos, espacios ciudadanos, vecinales o como lo quieras llamar. Hay espacios espectaculares y recoletos, los hay de gesti\u00f3n h\u00edbrida, municipal o independiente, est\u00e1n ocupados, okupados, cedidos, alquilados\u2026 Espacios que han devuelto a la ciudad y a la calle su funci\u00f3n imprescindible de escenario, entorno y ambiente de la vida en com\u00fan. Han sido los espacios que han propuesto ciudades espa\u00f1olas vivibles para todos y todas, y en concreto, los lugares que han hecho de Madrid la ciudad viva y en marcha que es hoy en d\u00eda, en lugar de la ciudad gris que le deparaba comerse los despojos de la crisis. (\u2026)\u201d<\/p>\n<blockquote>\n<p align=\"center\">Acceder al art\u00edculo, <a href=\"http:\/\/www.laciudadviva.org\/blogs\/?p=27961\" target=\"_blank\">AQU\u00cd<\/a><\/p>\n<\/blockquote>\n<p align=\"center\">\n<p><em><span style=\"color: #888888;\">Noticia seleccionada por el Canal de arquitectura STEPIENYBARNO.<\/span><\/em><em> <\/em><\/p>\n<p><em><span style=\"text-decoration: underline;\"><a href=\"https:\/\/twitter.com\/stepienybarno\" target=\"_blank\">STEPIENYBARNO EN TWITTER _ @stepienybarno<\/a><\/span><\/em><em><\/em><\/p>\n<p><a href=\"http:\/\/www.linkedin.com\/company\/stepienybarno\" target=\"_blank\"><em>STEPIENYBARNO EN LINKEDIN<\/em><\/a><\/p>\n<p><em><span style=\"text-decoration: underline;\"><a href=\"https:\/\/www.facebook.com\/pages\/BLOG-DE-STEPIENYBARNO\/78001079029\" target=\"_blank\">STEPIENYBARNO EN FACEBOOK<\/a><\/span><\/em><em><\/em><\/p>\n<p><span style=\"color: #888888;\"><em>*Stepienybarno est\u00e1 formado por Agnieszka Stepien y Lorenzo Barn\u00f3 y desde mayo del 2009 estamos en la red con\u00a0 la presente publicaci\u00f3n digital (Blog) de arquitectura.<\/em><em><\/em><\/span><\/p>\n<p><span style=\"color: #888888;\"><em>Nuestra actividad se sustenta en tres pilares b\u00e1sicos: la investigaci\u00f3n, la publicaci\u00f3n (comunicaci\u00f3n y difusi\u00f3n) y la redacci\u00f3n de proyectos de arquitectura.<\/em><em><\/em><\/span><\/p>\n<p><em><span style=\"color: #888888;\">A su vez, somos socios cofundadores de<\/span><\/em><em> <\/em><em><a href=\"http:\/\/sinergiasostenible.org\/\" target=\"_blank\">SINERGIA SOSTENIBLE<\/a><\/em><span style=\"color: #888888;\"><em>, redactores de<\/em><em> <\/em><\/span><em><a href=\"http:\/\/www.laciudadviva.org\/blogs\/?author=45\" target=\"_blank\">LA CIUDAD VIVA<\/a><\/em><em> <\/em><em><span style=\"color: #888888;\">y directores del blog de<\/span><\/em><em> <\/em><em><a href=\"http:\/\/blogfundacion.arquia.es\/\" target=\"_blank\">FUNDACI\u00d3N ARQUIA<span style=\"color: #888888;\">.<\/span><\/a><\/em><\/p>\n<p><span style=\"color: #888888;\"><em>* Los editores de esta publicaci\u00f3n digital no nos hacemos cargo de de los comentarios y\u00a0 conceptos vertidos en los textos firmados por otras personas, siendo \u00e9stos de responsabilidad exclusiva de sus autores.<\/em><em><\/em><\/span><\/p>\n<p><em><span style=\"color: #888888;\">* Tu comentario podr\u00e1 ser moderado, por lo tanto, aunque aparezca inmediatamente al ser publicado en la entrada, los editores de esta publicaci\u00f3n digital nos reservamos el derecho tanto de editarlo (si fuera necesario, para hacerlo m\u00e1s legible) como de eliminarlo en el caso de que se usen expresiones incorrectas (descalificaciones, palabras malsonantes\u2026). A su vez, si quieres comentar desde el anonimato puedes hacerlo, aunque, nosotros personalmente, agradecemos que tod@s nos podamos identificar.<\/span><\/em><\/p>\n","protected":false},"excerpt":{"rendered":"<p>Por Basurama Desde La Ciudad Viva<\/p>\n<p>(m\u00e1s&#8230;)<\/p>\n","protected":false},"author":2,"featured_media":0,"comment_status":"open","ping_status":"closed","sticky":false,"template":"","format":"standard","meta":{"om_disable_all_campaigns":false,"_monsterinsights_skip_tracking":false,"_monsterinsights_sitenote_active":false,"_monsterinsights_sitenote_note":"","_monsterinsights_sitenote_category":0,"_uf_show_specific_survey":0,"_uf_disable_surveys":false,"episode_type":"","audio_file":"","cover_image":"","cover_image_id":"","duration":"","filesize":"","date_recorded":"","explicit":"","block":"","filesize_raw":"","footnotes":""},"categories":[244],"tags":[1463,132],"series":[],"class_list":["post-16421","post","type-post","status-publish","format-standard","hentry","category-canal-de-arquitectura","tag-basurama","tag-la-ciudad-viva"],"aioseo_notices":[],"episode_featured_image":false,"episode_player_image":"https:\/\/stepienybarno.es\/blog\/wp-content\/uploads\/2020\/11\/stepienybarno-podcast-scaled.jpg","download_link":"","player_link":"","audio_player":false,"episode_data":{"playerMode":"dark","subscribeUrls":[],"rssFeedUrl":"https:\/\/stepienybarno.es\/blog\/feed\/podcast\/podcast-de-stepienybarno","embedCode":"<blockquote class=\"wp-embedded-content\" data-secret=\"Gr8nwetcDh\"><a href=\"https:\/\/stepienybarno.es\/blog\/2015\/03\/17\/manifiesto-abierto-por-los-espacios-urbanos-de-madrid\/\">MANIFIESTO ABIERTO POR LOS ESPACIOS URBANOS DE MADRID<\/a><\/blockquote><iframe sandbox=\"allow-scripts\" security=\"restricted\" src=\"https:\/\/stepienybarno.es\/blog\/2015\/03\/17\/manifiesto-abierto-por-los-espacios-urbanos-de-madrid\/embed\/#?secret=Gr8nwetcDh\" width=\"500\" height=\"350\" title=\"\u00abMANIFIESTO ABIERTO POR LOS ESPACIOS URBANOS DE MADRID\u00bb \u2014 Blog de STEPIEN Y BARNO - publicaci\u00f3n digital sobre arquitectura\" data-secret=\"Gr8nwetcDh\" frameborder=\"0\" marginwidth=\"0\" marginheight=\"0\" scrolling=\"no\" class=\"wp-embedded-content\"><\/iframe><script type=\"text\/javascript\">\n\/* <![CDATA[ *\/\n\/*! This file is auto-generated *\/\n!function(d,l){\"use strict\";l.querySelector&&d.addEventListener&&\"undefined\"!=typeof URL&&(d.wp=d.wp||{},d.wp.receiveEmbedMessage||(d.wp.receiveEmbedMessage=function(e){var t=e.data;if((t||t.secret||t.message||t.value)&&!\/[^a-zA-Z0-9]\/.test(t.secret)){for(var s,r,n,a=l.querySelectorAll('iframe[data-secret=\"'+t.secret+'\"]'),o=l.querySelectorAll('blockquote[data-secret=\"'+t.secret+'\"]'),c=new RegExp(\"^https?:$\",\"i\"),i=0;i<o.length;i++)o[i].style.display=\"none\";for(i=0;i<a.length;i++)s=a[i],e.source===s.contentWindow&&(s.removeAttribute(\"style\"),\"height\"===t.message?(1e3<(r=parseInt(t.value,10))?r=1e3:~~r<200&&(r=200),s.height=r):\"link\"===t.message&&(r=new URL(s.getAttribute(\"src\")),n=new URL(t.value),c.test(n.protocol))&&n.host===r.host&&l.activeElement===s&&(d.top.location.href=t.value))}},d.addEventListener(\"message\",d.wp.receiveEmbedMessage,!1),l.addEventListener(\"DOMContentLoaded\",function(){for(var e,t,s=l.querySelectorAll(\"iframe.wp-embedded-content\"),r=0;r<s.length;r++)(t=(e=s[r]).getAttribute(\"data-secret\"))||(t=Math.random().toString(36).substring(2,12),e.src+=\"#?secret=\"+t,e.setAttribute(\"data-secret\",t)),e.contentWindow.postMessage({message:\"ready\",secret:t},\"*\")},!1)))}(window,document);\n\/* ]]> *\/\n<\/script>\n"},"_links":{"self":[{"href":"https:\/\/stepienybarno.es\/blog\/wp-json\/wp\/v2\/posts\/16421"}],"collection":[{"href":"https:\/\/stepienybarno.es\/blog\/wp-json\/wp\/v2\/posts"}],"about":[{"href":"https:\/\/stepienybarno.es\/blog\/wp-json\/wp\/v2\/types\/post"}],"author":[{"embeddable":true,"href":"https:\/\/stepienybarno.es\/blog\/wp-json\/wp\/v2\/users\/2"}],"replies":[{"embeddable":true,"href":"https:\/\/stepienybarno.es\/blog\/wp-json\/wp\/v2\/comments?post=16421"}],"version-history":[{"count":3,"href":"https:\/\/stepienybarno.es\/blog\/wp-json\/wp\/v2\/posts\/16421\/revisions"}],"predecessor-version":[{"id":16424,"href":"https:\/\/stepienybarno.es\/blog\/wp-json\/wp\/v2\/posts\/16421\/revisions\/16424"}],"wp:attachment":[{"href":"https:\/\/stepienybarno.es\/blog\/wp-json\/wp\/v2\/media?parent=16421"}],"wp:term":[{"taxonomy":"category","embeddable":true,"href":"https:\/\/stepienybarno.es\/blog\/wp-json\/wp\/v2\/categories?post=16421"},{"taxonomy":"post_tag","embeddable":true,"href":"https:\/\/stepienybarno.es\/blog\/wp-json\/wp\/v2\/tags?post=16421"},{"taxonomy":"series","embeddable":true,"href":"https:\/\/stepienybarno.es\/blog\/wp-json\/wp\/v2\/series?post=16421"}],"curies":[{"name":"wp","href":"https:\/\/api.w.org\/{rel}","templated":true}]}}