{"id":16580,"date":"2015-03-23T19:30:16","date_gmt":"2015-03-23T17:30:16","guid":{"rendered":"https:\/\/www.stepienybarno.es\/blog\/?p=16580"},"modified":"2015-03-23T14:53:54","modified_gmt":"2015-03-23T12:53:54","slug":"creacion-y-construccion","status":"publish","type":"post","link":"https:\/\/stepienybarno.es\/blog\/2015\/03\/23\/creacion-y-construccion\/","title":{"rendered":"CREACI\u00d3N Y CONSTRUCCI\u00d3N"},"content":{"rendered":"<p style=\"text-align: center;\"><a href=\"https:\/\/stepienybarno.es\/blog\/wp-content\/uploads\/2015\/03\/Stepienybarno-Blog-Stepien-y-barno-arquitectamos-locos-jose-ramon-hernandez-correa.jpg\"><img loading=\"lazy\" decoding=\"async\" class=\"size-full wp-image-16581 aligncenter\" title=\"Stepienybarno-Blog-Stepien-y-barno-arquitectamos-locos-jose-ramon-hernandez-correa\" src=\"https:\/\/stepienybarno.es\/blog\/wp-content\/uploads\/2015\/03\/Stepienybarno-Blog-Stepien-y-barno-arquitectamos-locos-jose-ramon-hernandez-correa.jpg\" alt=\"Stepienybarno-Blog-Stepien-y-barno-arquitectamos-locos-jose-ramon-hernandez-correa\" width=\"360\" height=\"538\" srcset=\"https:\/\/stepienybarno.es\/blog\/wp-content\/uploads\/2015\/03\/Stepienybarno-Blog-Stepien-y-barno-arquitectamos-locos-jose-ramon-hernandez-correa.jpg 500w, https:\/\/stepienybarno.es\/blog\/wp-content\/uploads\/2015\/03\/Stepienybarno-Blog-Stepien-y-barno-arquitectamos-locos-jose-ramon-hernandez-correa-120x180.jpg 120w, https:\/\/stepienybarno.es\/blog\/wp-content\/uploads\/2015\/03\/Stepienybarno-Blog-Stepien-y-barno-arquitectamos-locos-jose-ramon-hernandez-correa-368x550.jpg 368w, https:\/\/stepienybarno.es\/blog\/wp-content\/uploads\/2015\/03\/Stepienybarno-Blog-Stepien-y-barno-arquitectamos-locos-jose-ramon-hernandez-correa-468x700.jpg 468w, https:\/\/stepienybarno.es\/blog\/wp-content\/uploads\/2015\/03\/Stepienybarno-Blog-Stepien-y-barno-arquitectamos-locos-jose-ramon-hernandez-correa-224x336.jpg 224w, https:\/\/stepienybarno.es\/blog\/wp-content\/uploads\/2015\/03\/Stepienybarno-Blog-Stepien-y-barno-arquitectamos-locos-jose-ramon-hernandez-correa-267x400.jpg 267w\" sizes=\"(max-width: 360px) 100vw, 360px\" \/><\/a><\/p>\n<p>Por Jos\u00e9 Ram\u00f3n Hern\u00e1ndez Correa Desde <a href=\"http:\/\/arquitectamoslocos.blogspot.com.es\/\" target=\"_blank\">Arquitectamos Locos<\/a><\/p>\n<p><!--more--><\/p>\n<p>\u201cEl otro d\u00eda escrib\u00ed aqu\u00ed sobre el placer y el misterio de dibujar, sobre el acto de conocimiento, creaci\u00f3n y percepci\u00f3n que supone dibujar. Pero casi al mismo tiempo\u00a0<a href=\"http:\/\/www.veredes.es\/\" target=\"_blank\">veredes<\/a> ha sacado a la luz un \u00abviejo\u00bb texto m\u00edo, en el que hablaba de la pasi\u00f3n de construir y en el que dec\u00eda que cuando la arquitectura se queda en el papel y no se construye no es arquitectura.<\/p>\n<p>En el proyecto est\u00e1 la concepci\u00f3n del edificio, y en \u00e9l se encuentran anticipadas las principales cuestiones espaciales y constructivas. El mero dibujo ya convoca al geniecillo de la arquitectura.<\/p>\n<p>Lo que pasa es que en los dibujos no est\u00e1n resueltos todos los problemas, ni mucho menos. Los m\u00e1s gordos se dan en la obra y hay que ser capaz de meterles mano. Hace falta una gran serenidad y un gran cuajo para sacar adelante una obra con tanta gente, tantos puntos de vista diferentes, tantos intereses, tantos tropiezos y tantos sinsabores.<\/p>\n<p>El pintor\u00a0<a href=\"http:\/\/es.wikipedia.org\/wiki\/Edvard_Munch\" target=\"_blank\">Edvard Munch<\/a> y el escritor\u00a0<a href=\"http:\/\/es.wikipedia.org\/wiki\/Robert_Louis_Stevenson\" target=\"_blank\">Robert Louis Stevenson<\/a> quisieron ser arquitecto e ingeniero de faros respectivamente, y sus familias les hicieron abandonar semejantes pretensiones (m\u00e1s sangrantemente la de Stevenson, que era precisamente de ingenieros constructores de faros). \u00bfPor qu\u00e9 lo hicieron? Porque ambos eran j\u00f3venes enfermizos, y las personas que les quer\u00edan bien les hicieron ver que para ejercer esas profesiones hace falta una salud de hierro.(\u2026)\u201d<\/p>\n<blockquote>\n<p align=\"center\">Acceder al art\u00edculo, <a href=\"http:\/\/arquitectamoslocos.blogspot.com.es\/2015\/03\/creacion-y-construccion.html\" target=\"_blank\">AQU\u00cd<\/a><\/p>\n<\/blockquote>\n<p align=\"center\">\n<p><em><span style=\"color: #888888;\">Noticia seleccionada por el Canal de arquitectura STEPIENYBARNO.<\/span><\/em><\/p>\n<p><em><span style=\"text-decoration: underline;\"><a href=\"https:\/\/twitter.com\/stepienybarno\" target=\"_blank\">STEPIENYBARNO EN TWITTER _ @stepienybarno<\/a><\/span><\/em><\/p>\n<p><span style=\"text-decoration: underline;\"><a href=\"http:\/\/www.linkedin.com\/company\/stepienybarno\" target=\"_blank\"><em>STEPIENYBARNO EN LINKEDIN<\/em><\/a><\/span><\/p>\n<p><em><span style=\"text-decoration: underline;\"><a href=\"https:\/\/www.facebook.com\/StepienybarnoCANAL\" target=\"_blank\">STEPIENYBARNO EN FACEBOOK<\/a><\/span><\/em><\/p>\n<p><em><span style=\"color: #888888;\">*Stepienybarno est\u00e1 formado por Agnieszka Stepien y Lorenzo Barn\u00f3 y desde mayo del 2009 estamos en la red con\u00a0 la presente publicaci\u00f3n digital (Blog) de arquitectura.<\/span><\/em><\/p>\n<p><em><span style=\"color: #888888;\">Nuestra actividad se sustenta en tres pilares b\u00e1sicos: la investigaci\u00f3n, la publicaci\u00f3n (comunicaci\u00f3n y difusi\u00f3n) y la redacci\u00f3n de proyectos de arquitectura.<\/span><\/em><\/p>\n<p><em><span style=\"color: #888888;\">A su vez, somos socios cofundadores de<\/span><\/em><em> <\/em><em><a href=\"http:\/\/sinergiasostenible.org\/\" target=\"_blank\">SINERGIA SOSTENIBLE<\/a><span style=\"color: #888888;\">, redactores de<\/span><\/em><em> <\/em><em><a href=\"http:\/\/www.laciudadviva.org\/blogs\/?author=45\" target=\"_blank\">LA CIUDAD VIVA<\/a><\/em><em> <\/em><em><span style=\"color: #888888;\">y directores del blog de<\/span><\/em><em> <\/em><em><a href=\"http:\/\/blogfundacion.arquia.es\/\" target=\"_blank\">FUNDACI\u00d3N ARQUIA<\/a><span style=\"color: #888888;\">.<\/span><\/em><\/p>\n<p><em><span style=\"color: #888888;\">* Los editores de esta publicaci\u00f3n digital no nos hacemos cargo de de los comentarios y\u00a0 conceptos vertidos en los textos firmados por otras personas, siendo \u00e9stos de responsabilidad exclusiva de sus autores.<\/span><\/em><\/p>\n<p><em><span style=\"color: #888888;\">* Tu comentario podr\u00e1 ser moderado, por lo tanto, aunque aparezca inmediatamente al ser publicado en la entrada, los editores de esta publicaci\u00f3n digital nos reservamos el derecho tanto de editarlo (si fuera necesario, para hacerlo m\u00e1s legible) como de eliminarlo en el caso de que se usen expresiones incorrectas (descalificaciones, palabras malsonantes\u2026). A su vez, si quieres comentar desde el anonimato puedes hacerlo, aunque, nosotros personalmente, agradecemos que tod@s nos podamos identificar.<\/span><\/em><\/p>\n","protected":false},"excerpt":{"rendered":"<p>Por Jos\u00e9 Ram\u00f3n Hern\u00e1ndez Correa Desde Arquitectamos Locos<\/p>\n<p>(m\u00e1s&#8230;)<\/p>\n","protected":false},"author":2,"featured_media":0,"comment_status":"open","ping_status":"closed","sticky":false,"template":"","format":"standard","meta":{"om_disable_all_campaigns":false,"_monsterinsights_skip_tracking":false,"_monsterinsights_sitenote_active":false,"_monsterinsights_sitenote_note":"","_monsterinsights_sitenote_category":0,"_uf_show_specific_survey":0,"_uf_disable_surveys":false,"episode_type":"","audio_file":"","cover_image":"","cover_image_id":"","duration":"","filesize":"","date_recorded":"","explicit":"","block":"","filesize_raw":"","footnotes":""},"categories":[244],"tags":[2481,2480],"series":[],"class_list":["post-16580","post","type-post","status-publish","format-standard","hentry","category-canal-de-arquitectura","tag-arquitectamos-locos","tag-jose-ramon-hernandez-correa"],"aioseo_notices":[],"episode_featured_image":false,"episode_player_image":"https:\/\/stepienybarno.es\/blog\/wp-content\/uploads\/2020\/11\/stepienybarno-podcast-scaled.jpg","download_link":"","player_link":"","audio_player":false,"episode_data":{"playerMode":"dark","subscribeUrls":[],"rssFeedUrl":"https:\/\/stepienybarno.es\/blog\/feed\/podcast\/podcast-de-stepienybarno","embedCode":"<blockquote class=\"wp-embedded-content\" data-secret=\"8KpkGq4PbM\"><a href=\"https:\/\/stepienybarno.es\/blog\/2015\/03\/23\/creacion-y-construccion\/\">CREACI\u00d3N Y CONSTRUCCI\u00d3N<\/a><\/blockquote><iframe sandbox=\"allow-scripts\" security=\"restricted\" src=\"https:\/\/stepienybarno.es\/blog\/2015\/03\/23\/creacion-y-construccion\/embed\/#?secret=8KpkGq4PbM\" width=\"500\" height=\"350\" title=\"\u00abCREACI\u00d3N Y CONSTRUCCI\u00d3N\u00bb \u2014 Blog de STEPIEN Y BARNO - publicaci\u00f3n digital sobre arquitectura\" data-secret=\"8KpkGq4PbM\" frameborder=\"0\" marginwidth=\"0\" marginheight=\"0\" scrolling=\"no\" class=\"wp-embedded-content\"><\/iframe><script type=\"text\/javascript\">\n\/* <![CDATA[ *\/\n\/*! This file is auto-generated *\/\n!function(d,l){\"use strict\";l.querySelector&&d.addEventListener&&\"undefined\"!=typeof URL&&(d.wp=d.wp||{},d.wp.receiveEmbedMessage||(d.wp.receiveEmbedMessage=function(e){var t=e.data;if((t||t.secret||t.message||t.value)&&!\/[^a-zA-Z0-9]\/.test(t.secret)){for(var s,r,n,a=l.querySelectorAll('iframe[data-secret=\"'+t.secret+'\"]'),o=l.querySelectorAll('blockquote[data-secret=\"'+t.secret+'\"]'),c=new RegExp(\"^https?:$\",\"i\"),i=0;i<o.length;i++)o[i].style.display=\"none\";for(i=0;i<a.length;i++)s=a[i],e.source===s.contentWindow&&(s.removeAttribute(\"style\"),\"height\"===t.message?(1e3<(r=parseInt(t.value,10))?r=1e3:~~r<200&&(r=200),s.height=r):\"link\"===t.message&&(r=new URL(s.getAttribute(\"src\")),n=new URL(t.value),c.test(n.protocol))&&n.host===r.host&&l.activeElement===s&&(d.top.location.href=t.value))}},d.addEventListener(\"message\",d.wp.receiveEmbedMessage,!1),l.addEventListener(\"DOMContentLoaded\",function(){for(var e,t,s=l.querySelectorAll(\"iframe.wp-embedded-content\"),r=0;r<s.length;r++)(t=(e=s[r]).getAttribute(\"data-secret\"))||(t=Math.random().toString(36).substring(2,12),e.src+=\"#?secret=\"+t,e.setAttribute(\"data-secret\",t)),e.contentWindow.postMessage({message:\"ready\",secret:t},\"*\")},!1)))}(window,document);\n\/* ]]> *\/\n<\/script>\n"},"_links":{"self":[{"href":"https:\/\/stepienybarno.es\/blog\/wp-json\/wp\/v2\/posts\/16580"}],"collection":[{"href":"https:\/\/stepienybarno.es\/blog\/wp-json\/wp\/v2\/posts"}],"about":[{"href":"https:\/\/stepienybarno.es\/blog\/wp-json\/wp\/v2\/types\/post"}],"author":[{"embeddable":true,"href":"https:\/\/stepienybarno.es\/blog\/wp-json\/wp\/v2\/users\/2"}],"replies":[{"embeddable":true,"href":"https:\/\/stepienybarno.es\/blog\/wp-json\/wp\/v2\/comments?post=16580"}],"version-history":[{"count":3,"href":"https:\/\/stepienybarno.es\/blog\/wp-json\/wp\/v2\/posts\/16580\/revisions"}],"predecessor-version":[{"id":16583,"href":"https:\/\/stepienybarno.es\/blog\/wp-json\/wp\/v2\/posts\/16580\/revisions\/16583"}],"wp:attachment":[{"href":"https:\/\/stepienybarno.es\/blog\/wp-json\/wp\/v2\/media?parent=16580"}],"wp:term":[{"taxonomy":"category","embeddable":true,"href":"https:\/\/stepienybarno.es\/blog\/wp-json\/wp\/v2\/categories?post=16580"},{"taxonomy":"post_tag","embeddable":true,"href":"https:\/\/stepienybarno.es\/blog\/wp-json\/wp\/v2\/tags?post=16580"},{"taxonomy":"series","embeddable":true,"href":"https:\/\/stepienybarno.es\/blog\/wp-json\/wp\/v2\/series?post=16580"}],"curies":[{"name":"wp","href":"https:\/\/api.w.org\/{rel}","templated":true}]}}