{"id":17049,"date":"2015-04-26T11:31:55","date_gmt":"2015-04-26T09:31:55","guid":{"rendered":"https:\/\/www.stepienybarno.es\/blog\/?p=17049"},"modified":"2015-04-26T11:34:10","modified_gmt":"2015-04-26T09:34:10","slug":"nuevo-museo-universidad-de-navarra","status":"publish","type":"post","link":"https:\/\/stepienybarno.es\/blog\/2015\/04\/26\/nuevo-museo-universidad-de-navarra\/","title":{"rendered":"NUEVO MUSEO UNIVERSIDAD DE NAVARRA"},"content":{"rendered":"<p style=\"text-align: center;\"><a href=\"https:\/\/stepienybarno.es\/blog\/wp-content\/uploads\/2015\/04\/NUEVO-MUSEO-UNIVERSIDAD-DE-NAVARRA-Rafael-Moneo.-0.png\"><img loading=\"lazy\" decoding=\"async\" class=\"aligncenter size-full wp-image-17050\" title=\"NUEVO MUSEO UNIVERSIDAD DE NAVARRA-Rafael Moneo. 0\" src=\"https:\/\/stepienybarno.es\/blog\/wp-content\/uploads\/2015\/04\/NUEVO-MUSEO-UNIVERSIDAD-DE-NAVARRA-Rafael-Moneo.-0.png\" alt=\"NUEVO MUSEO UNIVERSIDAD DE NAVARRA-Rafael Moneo. 0\" width=\"350\" height=\"227\" srcset=\"https:\/\/stepienybarno.es\/blog\/wp-content\/uploads\/2015\/04\/NUEVO-MUSEO-UNIVERSIDAD-DE-NAVARRA-Rafael-Moneo.-0.png 350w, https:\/\/stepienybarno.es\/blog\/wp-content\/uploads\/2015\/04\/NUEVO-MUSEO-UNIVERSIDAD-DE-NAVARRA-Rafael-Moneo.-0-180x117.png 180w, https:\/\/stepienybarno.es\/blog\/wp-content\/uploads\/2015\/04\/NUEVO-MUSEO-UNIVERSIDAD-DE-NAVARRA-Rafael-Moneo.-0-316x205.png 316w\" sizes=\"(max-width: 350px) 100vw, 350px\" \/><\/a><\/p>\n<p>Por Rafael Moneo.<\/p>\n<blockquote><p><!--more--><\/p><\/blockquote>\n<p>No fue hace mucho cuando lo visitamos y pudimos ver que se trata de una obra cargada de buenas intenciones, pero que, en nuestra opini\u00f3n, se queda un poco coja.<\/p>\n<p>Muchas resonancias de <a href=\"http:\/\/www.arqred.mx\/blog\/2009\/09\/11\/fundacion-pilar-y-joan-miro-arquitecto-rafael-moneo\/\">Mallorca<\/a> y alg\u00fan recuerdo de lo que suele hacer \u00c1lvaro Siza cuando el edificio se entrega al suelo. Aunque, como el mismo Moneo contaba hace poco en la Universidad de Navarra, el proyecto reniega de ser una <em>promenade<\/em>, visit\u00e1ndolo no se terminar de recorrer con facilidad. A su vez, algunos espacios parecen que quedan desproporcionados y otros escasos (cafeter\u00eda).<\/p>\n<p>As\u00ed, pensamos que no es el mejor proyecto del arquitecto navarro, pero siempre vale la pena echar un ojo a sus obras. Aun con todo, como decimos, se trata de un buen proyecto de arquitectura que quiz\u00e1s pod\u00eda haber dado m\u00e1s de s\u00ed.<\/p>\n<p style=\"text-align: center;\"><a href=\"https:\/\/stepienybarno.es\/blog\/wp-content\/uploads\/2015\/04\/NUEVO-MUSEO-UNIVERSIDAD-DE-NAVARRA-Rafael-Moneo.-1.png\"><img loading=\"lazy\" decoding=\"async\" class=\"aligncenter size-full wp-image-17051\" title=\"NUEVO MUSEO UNIVERSIDAD DE NAVARRA-Rafael Moneo. 1\" src=\"https:\/\/stepienybarno.es\/blog\/wp-content\/uploads\/2015\/04\/NUEVO-MUSEO-UNIVERSIDAD-DE-NAVARRA-Rafael-Moneo.-1.png\" alt=\"NUEVO MUSEO UNIVERSIDAD DE NAVARRA-Rafael Moneo. 1\" width=\"500\" height=\"322\" srcset=\"https:\/\/stepienybarno.es\/blog\/wp-content\/uploads\/2015\/04\/NUEVO-MUSEO-UNIVERSIDAD-DE-NAVARRA-Rafael-Moneo.-1.png 500w, https:\/\/stepienybarno.es\/blog\/wp-content\/uploads\/2015\/04\/NUEVO-MUSEO-UNIVERSIDAD-DE-NAVARRA-Rafael-Moneo.-1-180x116.png 180w, https:\/\/stepienybarno.es\/blog\/wp-content\/uploads\/2015\/04\/NUEVO-MUSEO-UNIVERSIDAD-DE-NAVARRA-Rafael-Moneo.-1-316x204.png 316w\" sizes=\"(max-width: 500px) 100vw, 500px\" \/><\/a><\/p>\n<blockquote><p>Acceder a m\u00e1s informaci\u00f3n:<\/p>\n<p><strong><span style=\"color: #3366ff;\">-En Afasia:<\/span><\/strong><\/p>\n<p><a href=\"http:\/\/afasiaarq.blogspot.com\/2014\/10\/rafael-moneo.html\">http:\/\/afasiaarq.blogspot.com\/2014\/10\/rafael-moneo.html<\/a><\/p>\n<p><strong><span style=\"color: #3366ff;\">-El d\u00e9cimo museo de Moneo<\/span><\/strong><\/p>\n<p>Por <a href=\"http:\/\/llatzermoix.com\/\">Ll\u00e0tzer Moix<\/a><\/p>\n<p>\u201c(\u2026) Todo el edificio est\u00e1 construido con hormig\u00f3n abujardado y de tono terroso; pavimentado con basalto pulido y revestido con roble, que separa salas, reviste el auditorio o cubre techos alistonados. Moneo combina materiales con habilidad, apostando a ratos por algo parecido a la modestia y a ratos por el confort.\u201d<\/p>\n<p><a href=\"http:\/\/llatzermoix.com\/el-decimo-museo-de-moneo-2\/\">http:\/\/llatzermoix.com\/el-decimo-museo-de-moneo-2\/<\/a><\/p>\n<p><strong><span style=\"color: #3366ff;\">-Desde Metalocus<\/span><\/strong><\/p>\n<p>http:\/\/www.metalocus.es\/content\/es\/blog\/nuevo-museo-universidad-de-navarra-por-moneo<\/p><\/blockquote>\n<p align=\"left\">\n<blockquote>\n<p align=\"left\"><strong>Post relacionados:<\/strong><\/p>\n<p align=\"left\">#ProyectoDelDia<\/p>\n<p align=\"left\"><a href=\"https:\/\/stepienybarno.es\/blog\/tag\/proyectodeldia\/\">https:\/\/stepienybarno.es\/blog\/tag\/proyectodeldia\/<\/a><\/p>\n<\/blockquote>\n<p align=\"left\"><span style=\"color: #999999;\"><em>Noticia seleccionada por el Canal de arquitectura STEPIENYBARNO.<\/em><\/span><\/p>\n<p><a href=\"https:\/\/twitter.com\/stepienybarno\"><span style=\"color: #999999;\"><em>STEPIENYBARNO EN TWITTER _ @stepienybarno<\/em><\/span><\/a><\/p>\n<p align=\"left\"><a href=\"http:\/\/www.linkedin.com\/company\/stepienybarno\"><span style=\"color: #999999;\"><em>STEPIENYBARNO EN LINKEDIN<\/em><\/span><\/a><\/p>\n<p align=\"left\"><a href=\"https:\/\/www.facebook.com\/pages\/BLOG-DE-STEPIENYBARNO\/78001079029\"><span style=\"color: #999999;\"><em>STEPIENYBARNO EN FACEBOOK<\/em><\/span><\/a><\/p>\n<p align=\"left\"><span style=\"color: #999999;\"><em>*Stepienybarno est\u00e1 formado por Agnieszka Stepien y Lorenzo Barn\u00f3 y desde mayo del 2009 estamos en la red con\u00a0 la presente publicaci\u00f3n digital (Blog) de arquitectura.<\/em><\/span><\/p>\n<p align=\"left\"><span style=\"color: #999999;\"><em>Nuestra actividad se sustenta en tres pilares b\u00e1sicos: la investigaci\u00f3n, la publicaci\u00f3n (comunicaci\u00f3n y difusi\u00f3n) y la redacci\u00f3n de proyectos de arquitectura.<\/em><\/span><\/p>\n<p align=\"left\"><span style=\"color: #999999;\"><em>A su vez, somos socios cofundadores de <a href=\"http:\/\/sinergiasostenible.org\/\">SINERGIA SOSTENIBLE<\/a>, redactores de <a href=\"http:\/\/www.laciudadviva.org\/blogs\/?author=45\">LA CIUDAD VIVA<\/a> y directores del blog de FUNDACI\u00d3N ARQUIA.<\/em><\/span><\/p>\n<p align=\"left\"><span style=\"color: #999999;\"><em>* Los editores de esta publicaci\u00f3n digital no nos hacemos cargo de de los comentarios y\u00a0 conceptos vertidos en los textos firmados por otras personas, siendo \u00e9stos de responsabilidad exclusiva de sus autores.<\/em><\/span><\/p>\n<p align=\"left\"><span style=\"color: #999999;\"><em>* Tu comentario podr\u00e1 ser moderado, por lo tanto, aunque aparezca inmediatamente al ser publicado en la entrada, los editores de esta publicaci\u00f3n digital nos reservamos el derecho tanto de editarlo (si fuera necesario, para hacerlo m\u00e1s legible) como de eliminarlo en el caso de que se usen expresiones incorrectas (descalificaciones, palabras malsonantes\u2026). A su vez, si quieres comentar desde el anonimato puedes hacerlo, aunque, nosotros personalmente, agradecemos que tod@s nos podamos identificar.<\/em><\/span><\/p>\n","protected":false},"excerpt":{"rendered":"<p>Por Rafael Moneo.<\/p>\n<p>(m\u00e1s&#8230;)<\/p>\n","protected":false},"author":2,"featured_media":0,"comment_status":"open","ping_status":"closed","sticky":false,"template":"","format":"standard","meta":{"om_disable_all_campaigns":false,"_monsterinsights_skip_tracking":false,"_monsterinsights_sitenote_active":false,"_monsterinsights_sitenote_note":"","_monsterinsights_sitenote_category":0,"_uf_show_specific_survey":0,"_uf_disable_surveys":false,"episode_type":"","audio_file":"","cover_image":"","cover_image_id":"","duration":"","filesize":"","date_recorded":"","explicit":"","block":"","filesize_raw":"","footnotes":""},"categories":[34,244],"tags":[336],"series":[],"class_list":["post-17049","post","type-post","status-publish","format-standard","hentry","category-actualidad","category-canal-de-arquitectura","tag-rafael-moneo"],"aioseo_notices":[],"episode_featured_image":false,"episode_player_image":"https:\/\/stepienybarno.es\/blog\/wp-content\/uploads\/2020\/11\/stepienybarno-podcast-scaled.jpg","download_link":"","player_link":"","audio_player":false,"episode_data":{"playerMode":"dark","subscribeUrls":[],"rssFeedUrl":"https:\/\/stepienybarno.es\/blog\/feed\/podcast\/podcast-de-stepienybarno","embedCode":"<blockquote class=\"wp-embedded-content\" data-secret=\"ZbU6ytXMRM\"><a href=\"https:\/\/stepienybarno.es\/blog\/2015\/04\/26\/nuevo-museo-universidad-de-navarra\/\">NUEVO MUSEO UNIVERSIDAD DE NAVARRA<\/a><\/blockquote><iframe sandbox=\"allow-scripts\" security=\"restricted\" src=\"https:\/\/stepienybarno.es\/blog\/2015\/04\/26\/nuevo-museo-universidad-de-navarra\/embed\/#?secret=ZbU6ytXMRM\" width=\"500\" height=\"350\" title=\"\u00abNUEVO MUSEO UNIVERSIDAD DE NAVARRA\u00bb \u2014 Blog de STEPIEN Y BARNO - publicaci\u00f3n digital sobre arquitectura\" data-secret=\"ZbU6ytXMRM\" frameborder=\"0\" marginwidth=\"0\" marginheight=\"0\" scrolling=\"no\" class=\"wp-embedded-content\"><\/iframe><script type=\"text\/javascript\">\n\/* <![CDATA[ *\/\n\/*! This file is auto-generated *\/\n!function(d,l){\"use strict\";l.querySelector&&d.addEventListener&&\"undefined\"!=typeof URL&&(d.wp=d.wp||{},d.wp.receiveEmbedMessage||(d.wp.receiveEmbedMessage=function(e){var t=e.data;if((t||t.secret||t.message||t.value)&&!\/[^a-zA-Z0-9]\/.test(t.secret)){for(var s,r,n,a=l.querySelectorAll('iframe[data-secret=\"'+t.secret+'\"]'),o=l.querySelectorAll('blockquote[data-secret=\"'+t.secret+'\"]'),c=new RegExp(\"^https?:$\",\"i\"),i=0;i<o.length;i++)o[i].style.display=\"none\";for(i=0;i<a.length;i++)s=a[i],e.source===s.contentWindow&&(s.removeAttribute(\"style\"),\"height\"===t.message?(1e3<(r=parseInt(t.value,10))?r=1e3:~~r<200&&(r=200),s.height=r):\"link\"===t.message&&(r=new URL(s.getAttribute(\"src\")),n=new URL(t.value),c.test(n.protocol))&&n.host===r.host&&l.activeElement===s&&(d.top.location.href=t.value))}},d.addEventListener(\"message\",d.wp.receiveEmbedMessage,!1),l.addEventListener(\"DOMContentLoaded\",function(){for(var e,t,s=l.querySelectorAll(\"iframe.wp-embedded-content\"),r=0;r<s.length;r++)(t=(e=s[r]).getAttribute(\"data-secret\"))||(t=Math.random().toString(36).substring(2,12),e.src+=\"#?secret=\"+t,e.setAttribute(\"data-secret\",t)),e.contentWindow.postMessage({message:\"ready\",secret:t},\"*\")},!1)))}(window,document);\n\/* ]]> *\/\n<\/script>\n"},"_links":{"self":[{"href":"https:\/\/stepienybarno.es\/blog\/wp-json\/wp\/v2\/posts\/17049"}],"collection":[{"href":"https:\/\/stepienybarno.es\/blog\/wp-json\/wp\/v2\/posts"}],"about":[{"href":"https:\/\/stepienybarno.es\/blog\/wp-json\/wp\/v2\/types\/post"}],"author":[{"embeddable":true,"href":"https:\/\/stepienybarno.es\/blog\/wp-json\/wp\/v2\/users\/2"}],"replies":[{"embeddable":true,"href":"https:\/\/stepienybarno.es\/blog\/wp-json\/wp\/v2\/comments?post=17049"}],"version-history":[{"count":4,"href":"https:\/\/stepienybarno.es\/blog\/wp-json\/wp\/v2\/posts\/17049\/revisions"}],"predecessor-version":[{"id":17053,"href":"https:\/\/stepienybarno.es\/blog\/wp-json\/wp\/v2\/posts\/17049\/revisions\/17053"}],"wp:attachment":[{"href":"https:\/\/stepienybarno.es\/blog\/wp-json\/wp\/v2\/media?parent=17049"}],"wp:term":[{"taxonomy":"category","embeddable":true,"href":"https:\/\/stepienybarno.es\/blog\/wp-json\/wp\/v2\/categories?post=17049"},{"taxonomy":"post_tag","embeddable":true,"href":"https:\/\/stepienybarno.es\/blog\/wp-json\/wp\/v2\/tags?post=17049"},{"taxonomy":"series","embeddable":true,"href":"https:\/\/stepienybarno.es\/blog\/wp-json\/wp\/v2\/series?post=17049"}],"curies":[{"name":"wp","href":"https:\/\/api.w.org\/{rel}","templated":true}]}}