{"id":17146,"date":"2015-04-30T19:05:00","date_gmt":"2015-04-30T17:05:00","guid":{"rendered":"https:\/\/www.stepienybarno.es\/blog\/?p=17146"},"modified":"2015-04-30T14:12:46","modified_gmt":"2015-04-30T12:12:46","slug":"la-a-veces-insoportable-levedad-del-ser-arquitecto","status":"publish","type":"post","link":"https:\/\/stepienybarno.es\/blog\/2015\/04\/30\/la-a-veces-insoportable-levedad-del-ser-arquitecto\/","title":{"rendered":"LA (A VECES) INSOPORTABLE LEVEDAD DEL SER (ARQUITECTO)"},"content":{"rendered":"<p><a href=\"https:\/\/stepienybarno.es\/blog\/wp-content\/uploads\/2015\/04\/Stepienybarno-Blog-Stepien-y-barno-bonsai-arquitectos-fundacion-arquia-.jpg\"><img loading=\"lazy\" decoding=\"async\" class=\"aligncenter size-full wp-image-17147\" title=\"Stepienybarno-Blog-Stepien-y-barno-bonsai-arquitectos-fundacion-arquia\" src=\"https:\/\/stepienybarno.es\/blog\/wp-content\/uploads\/2015\/04\/Stepienybarno-Blog-Stepien-y-barno-bonsai-arquitectos-fundacion-arquia-.jpg\" alt=\"Stepienybarno-Blog-Stepien-y-barno-bonsai-arquitectos-fundacion-arquia\" width=\"500\" height=\"661\" srcset=\"https:\/\/stepienybarno.es\/blog\/wp-content\/uploads\/2015\/04\/Stepienybarno-Blog-Stepien-y-barno-bonsai-arquitectos-fundacion-arquia-.jpg 500w, https:\/\/stepienybarno.es\/blog\/wp-content\/uploads\/2015\/04\/Stepienybarno-Blog-Stepien-y-barno-bonsai-arquitectos-fundacion-arquia--136x180.jpg 136w, https:\/\/stepienybarno.es\/blog\/wp-content\/uploads\/2015\/04\/Stepienybarno-Blog-Stepien-y-barno-bonsai-arquitectos-fundacion-arquia--416x550.jpg 416w, https:\/\/stepienybarno.es\/blog\/wp-content\/uploads\/2015\/04\/Stepienybarno-Blog-Stepien-y-barno-bonsai-arquitectos-fundacion-arquia--324x429.jpg 324w, https:\/\/stepienybarno.es\/blog\/wp-content\/uploads\/2015\/04\/Stepienybarno-Blog-Stepien-y-barno-bonsai-arquitectos-fundacion-arquia--303x400.jpg 303w\" sizes=\"(max-width: 500px) 100vw, 500px\" \/><\/a><\/p>\n<p>Por <a title=\"Entradas de Bonsai Arquitectos\" href=\"http:\/\/blogfundacion.arquia.es\/author\/bonsai\/\" target=\"_blank\">Bonsai Arquitectos<\/a> Desde <a href=\"http:\/\/blogfundacion.arquia.es\/\" target=\"_blank\">Blog Fundaci\u00f3n Arquia<\/a><\/p>\n<p><!--more--><\/p>\n<p>\u201cDefender a capa y espada una\u00a0<strong>Arquitectura de verdadera calidad<\/strong> es una gesta quijotesca en una sociedad que no siempre la valora. No son pocas las dificultades a las que se enfrenta un Estudio de Arquitectura que aspira a desarrollarse desde el rigor de la pr\u00e1ctica profesional.<\/p>\n<p>La filosof\u00eda de vida del arquitecto \u201cen libre ejercicio de la profesi\u00f3n\u201d incluye de serie el\u00a0<strong>sello Carpe Diem<\/strong>. El largo desarrollo en el tiempo de los trabajos, la gran dedicaci\u00f3n que requieren, su lamentable volatilidad y la enorme dificultad para tener una previsi\u00f3n de futuro estable nos obligan necesariamente a vivir al d\u00eda. Esta\u00a0<strong>permanente sensaci\u00f3n de levedad<\/strong> <strong>en nuestra existencia como arquitectos aut\u00f3nomos<\/strong> nos hace sentirnos como Han Solo sobreviviendo en el espacio sideral a bordo del Halc\u00f3n Milenario, o como el caminante de Caspar David Friedrich, detenido ante un mar de nubes.\u00a0<a href=\"http:\/\/www.elmundotoday.com\/2015\/03\/analizaran-la-sangre-de-los-autonomos-para-investigar-por-que-nunca-enferman\/\" target=\"_blank\">\u00bfSer\u00e1 por eso que nunca nos ponemos enfermos?<\/a><\/p>\n<p>A esta caracter\u00edstica, la levedad, en principio aplicable a la generalidad de los profesionales aut\u00f3nomos, los arquitectos sumamos las \u201ccondiciones particulares\u201d de nuestra profesi\u00f3n, que se resumen muy bien en una:\u00a0<strong>dar un buen servicio a nuestros clientes y producir una arquitectura de calidad<\/strong>. Ya sea por principios morales, por eso de que \u201cel buen trabajo llama a m\u00e1s trabajo\u201d, o por pura egolatr\u00eda,\u00a0<strong>si algo nos caracteriza a la mayor parte de la profesi\u00f3n es ese prurito de querer obtener un buen resultado<\/strong> (lo que esto significa para cada cual, var\u00eda mucho en funci\u00f3n de sus valores y aspiraciones). (\u2026)\u201d<\/p>\n<blockquote>\n<p align=\"center\">Acceder al art\u00edculo, <a href=\"http:\/\/blogfundacion.arquia.es\/2015\/03\/el-docente-la-arquitectura-y-otras-cosas-que-ejercer\/\" target=\"_blank\">AQU\u00cd<\/a><\/p>\n<\/blockquote>\n<p><em><span style=\"color: #888888;\">Noticia seleccionada por el Canal de arquitectura STEPIENYBARNO.<\/span><\/em><\/p>\n<p><em><span style=\"text-decoration: underline;\"><a href=\"https:\/\/twitter.com\/stepienybarno\" target=\"_blank\">STEPIENYBARNO EN TWITTER _ @stepienybarno<\/a><\/span><\/em><\/p>\n<p><span style=\"text-decoration: underline;\"><a href=\"http:\/\/www.linkedin.com\/company\/stepienybarno\" target=\"_blank\"><em>STEPIENYBARNO EN LINKEDIN<\/em><\/a><\/span><\/p>\n<p><em><span style=\"text-decoration: underline;\"><a href=\"https:\/\/www.facebook.com\/StepienybarnoCANAL\" target=\"_blank\">STEPIENYBARNO EN FACEBOOK<\/a><\/span><\/em><\/p>\n<p><em><span style=\"color: #888888;\">*Stepienybarno est\u00e1 formado por Agnieszka Stepien y Lorenzo Barn\u00f3 y desde mayo del 2009 estamos en la red con\u00a0 la presente publicaci\u00f3n digital (Blog) de arquitectura.<\/span><\/em><\/p>\n<p><em><span style=\"color: #888888;\">Nuestra actividad se sustenta en tres pilares b\u00e1sicos: la investigaci\u00f3n, la publicaci\u00f3n (comunicaci\u00f3n y difusi\u00f3n) y la redacci\u00f3n de proyectos de arquitectura.<\/span><\/em><\/p>\n<p><span style=\"color: #888888;\"><em>A su vez, somos socios cofundadores de<\/em><em> <\/em><\/span><em><a href=\"http:\/\/sinergiasostenible.org\/\" target=\"_blank\">SINERGIA SOSTENIBLE<\/a><span style=\"color: #888888;\">, redactores de<\/span><\/em><em><span style=\"color: #888888;\"> <\/span><\/em><em><a href=\"http:\/\/www.laciudadviva.org\/blogs\/?author=45\" target=\"_blank\">LA CIUDAD VIVA<\/a><\/em><em> <\/em><span style=\"color: #888888;\"><em>y directores del blog de<\/em><em> <\/em><\/span><em><a href=\"http:\/\/blogfundacion.arquia.es\/\" target=\"_blank\">FUNDACI\u00d3N ARQUIA<\/a><span style=\"color: #888888;\">.<\/span><\/em><\/p>\n<p><em><span style=\"color: #888888;\">* Los editores de esta publicaci\u00f3n digital no nos hacemos cargo de de los comentarios y\u00a0 conceptos vertidos en los textos firmados por otras personas, siendo \u00e9stos de responsabilidad exclusiva de sus autores.<\/span><\/em><\/p>\n<p><em><span style=\"color: #888888;\">* Tu comentario podr\u00e1 ser moderado, por lo tanto, aunque aparezca inmediatamente al ser publicado en la entrada, los editores de esta publicaci\u00f3n digital nos reservamos el derecho tanto de editarlo (si fuera necesario, para hacerlo m\u00e1s legible) como de eliminarlo en el caso de que se usen expresiones incorrectas (descalificaciones, palabras malsonantes\u2026). A su vez, si quieres comentar desde el anonimato puedes hacerlo, aunque, nosotros personalmente, agradecemos que tod@s nos podamos identificar.<\/span><\/em><\/p>\n","protected":false},"excerpt":{"rendered":"<p>Por Bonsai Arquitectos Desde Blog Fundaci\u00f3n Arquia<\/p>\n<p>(m\u00e1s&#8230;)<\/p>\n","protected":false},"author":2,"featured_media":0,"comment_status":"open","ping_status":"closed","sticky":false,"template":"","format":"standard","meta":{"om_disable_all_campaigns":false,"_monsterinsights_skip_tracking":false,"_monsterinsights_sitenote_active":false,"_monsterinsights_sitenote_note":"","_monsterinsights_sitenote_category":0,"_uf_show_specific_survey":0,"_uf_disable_surveys":false,"episode_type":"","audio_file":"","cover_image":"","cover_image_id":"","duration":"","filesize":"","date_recorded":"","explicit":"","block":"","filesize_raw":"","footnotes":""},"categories":[244],"tags":[3320,2894],"series":[],"class_list":["post-17146","post","type-post","status-publish","format-standard","hentry","category-canal-de-arquitectura","tag-blog-fundacion-arquia","tag-bonsai-arquitectos"],"aioseo_notices":[],"episode_featured_image":false,"episode_player_image":"https:\/\/stepienybarno.es\/blog\/wp-content\/uploads\/2020\/11\/stepienybarno-podcast-scaled.jpg","download_link":"","player_link":"","audio_player":false,"episode_data":{"playerMode":"dark","subscribeUrls":[],"rssFeedUrl":"https:\/\/stepienybarno.es\/blog\/feed\/podcast\/podcast-de-stepienybarno","embedCode":"<blockquote class=\"wp-embedded-content\" data-secret=\"LXjU9T1S1G\"><a href=\"https:\/\/stepienybarno.es\/blog\/2015\/04\/30\/la-a-veces-insoportable-levedad-del-ser-arquitecto\/\">LA (A VECES) INSOPORTABLE LEVEDAD DEL SER (ARQUITECTO)<\/a><\/blockquote><iframe sandbox=\"allow-scripts\" security=\"restricted\" src=\"https:\/\/stepienybarno.es\/blog\/2015\/04\/30\/la-a-veces-insoportable-levedad-del-ser-arquitecto\/embed\/#?secret=LXjU9T1S1G\" width=\"500\" height=\"350\" title=\"\u00abLA (A VECES) INSOPORTABLE LEVEDAD DEL SER (ARQUITECTO)\u00bb \u2014 Blog de STEPIEN Y BARNO - publicaci\u00f3n digital sobre arquitectura\" data-secret=\"LXjU9T1S1G\" frameborder=\"0\" marginwidth=\"0\" marginheight=\"0\" scrolling=\"no\" class=\"wp-embedded-content\"><\/iframe><script type=\"text\/javascript\">\n\/* <![CDATA[ *\/\n\/*! This file is auto-generated *\/\n!function(d,l){\"use strict\";l.querySelector&&d.addEventListener&&\"undefined\"!=typeof URL&&(d.wp=d.wp||{},d.wp.receiveEmbedMessage||(d.wp.receiveEmbedMessage=function(e){var t=e.data;if((t||t.secret||t.message||t.value)&&!\/[^a-zA-Z0-9]\/.test(t.secret)){for(var s,r,n,a=l.querySelectorAll('iframe[data-secret=\"'+t.secret+'\"]'),o=l.querySelectorAll('blockquote[data-secret=\"'+t.secret+'\"]'),c=new RegExp(\"^https?:$\",\"i\"),i=0;i<o.length;i++)o[i].style.display=\"none\";for(i=0;i<a.length;i++)s=a[i],e.source===s.contentWindow&&(s.removeAttribute(\"style\"),\"height\"===t.message?(1e3<(r=parseInt(t.value,10))?r=1e3:~~r<200&&(r=200),s.height=r):\"link\"===t.message&&(r=new URL(s.getAttribute(\"src\")),n=new URL(t.value),c.test(n.protocol))&&n.host===r.host&&l.activeElement===s&&(d.top.location.href=t.value))}},d.addEventListener(\"message\",d.wp.receiveEmbedMessage,!1),l.addEventListener(\"DOMContentLoaded\",function(){for(var e,t,s=l.querySelectorAll(\"iframe.wp-embedded-content\"),r=0;r<s.length;r++)(t=(e=s[r]).getAttribute(\"data-secret\"))||(t=Math.random().toString(36).substring(2,12),e.src+=\"#?secret=\"+t,e.setAttribute(\"data-secret\",t)),e.contentWindow.postMessage({message:\"ready\",secret:t},\"*\")},!1)))}(window,document);\n\/* ]]> *\/\n<\/script>\n"},"_links":{"self":[{"href":"https:\/\/stepienybarno.es\/blog\/wp-json\/wp\/v2\/posts\/17146"}],"collection":[{"href":"https:\/\/stepienybarno.es\/blog\/wp-json\/wp\/v2\/posts"}],"about":[{"href":"https:\/\/stepienybarno.es\/blog\/wp-json\/wp\/v2\/types\/post"}],"author":[{"embeddable":true,"href":"https:\/\/stepienybarno.es\/blog\/wp-json\/wp\/v2\/users\/2"}],"replies":[{"embeddable":true,"href":"https:\/\/stepienybarno.es\/blog\/wp-json\/wp\/v2\/comments?post=17146"}],"version-history":[{"count":3,"href":"https:\/\/stepienybarno.es\/blog\/wp-json\/wp\/v2\/posts\/17146\/revisions"}],"predecessor-version":[{"id":17150,"href":"https:\/\/stepienybarno.es\/blog\/wp-json\/wp\/v2\/posts\/17146\/revisions\/17150"}],"wp:attachment":[{"href":"https:\/\/stepienybarno.es\/blog\/wp-json\/wp\/v2\/media?parent=17146"}],"wp:term":[{"taxonomy":"category","embeddable":true,"href":"https:\/\/stepienybarno.es\/blog\/wp-json\/wp\/v2\/categories?post=17146"},{"taxonomy":"post_tag","embeddable":true,"href":"https:\/\/stepienybarno.es\/blog\/wp-json\/wp\/v2\/tags?post=17146"},{"taxonomy":"series","embeddable":true,"href":"https:\/\/stepienybarno.es\/blog\/wp-json\/wp\/v2\/series?post=17146"}],"curies":[{"name":"wp","href":"https:\/\/api.w.org\/{rel}","templated":true}]}}