{"id":17151,"date":"2015-05-01T10:35:00","date_gmt":"2015-05-01T08:35:00","guid":{"rendered":"https:\/\/www.stepienybarno.es\/blog\/?p=17151"},"modified":"2015-05-03T20:05:23","modified_gmt":"2015-05-03T18:05:23","slug":"seis-anos-de-stepienybarno-en-la-red","status":"publish","type":"post","link":"https:\/\/stepienybarno.es\/blog\/2015\/05\/01\/seis-anos-de-stepienybarno-en-la-red\/","title":{"rendered":"SEIS A\u00d1OS DE STEPIENYBARNO EN LA RED."},"content":{"rendered":"<p style=\"text-align: center;\"><a href=\"https:\/\/stepienybarno.es\/blog\/wp-content\/uploads\/2015\/05\/STEPIENYBARNO-logo_blanco_350.jpg\"><img loading=\"lazy\" decoding=\"async\" class=\"aligncenter size-full wp-image-17152\" title=\"STEPIENYBARNO logo_blanco_350\" src=\"https:\/\/stepienybarno.es\/blog\/wp-content\/uploads\/2015\/05\/STEPIENYBARNO-logo_blanco_350.jpg\" alt=\"STEPIENYBARNO logo_blanco_350\" width=\"350\" height=\"350\" srcset=\"https:\/\/stepienybarno.es\/blog\/wp-content\/uploads\/2015\/05\/STEPIENYBARNO-logo_blanco_350.jpg 350w, https:\/\/stepienybarno.es\/blog\/wp-content\/uploads\/2015\/05\/STEPIENYBARNO-logo_blanco_350-180x180.jpg 180w, https:\/\/stepienybarno.es\/blog\/wp-content\/uploads\/2015\/05\/STEPIENYBARNO-logo_blanco_350-224x224.jpg 224w, https:\/\/stepienybarno.es\/blog\/wp-content\/uploads\/2015\/05\/STEPIENYBARNO-logo_blanco_350-316x316.jpg 316w\" sizes=\"(max-width: 350px) 100vw, 350px\" \/><\/a><\/p>\n<p>Parece que fue ayer cuando se nos ocurri\u00f3 que pod\u00edamos hacer un blog de arquitectura. Por aquel entonces, no hab\u00eda tantos blogs y, para nosotros, todo era muy nuevo.<\/p>\n<p>Es emocionante recordar con que intensidad, ingenuidad y ganas ech\u00e1bamos a andar esta historia, sin tener ni idea de lo que nos \u00edbamos a encontrar.<\/p>\n<p>Seis a\u00f1os despu\u00e9s, no os pod\u00e9is imaginar lo que le debemos a nuestro querido blog de stepienybarno y a todos los que durante estos a\u00f1os nos hab\u00e9is seguido por aqu\u00ed.<\/p>\n<p><!--more--><\/p>\n<blockquote><p>Mirar atr\u00e1s siempre es un ejercicio interesante, pero lo es m\u00e1s aun ver que todo lo realizado nos ha situado en un lugar inesperado y maravilloso, que nos abre <strong>multitud de posibilidades.<\/strong><\/p>\n<p>El blog naci\u00f3 para compartir inquietudes y poco m\u00e1s. Con el tiempo ha ido mutando y evolucionando, siempre sin un rumbo fijo, pero dej\u00e1ndose llevar por las olas de maravillosas compa\u00f1\u00edas. Hemos confiado mucho en que el <strong>destino<\/strong> siempre nos pod\u00eda sorprender y mostrar una buena opci\u00f3n. En este sentido, \u00a0nuestra tarea era estar atentos a todo ello para elegir la mejor opci\u00f3n.<\/p>\n<p>A d\u00eda de hoy, el blog, ha posibilitado que, desde hace tres a\u00f1os, podamos vivir del mundo de la <strong>comunicaci\u00f3n online <\/strong>y la <strong>Identidad Digital<\/strong> y que, sobre todo, hayamos disfrutado de lo lindo haciendo algo que, cuando surgi\u00f3 stepienybarno, no sab\u00edamos ni que sab\u00edamos hacer.<\/p>\n<p>Han sido seis a\u00f1os maravillosos en los que <strong>lo mejor ha sido la gente que hemos conocido.<\/strong> Decenas de personas incre\u00edbles que han pasado a formar parte de nuestras vidas; algunas como grandes amig@s.<\/p>\n<p>Aqu\u00ed os dejamos la entrada del a\u00f1o pasado que fue muy especial para nosotros: <a href=\"https:\/\/stepienybarno.es\/blog\/2014\/05\/01\/stepienybarno-_-5-anos-enredando-2009-2014\/#more-13330\"><span style=\"color: #808080;\">https:\/\/stepienybarno.es\/blog\/2014\/05\/01\/stepienybarno-_-5-anos-enredando-2009-2014\/#more-13330<\/span><\/a><\/p>\n<p>Lo dicho y un fuerte abrazo para tod@s.<\/p>\n<p>Agnieszka y Lorenzo.<\/p><\/blockquote>\n<p>* <span style=\"color: #999999;\"><em>Este art\u00edculo ha sido escrito con car\u00e1cter divulgativo y sin ning\u00fan tipo de \u00e1nimo de lucro. As\u00ed que, si te apetece compartirlo en cualquier otro medio, estaremos encantados de que lo hagas siempre y cuando cites el lugar donde lo has encontrado.<\/em><\/span><\/p>\n<p><a href=\"https:\/\/twitter.com\/stepienybarno\"><span style=\"color: #999999;\"><em>STEPIENYBARNO EN TWITTER _ @stepienybarno<\/em><\/span><\/a><\/p>\n<p><a href=\"http:\/\/www.linkedin.com\/company\/stepienybarno\"><span style=\"color: #999999;\"><em>STEPIENYBARNO EN LINKEDIN<\/em><\/span><\/a><\/p>\n<p><a href=\"https:\/\/www.facebook.com\/pages\/BLOG-DE-STEPIENYBARNO\/78001079029\"><span style=\"color: #999999;\"><em>STEPIENYBARNO EN FACEBOOK<\/em><\/span><\/a><\/p>\n<p><span style=\"color: #999999;\"><em>* Stepienybarno est\u00e1 formado por Agnieszka Stepien y Lorenzo Barn\u00f3 y desde mayo del 2009 estamos en la red con\u00a0 la presente publicaci\u00f3n digital (Blog) de arquitectura.<\/em><\/span><\/p>\n<p><span style=\"color: #999999;\"><em>Nuestra actividad se sustenta en tres pilares b\u00e1sicos: la investigaci\u00f3n, la publicaci\u00f3n y la redacci\u00f3n de proyectos de arquitectura.<\/em><\/span><\/p>\n<p align=\"left\"><span style=\"color: #999999;\"><em>A su vez, somos socios cofundadores de <a href=\"http:\/\/sinergiasostenible.org\/\">SINERGIA SOSTENIBLE<\/a>, redactores de <a href=\"http:\/\/www.laciudadviva.org\/blogs\/?author=45\">LA CIUDAD VIVA<\/a> y directores del blog de FUNDACI\u00d3N ARQUIA.<\/em><\/span><\/p>\n<p><span style=\"color: #999999;\"><em>* Los editores de esta publicaci\u00f3n digital no nos hacemos cargo de de los comentarios y\u00a0 conceptos vertidos en los textos firmados por otras personas, siendo \u00e9stos de responsabilidad exclusiva de sus autores.<\/em><\/span><\/p>\n<p><span style=\"color: #999999;\"><em>* Tu comentario pudiera ser moderado, por lo tanto, aunque aparezca inmediatamente al ser publicado en la entrada, los editores de esta publicaci\u00f3n digital nos reservamos el derecho tanto de editarlo (si fuera necesario, para hacerlo m\u00e1s legible) como de eliminarlo en el caso de que se usen expresiones incorrectas (descalificaciones, palabras malsonantes\u2026). A su vez, si quieres comentar desde el anonimato puedes hacerlo, aunque, nosotros personalmente, agradecemos que tod@s nos podamos identificar.<\/em><\/span><\/p>\n","protected":false},"excerpt":{"rendered":"<p>Parece que fue ayer cuando se nos ocurri\u00f3 que pod\u00edamos hacer un blog de arquitectura. Por aquel entonces, no hab\u00eda tantos blogs y, para nosotros, todo era muy nuevo.<\/p>\n<p>Es emocionante recordar con que intensidad, ingenuidad y ganas ech\u00e1bamos a andar esta historia, sin tener ni idea de lo que nos \u00edbamos a encontrar.<\/p>\n<p>Seis a\u00f1os despu\u00e9s, no os pod\u00e9is imaginar lo que le debemos a nuestro querido blog de stepienybarno y a todos los que durante estos a\u00f1os nos hab\u00e9is seguido por aqu\u00ed.<\/p>\n<p> (m\u00e1s&#8230;)<\/p>\n","protected":false},"author":2,"featured_media":0,"comment_status":"open","ping_status":"closed","sticky":false,"template":"","format":"standard","meta":{"om_disable_all_campaigns":false,"_monsterinsights_skip_tracking":false,"_monsterinsights_sitenote_active":false,"_monsterinsights_sitenote_note":"","_monsterinsights_sitenote_category":0,"_uf_show_specific_survey":0,"_uf_disable_surveys":false,"episode_type":"","audio_file":"","cover_image":"","cover_image_id":"","duration":"","filesize":"","date_recorded":"","explicit":"","block":"","filesize_raw":"","footnotes":""},"categories":[34,22],"tags":[33],"series":[],"class_list":["post-17151","post","type-post","status-publish","format-standard","hentry","category-actualidad","category-identidad-digital-syb","tag-blog"],"aioseo_notices":[],"episode_featured_image":false,"episode_player_image":"https:\/\/stepienybarno.es\/blog\/wp-content\/uploads\/2020\/11\/stepienybarno-podcast-scaled.jpg","download_link":"","player_link":"","audio_player":false,"episode_data":{"playerMode":"dark","subscribeUrls":[],"rssFeedUrl":"https:\/\/stepienybarno.es\/blog\/feed\/podcast\/podcast-de-stepienybarno","embedCode":"<blockquote class=\"wp-embedded-content\" data-secret=\"BPghmmlF6o\"><a href=\"https:\/\/stepienybarno.es\/blog\/2015\/05\/01\/seis-anos-de-stepienybarno-en-la-red\/\">SEIS A\u00d1OS DE STEPIENYBARNO EN LA RED.<\/a><\/blockquote><iframe sandbox=\"allow-scripts\" security=\"restricted\" src=\"https:\/\/stepienybarno.es\/blog\/2015\/05\/01\/seis-anos-de-stepienybarno-en-la-red\/embed\/#?secret=BPghmmlF6o\" width=\"500\" height=\"350\" title=\"\u00abSEIS A\u00d1OS DE STEPIENYBARNO EN LA RED.\u00bb \u2014 Blog de STEPIEN Y BARNO - publicaci\u00f3n digital sobre arquitectura\" data-secret=\"BPghmmlF6o\" frameborder=\"0\" marginwidth=\"0\" marginheight=\"0\" scrolling=\"no\" class=\"wp-embedded-content\"><\/iframe><script type=\"text\/javascript\">\n\/* <![CDATA[ *\/\n\/*! This file is auto-generated *\/\n!function(d,l){\"use strict\";l.querySelector&&d.addEventListener&&\"undefined\"!=typeof URL&&(d.wp=d.wp||{},d.wp.receiveEmbedMessage||(d.wp.receiveEmbedMessage=function(e){var t=e.data;if((t||t.secret||t.message||t.value)&&!\/[^a-zA-Z0-9]\/.test(t.secret)){for(var s,r,n,a=l.querySelectorAll('iframe[data-secret=\"'+t.secret+'\"]'),o=l.querySelectorAll('blockquote[data-secret=\"'+t.secret+'\"]'),c=new RegExp(\"^https?:$\",\"i\"),i=0;i<o.length;i++)o[i].style.display=\"none\";for(i=0;i<a.length;i++)s=a[i],e.source===s.contentWindow&&(s.removeAttribute(\"style\"),\"height\"===t.message?(1e3<(r=parseInt(t.value,10))?r=1e3:~~r<200&&(r=200),s.height=r):\"link\"===t.message&&(r=new URL(s.getAttribute(\"src\")),n=new URL(t.value),c.test(n.protocol))&&n.host===r.host&&l.activeElement===s&&(d.top.location.href=t.value))}},d.addEventListener(\"message\",d.wp.receiveEmbedMessage,!1),l.addEventListener(\"DOMContentLoaded\",function(){for(var e,t,s=l.querySelectorAll(\"iframe.wp-embedded-content\"),r=0;r<s.length;r++)(t=(e=s[r]).getAttribute(\"data-secret\"))||(t=Math.random().toString(36).substring(2,12),e.src+=\"#?secret=\"+t,e.setAttribute(\"data-secret\",t)),e.contentWindow.postMessage({message:\"ready\",secret:t},\"*\")},!1)))}(window,document);\n\/* ]]> *\/\n<\/script>\n"},"_links":{"self":[{"href":"https:\/\/stepienybarno.es\/blog\/wp-json\/wp\/v2\/posts\/17151"}],"collection":[{"href":"https:\/\/stepienybarno.es\/blog\/wp-json\/wp\/v2\/posts"}],"about":[{"href":"https:\/\/stepienybarno.es\/blog\/wp-json\/wp\/v2\/types\/post"}],"author":[{"embeddable":true,"href":"https:\/\/stepienybarno.es\/blog\/wp-json\/wp\/v2\/users\/2"}],"replies":[{"embeddable":true,"href":"https:\/\/stepienybarno.es\/blog\/wp-json\/wp\/v2\/comments?post=17151"}],"version-history":[{"count":4,"href":"https:\/\/stepienybarno.es\/blog\/wp-json\/wp\/v2\/posts\/17151\/revisions"}],"predecessor-version":[{"id":17156,"href":"https:\/\/stepienybarno.es\/blog\/wp-json\/wp\/v2\/posts\/17151\/revisions\/17156"}],"wp:attachment":[{"href":"https:\/\/stepienybarno.es\/blog\/wp-json\/wp\/v2\/media?parent=17151"}],"wp:term":[{"taxonomy":"category","embeddable":true,"href":"https:\/\/stepienybarno.es\/blog\/wp-json\/wp\/v2\/categories?post=17151"},{"taxonomy":"post_tag","embeddable":true,"href":"https:\/\/stepienybarno.es\/blog\/wp-json\/wp\/v2\/tags?post=17151"},{"taxonomy":"series","embeddable":true,"href":"https:\/\/stepienybarno.es\/blog\/wp-json\/wp\/v2\/series?post=17151"}],"curies":[{"name":"wp","href":"https:\/\/api.w.org\/{rel}","templated":true}]}}