{"id":17163,"date":"2015-05-04T12:46:41","date_gmt":"2015-05-04T10:46:41","guid":{"rendered":"https:\/\/www.stepienybarno.es\/blog\/?p=17163"},"modified":"2016-11-12T13:13:56","modified_gmt":"2016-11-12T11:13:56","slug":"greenplay-i-jornadas-de-educacion-en-arquitectura-y-sostenibilidad-para-la-infancia%e2%80%9d","status":"publish","type":"post","link":"https:\/\/stepienybarno.es\/blog\/2015\/05\/04\/greenplay-i-jornadas-de-educacion-en-arquitectura-y-sostenibilidad-para-la-infancia%e2%80%9d\/","title":{"rendered":"GREEN&#038;PLAY \u00abI JORNADAS DE EDUCACI\u00d3N EN ARQUITECTURA Y SOSTENIBILIDAD PARA LA INFANCIA\u201d"},"content":{"rendered":"<p style=\"text-align: center;\"><a href=\"https:\/\/stepienybarno.es\/blog\/wp-content\/uploads\/2015\/05\/sinergia-sostenible-talleres-exposicion-mayo-2015-stepienybarno-350.jpg\"><img loading=\"lazy\" decoding=\"async\" class=\"aligncenter size-full wp-image-17164\" title=\"sinergia-sostenible-talleres-exposicion-mayo-2015-stepienybarno 350\" src=\"https:\/\/stepienybarno.es\/blog\/wp-content\/uploads\/2015\/05\/sinergia-sostenible-talleres-exposicion-mayo-2015-stepienybarno-350.jpg\" alt=\"sinergia-sostenible-talleres-exposicion-mayo-2015-stepienybarno 350\" width=\"323\" height=\"297\" srcset=\"https:\/\/stepienybarno.es\/blog\/wp-content\/uploads\/2015\/05\/sinergia-sostenible-talleres-exposicion-mayo-2015-stepienybarno-350.jpg 323w, https:\/\/stepienybarno.es\/blog\/wp-content\/uploads\/2015\/05\/sinergia-sostenible-talleres-exposicion-mayo-2015-stepienybarno-350-180x166.jpg 180w, https:\/\/stepienybarno.es\/blog\/wp-content\/uploads\/2015\/05\/sinergia-sostenible-talleres-exposicion-mayo-2015-stepienybarno-350-316x291.jpg 316w\" sizes=\"(max-width: 323px) 100vw, 323px\" \/><\/a><\/p>\n<p>Como muchos ya sab\u00e9is, desde que all\u00e1 por el 2008 fund\u00e1semos nuestra asociaci\u00f3n de Sinergia Sostenible, junto a otras amigas tambi\u00e9n arquitectas, no hemos dejado de hacer talleres, organizar congresos y dar charlas.<\/p>\n<p>As\u00ed que, en un periquete (11 al 15 de Mayo), volveremos a la carga con una semanita repleta de actividades a cargo de Sinergia Sostenible.<\/p>\n<p>Si quieres saber m\u00e1s sobre el tema, no tienes m\u00e1s que seguir leyendo.<\/p>\n<p style=\"text-align: center;\"><!--more--><a href=\"https:\/\/stepienybarno.es\/blog\/wp-content\/uploads\/2015\/05\/sinergia-sostenible-talleres-exposicion-mayo-2015-stepienybarno.jpg\"><img loading=\"lazy\" decoding=\"async\" class=\"aligncenter size-full wp-image-17165\" title=\"sinergia-sostenible-talleres-exposicion-mayo-2015-stepienybarno\" src=\"https:\/\/stepienybarno.es\/blog\/wp-content\/uploads\/2015\/05\/sinergia-sostenible-talleres-exposicion-mayo-2015-stepienybarno.jpg\" alt=\"sinergia-sostenible-talleres-exposicion-mayo-2015-stepienybarno\" width=\"500\" height=\"707\" srcset=\"https:\/\/stepienybarno.es\/blog\/wp-content\/uploads\/2015\/05\/sinergia-sostenible-talleres-exposicion-mayo-2015-stepienybarno.jpg 500w, https:\/\/stepienybarno.es\/blog\/wp-content\/uploads\/2015\/05\/sinergia-sostenible-talleres-exposicion-mayo-2015-stepienybarno-127x180.jpg 127w, https:\/\/stepienybarno.es\/blog\/wp-content\/uploads\/2015\/05\/sinergia-sostenible-talleres-exposicion-mayo-2015-stepienybarno-389x550.jpg 389w, https:\/\/stepienybarno.es\/blog\/wp-content\/uploads\/2015\/05\/sinergia-sostenible-talleres-exposicion-mayo-2015-stepienybarno-495x700.jpg 495w, https:\/\/stepienybarno.es\/blog\/wp-content\/uploads\/2015\/05\/sinergia-sostenible-talleres-exposicion-mayo-2015-stepienybarno-283x400.jpg 283w\" sizes=\"(max-width: 500px) 100vw, 500px\" \/><\/a><\/p>\n<blockquote>\n<p style=\"text-align: center;\"><strong><span style=\"color: #008000;\">Acceder a toda la informaci\u00f3n, <a href=\"http:\/\/sinergiasostenible.org\/2015\/04\/green-play-i-jornadas-de-educacion-en-arquitectura-y-sostenibilidad-para-la-infancia%E2%80%9D\/#more-1463\" target=\"_blank\">aqu\u00ed.<\/a><\/span><\/strong><\/p>\n<\/blockquote>\n<p align=\"left\">\n<blockquote>\n<h3 style=\"text-align: center;\"><span style=\"color: #ff0000;\"><a style=\"color: #ff0000;\" href=\"http:\/\/cursoidentidaddigital.stepienybarno.es\/\">Sexta edici\u00f3n de nuestro curso online de Identidad Digital para arquitectos<\/a><\/span><\/h3>\n<p style=\"text-align: center;\">Un curso hecho por arquitectos, para arquitectos. Si te interesa mejorar tu visibilidad en la red y, por lo tanto, tus posibilidades laborales \u00a1este es tu curso!<\/p>\n<p style=\"text-align: center;\">Toda la informaci\u00f3n <a href=\"http:\/\/cursoidentidaddigital.stepienybarno.es\/\">por aqu\u00ed.<\/a><\/p>\n<\/blockquote>\n<p>* <em><span style=\"color: #999999;\">Este art\u00edculo ha sido escrito con car\u00e1cter divulgativo y sin ning\u00fan tipo de \u00e1nimo de lucro. As\u00ed que, si te apetece compartirlo en cualquier otro medio, estaremos encantados de que lo hagas siempre y cuando cites el lugar donde lo has encontrado.<\/span><\/em><\/p>\n<p><em><a href=\"https:\/\/twitter.com\/stepienybarno\"><span style=\"color: #999999;\">STEPIENYBARNO EN TWITTER _ @stepienybarno<\/span><\/a><\/em><\/p>\n<p><em><a href=\"http:\/\/www.linkedin.com\/company\/stepienybarno\"><span style=\"color: #999999;\">STEPIENYBARNO EN LINKEDIN<\/span><\/a><\/em><\/p>\n<p><em><a href=\"https:\/\/www.facebook.com\/pages\/BLOG-DE-STEPIENYBARNO\/78001079029\"><span style=\"color: #999999;\">STEPIENYBARNO EN FACEBOOK<\/span><\/a><\/em><\/p>\n<p><em><span style=\"color: #999999;\">* Stepienybarno est\u00e1 formado por Agnieszka Stepien y Lorenzo Barn\u00f3 y desde mayo del 2009 estamos en la red con\u00a0 la presente publicaci\u00f3n digital (Blog) de arquitectura.<\/span><\/em><\/p>\n<p><em><span style=\"color: #999999;\">Nuestra actividad se sustenta en tres pilares b\u00e1sicos: la investigaci\u00f3n, la publicaci\u00f3n y la redacci\u00f3n de proyectos de arquitectura.<\/span><\/em><\/p>\n<p align=\"left\"><em><span style=\"color: #999999;\">A su vez, somos socios cofundadores de <a href=\"http:\/\/sinergiasostenible.org\/\">SINERGIA SOSTENIBLE<\/a>, redactores de <a href=\"http:\/\/www.laciudadviva.org\/blogs\/?author=45\">LA CIUDAD VIVA<\/a> y directores del blog de FUNDACI\u00d3N ARQUIA.<\/span><\/em><\/p>\n<p><em><span style=\"color: #999999;\">* Los editores de esta publicaci\u00f3n digital no nos hacemos cargo de de los comentarios y\u00a0 conceptos vertidos en los textos firmados por otras personas, siendo \u00e9stos de responsabilidad exclusiva de sus autores.<\/span><\/em><\/p>\n<p><em><span style=\"color: #999999;\">* Tu comentario pudiera ser moderado, por lo tanto, aunque aparezca inmediatamente al ser publicado en la entrada, los editores de esta publicaci\u00f3n digital nos reservamos el derecho tanto de editarlo (si fuera necesario, para hacerlo m\u00e1s legible) como de eliminarlo en el caso de que se usen expresiones incorrectas (descalificaciones, palabras malsonantes\u2026). A su vez, si quieres comentar desde el anonimato puedes hacerlo, aunque, nosotros personalmente, agradecemos que tod@s nos podamos identificar.<\/span><\/em><\/p>\n","protected":false},"excerpt":{"rendered":"<p>Como muchos ya sab\u00e9is, desde que all\u00e1 por el 2008 fund\u00e1semos nuestra asociaci\u00f3n de Sinergia Sostenible, junto a otras amigas tambi\u00e9n arquitectas, no hemos dejado de hacer talleres, organizar congresos y dar charlas.<\/p>\n<p>As\u00ed que, en un periquete (11 al 15 de Mayo), volveremos a la carga con una semanita repleta de actividades a cargo de Sinergia Sostenible.<\/p>\n<p>Si quieres saber m\u00e1s sobre el tema, no tienes m\u00e1s que seguir leyendo.<\/p>\n<p>(m\u00e1s&#8230;)<\/p>\n","protected":false},"author":2,"featured_media":17164,"comment_status":"open","ping_status":"closed","sticky":false,"template":"","format":"standard","meta":{"om_disable_all_campaigns":false,"_monsterinsights_skip_tracking":false,"_monsterinsights_sitenote_active":false,"_monsterinsights_sitenote_note":"","_monsterinsights_sitenote_category":0,"_uf_show_specific_survey":0,"_uf_disable_surveys":false,"episode_type":"","audio_file":"","cover_image":"","cover_image_id":"","duration":"","filesize":"","date_recorded":"","explicit":"","block":"","filesize_raw":"","footnotes":""},"categories":[34,15],"tags":[3479,294,405,419],"series":[],"class_list":["post-17163","post","type-post","status-publish","format-standard","has-post-thumbnail","hentry","category-actualidad","category-sostenibilidad","tag-greenplay","tag-jornadas","tag-sinergia-sostenible","tag-taller-infantil-de-arquitectura"],"aioseo_notices":[],"episode_featured_image":"https:\/\/stepienybarno.es\/blog\/wp-content\/uploads\/2015\/05\/sinergia-sostenible-talleres-exposicion-mayo-2015-stepienybarno-350.jpg","episode_player_image":"https:\/\/stepienybarno.es\/blog\/wp-content\/uploads\/2020\/11\/stepienybarno-podcast-scaled.jpg","download_link":"","player_link":"","audio_player":false,"episode_data":{"playerMode":"dark","subscribeUrls":[],"rssFeedUrl":"https:\/\/stepienybarno.es\/blog\/feed\/podcast\/podcast-de-stepienybarno","embedCode":"<blockquote class=\"wp-embedded-content\" data-secret=\"ebuhB1DsGp\"><a href=\"https:\/\/stepienybarno.es\/blog\/2015\/05\/04\/greenplay-i-jornadas-de-educacion-en-arquitectura-y-sostenibilidad-para-la-infancia%e2%80%9d\/\">GREEN&#038;PLAY \u00abI JORNADAS DE EDUCACI\u00d3N EN ARQUITECTURA Y SOSTENIBILIDAD PARA LA INFANCIA\u201d<\/a><\/blockquote><iframe sandbox=\"allow-scripts\" security=\"restricted\" src=\"https:\/\/stepienybarno.es\/blog\/2015\/05\/04\/greenplay-i-jornadas-de-educacion-en-arquitectura-y-sostenibilidad-para-la-infancia%e2%80%9d\/embed\/#?secret=ebuhB1DsGp\" width=\"500\" height=\"350\" title=\"\u00abGREEN&#038;PLAY \u00abI JORNADAS DE EDUCACI\u00d3N EN ARQUITECTURA Y SOSTENIBILIDAD PARA LA INFANCIA\u201d\u00bb \u2014 Blog de STEPIEN Y BARNO - publicaci\u00f3n digital sobre arquitectura\" data-secret=\"ebuhB1DsGp\" frameborder=\"0\" marginwidth=\"0\" marginheight=\"0\" scrolling=\"no\" class=\"wp-embedded-content\"><\/iframe><script type=\"text\/javascript\">\n\/* <![CDATA[ *\/\n\/*! This file is auto-generated *\/\n!function(d,l){\"use strict\";l.querySelector&&d.addEventListener&&\"undefined\"!=typeof URL&&(d.wp=d.wp||{},d.wp.receiveEmbedMessage||(d.wp.receiveEmbedMessage=function(e){var t=e.data;if((t||t.secret||t.message||t.value)&&!\/[^a-zA-Z0-9]\/.test(t.secret)){for(var s,r,n,a=l.querySelectorAll('iframe[data-secret=\"'+t.secret+'\"]'),o=l.querySelectorAll('blockquote[data-secret=\"'+t.secret+'\"]'),c=new RegExp(\"^https?:$\",\"i\"),i=0;i<o.length;i++)o[i].style.display=\"none\";for(i=0;i<a.length;i++)s=a[i],e.source===s.contentWindow&&(s.removeAttribute(\"style\"),\"height\"===t.message?(1e3<(r=parseInt(t.value,10))?r=1e3:~~r<200&&(r=200),s.height=r):\"link\"===t.message&&(r=new URL(s.getAttribute(\"src\")),n=new URL(t.value),c.test(n.protocol))&&n.host===r.host&&l.activeElement===s&&(d.top.location.href=t.value))}},d.addEventListener(\"message\",d.wp.receiveEmbedMessage,!1),l.addEventListener(\"DOMContentLoaded\",function(){for(var e,t,s=l.querySelectorAll(\"iframe.wp-embedded-content\"),r=0;r<s.length;r++)(t=(e=s[r]).getAttribute(\"data-secret\"))||(t=Math.random().toString(36).substring(2,12),e.src+=\"#?secret=\"+t,e.setAttribute(\"data-secret\",t)),e.contentWindow.postMessage({message:\"ready\",secret:t},\"*\")},!1)))}(window,document);\n\/* ]]> *\/\n<\/script>\n"},"_links":{"self":[{"href":"https:\/\/stepienybarno.es\/blog\/wp-json\/wp\/v2\/posts\/17163"}],"collection":[{"href":"https:\/\/stepienybarno.es\/blog\/wp-json\/wp\/v2\/posts"}],"about":[{"href":"https:\/\/stepienybarno.es\/blog\/wp-json\/wp\/v2\/types\/post"}],"author":[{"embeddable":true,"href":"https:\/\/stepienybarno.es\/blog\/wp-json\/wp\/v2\/users\/2"}],"replies":[{"embeddable":true,"href":"https:\/\/stepienybarno.es\/blog\/wp-json\/wp\/v2\/comments?post=17163"}],"version-history":[{"count":3,"href":"https:\/\/stepienybarno.es\/blog\/wp-json\/wp\/v2\/posts\/17163\/revisions"}],"predecessor-version":[{"id":24962,"href":"https:\/\/stepienybarno.es\/blog\/wp-json\/wp\/v2\/posts\/17163\/revisions\/24962"}],"wp:featuredmedia":[{"embeddable":true,"href":"https:\/\/stepienybarno.es\/blog\/wp-json\/wp\/v2\/media\/17164"}],"wp:attachment":[{"href":"https:\/\/stepienybarno.es\/blog\/wp-json\/wp\/v2\/media?parent=17163"}],"wp:term":[{"taxonomy":"category","embeddable":true,"href":"https:\/\/stepienybarno.es\/blog\/wp-json\/wp\/v2\/categories?post=17163"},{"taxonomy":"post_tag","embeddable":true,"href":"https:\/\/stepienybarno.es\/blog\/wp-json\/wp\/v2\/tags?post=17163"},{"taxonomy":"series","embeddable":true,"href":"https:\/\/stepienybarno.es\/blog\/wp-json\/wp\/v2\/series?post=17163"}],"curies":[{"name":"wp","href":"https:\/\/api.w.org\/{rel}","templated":true}]}}