{"id":17259,"date":"2015-05-12T10:38:57","date_gmt":"2015-05-12T08:38:57","guid":{"rendered":"https:\/\/www.stepienybarno.es\/blog\/?p=17259"},"modified":"2015-05-12T10:39:53","modified_gmt":"2015-05-12T08:39:53","slug":"santiago-cirugeda-arquitecto-el-proyecto-de-la-carpa-es-mas-grande-que-el-del-guggenheim","status":"publish","type":"post","link":"https:\/\/stepienybarno.es\/blog\/2015\/05\/12\/santiago-cirugeda-arquitecto-el-proyecto-de-la-carpa-es-mas-grande-que-el-del-guggenheim\/","title":{"rendered":"SANTIAGO CIRUGEDA. ARQUITECTO  \u00abEL PROYECTO DE LA CARPA ES M\u00c1S GRANDE QUE EL DEL GUGGENHEIM\u00bb"},"content":{"rendered":"<p><a href=\"https:\/\/stepienybarno.es\/blog\/wp-content\/uploads\/2015\/05\/stepienybarno-blog-stepien-y-barno-diario-de-sevilla-santiago-cirujeda.jpg\"><img loading=\"lazy\" decoding=\"async\" class=\"aligncenter size-medium wp-image-17260\" title=\"stepienybarno-blog-stepien-y-barno-diario-de-sevilla-santiago-cirujeda\" src=\"https:\/\/stepienybarno.es\/blog\/wp-content\/uploads\/2015\/05\/stepienybarno-blog-stepien-y-barno-diario-de-sevilla-santiago-cirujeda-350x268.jpg\" alt=\"stepienybarno-blog-stepien-y-barno-diario-de-sevilla-santiago-cirujeda\" width=\"350\" height=\"268\" \/><\/a><\/p>\n<p>Por Francisco Camero Desde <a href=\"http:\/\/www.diariodesevilla.es\/\" target=\"_blank\">Diario de Sevilla<\/a><\/p>\n<p><!--more--><\/p>\n<p>\u201cCon una carrera entre el activismo y el arte conceptual, el sevillano recogi\u00f3 este lunes en Par\u00eds el Premio Global de Arquitectura Sostenible que conceden la Fundaci\u00f3n Locus y la Unesco.<\/p>\n<h1><strong> <\/strong><\/h1>\n<p><strong>-\u00bfC\u00f3mo vive la concesi\u00f3n de este premio y el hecho de que sea el primer espa\u00f1ol en recibirlo? <\/strong><\/p>\n<p>-Como un aval, como una herramienta para seguir haciendo presi\u00f3n. Aqu\u00ed las administraciones pol\u00edticas no escuchan, a pesar de que el tipo de arquitectura que yo defiendo se est\u00e1 impulsando en muchos otros sitios.<\/p>\n<p><strong>-\u00bfSe entienden ahora mejor sus ideas que cuando empez\u00f3? <\/strong><\/p>\n<p>-S\u00ed, pero m\u00e1s que mis ideas, que por otro lado no son s\u00f3lo m\u00edas, la manera de trabajarlas. Cambiar las cosas lleva tiempo. A m\u00ed, al final, siempre me llaman cuando hay problemas o se ponen las cosas complicadas.<\/p>\n<p><strong>-\u00bfVe factible que su arquitectura <em>de guerrilla<\/em> se convierta en alg\u00fan momento en una pr\u00e1ctica asumida, normalizada, o est\u00e1 condenada al activismo y los resquicios de la legislaci\u00f3n? <\/strong><\/p>\n<p>-Aspiramos a que muchos de estos modos de hacer se conviertan en pol\u00edticas oficiales. En eso estamos trabajando muchos. Pero cuando lo que ahora es guerrilla se convierta en pol\u00edtica oficial, montaremos otra guerrilla para hacer otras cosas. Siempre, siempre habr\u00e1 una arquitectura de resistencia, porque aunque mejoremos la condiciones pol\u00edticas siempre habr\u00e1 una parte de la poblaci\u00f3n que quedar\u00e1 abandonada. Y si solucionamos diez cosas, aparecer\u00e1n otros diez problemas. No voy a acomodarme, no tengo inter\u00e9s en ser funcionario. Estar\u00e9 siempre en la parte devaluada del \u00e1mbito p\u00fablico.\u00a0 (\u2026)\u201d<\/p>\n<p align=\"center\">Accede a la entrevista, <a href=\"http:\/\/www.diariodesevilla.es\/article\/ocio\/2020887\/proyecto\/la\/carpa\/es\/mas\/grande\/guggenheim.html\" target=\"_blank\">AQU\u00cd<\/a><\/p>\n<p align=\"center\">\n<p align=\"center\">\n<p align=\"center\">\n<p><span style=\"color: #888888;\">Noticia seleccionada por el Canal de arquitectura STEPIENYBARNO.<\/span><\/p>\n<p>STEPIENYBARNO EN TWITTER _\u00a0<a href=\"https:\/\/twitter.com\/\" target=\"_blank\">@stepienybarno<\/a><\/p>\n<p><a href=\"http:\/\/www.linkedin.com\/company\/stepienybarno\" target=\"_blank\">STEPIENYBARNO EN LINKEDIN<\/a><\/p>\n<p><a href=\"https:\/\/www.facebook.com\/pages\/BLOG-DE-STEPIENYBARNO\/78001079029?fref=ts\" target=\"_blank\">STEPIENYBARNO EN FACEBOOK<\/a><\/p>\n<p><span style=\"color: #888888;\">*Stepienybarno est\u00e1 formado por Agnieszka Stepien y Lorenzo Barn\u00f3 y desde mayo del 2009 estamos en la red con\u00a0 la presente publicaci\u00f3n digital (Blog) de arquitectura.<\/span><\/p>\n<p><span style=\"color: #888888;\">Nuestra actividad se sustenta en tres pilares b\u00e1sicos: la investigaci\u00f3n, la publicaci\u00f3n (comunicaci\u00f3n y difusi\u00f3n) y la redacci\u00f3n de proyectos de arquitectura.<\/span><\/p>\n<p><span style=\"color: #888888;\">A su vez, somos socios cofundadores de<\/span> <a href=\"http:\/\/sinergiasostenible.org\/\" target=\"_blank\">SINERGIA SOSTENIBLE<\/a><span style=\"color: #888888;\">, redactores de<\/span> <a href=\"http:\/\/www.laciudadviva.org\/blogs\/?author=45\" target=\"_blank\">LA CIUDAD VIVA<\/a><span style=\"color: #888888;\"> y directores del blog de <\/span><a href=\"http:\/\/blogfundacion.arquia.es\/\" target=\"_blank\">FUNDACI\u00d3N ARQUIA<\/a><span style=\"color: #888888;\">.<\/span><\/p>\n<p><span style=\"color: #888888;\">* Los editores de esta publicaci\u00f3n digital no nos hacemos cargo de de los comentarios y\u00a0 conceptos vertidos en los textos firmados por otras personas, siendo \u00e9stos de responsabilidad exclusiva de sus autores.<\/span><\/p>\n<p><span style=\"color: #888888;\">* Tu comentario podr\u00e1 ser moderado, por lo tanto, aunque aparezca inmediatamente al ser publicado en la entrada, los editores de esta publicaci\u00f3n digital nos reservamos el derecho tanto de editarlo (si fuera necesario, para hacerlo m\u00e1s legible) como de eliminarlo en el caso de que se usen expresiones incorrectas (descalificaciones, palabras malsonantes\u2026). A su vez, si quieres comentar desde el anonimato puedes hacerlo, aunque, nosotros personalmente, agradecemos que tod@s nos podamos identificar.<\/span><\/p>\n","protected":false},"excerpt":{"rendered":"<p>Por Francisco Camero Desde Diario de Sevilla<\/p>\n<p>(m\u00e1s&#8230;)<\/p>\n","protected":false},"author":2,"featured_media":0,"comment_status":"open","ping_status":"closed","sticky":false,"template":"","format":"standard","meta":{"om_disable_all_campaigns":false,"_monsterinsights_skip_tracking":false,"_monsterinsights_sitenote_active":false,"_monsterinsights_sitenote_note":"","_monsterinsights_sitenote_category":0,"_uf_show_specific_survey":0,"_uf_disable_surveys":false,"episode_type":"","audio_file":"","cover_image":"","cover_image_id":"","duration":"","filesize":"","date_recorded":"","explicit":"","block":"","filesize_raw":"","footnotes":""},"categories":[244],"tags":[3489,3488],"series":[],"class_list":["post-17259","post","type-post","status-publish","format-standard","hentry","category-canal-de-arquitectura","tag-diario-de-sevilla","tag-francisco-camero"],"aioseo_notices":[],"episode_featured_image":false,"episode_player_image":"https:\/\/stepienybarno.es\/blog\/wp-content\/uploads\/2020\/11\/stepienybarno-podcast-scaled.jpg","download_link":"","player_link":"","audio_player":false,"episode_data":{"playerMode":"dark","subscribeUrls":[],"rssFeedUrl":"https:\/\/stepienybarno.es\/blog\/feed\/podcast\/podcast-de-stepienybarno","embedCode":"<blockquote class=\"wp-embedded-content\" data-secret=\"LtFcsFs5XJ\"><a href=\"https:\/\/stepienybarno.es\/blog\/2015\/05\/12\/santiago-cirugeda-arquitecto-el-proyecto-de-la-carpa-es-mas-grande-que-el-del-guggenheim\/\">SANTIAGO CIRUGEDA. ARQUITECTO  \u00abEL PROYECTO DE LA CARPA ES M\u00c1S GRANDE QUE EL DEL GUGGENHEIM\u00bb<\/a><\/blockquote><iframe sandbox=\"allow-scripts\" security=\"restricted\" src=\"https:\/\/stepienybarno.es\/blog\/2015\/05\/12\/santiago-cirugeda-arquitecto-el-proyecto-de-la-carpa-es-mas-grande-que-el-del-guggenheim\/embed\/#?secret=LtFcsFs5XJ\" width=\"500\" height=\"350\" title=\"\u00abSANTIAGO CIRUGEDA. ARQUITECTO  \u00abEL PROYECTO DE LA CARPA ES M\u00c1S GRANDE QUE EL DEL GUGGENHEIM\u00bb\u00bb \u2014 Blog de STEPIEN Y BARNO - publicaci\u00f3n digital sobre arquitectura\" data-secret=\"LtFcsFs5XJ\" frameborder=\"0\" marginwidth=\"0\" marginheight=\"0\" scrolling=\"no\" class=\"wp-embedded-content\"><\/iframe><script type=\"text\/javascript\">\n\/* <![CDATA[ *\/\n\/*! This file is auto-generated *\/\n!function(d,l){\"use strict\";l.querySelector&&d.addEventListener&&\"undefined\"!=typeof URL&&(d.wp=d.wp||{},d.wp.receiveEmbedMessage||(d.wp.receiveEmbedMessage=function(e){var t=e.data;if((t||t.secret||t.message||t.value)&&!\/[^a-zA-Z0-9]\/.test(t.secret)){for(var s,r,n,a=l.querySelectorAll('iframe[data-secret=\"'+t.secret+'\"]'),o=l.querySelectorAll('blockquote[data-secret=\"'+t.secret+'\"]'),c=new RegExp(\"^https?:$\",\"i\"),i=0;i<o.length;i++)o[i].style.display=\"none\";for(i=0;i<a.length;i++)s=a[i],e.source===s.contentWindow&&(s.removeAttribute(\"style\"),\"height\"===t.message?(1e3<(r=parseInt(t.value,10))?r=1e3:~~r<200&&(r=200),s.height=r):\"link\"===t.message&&(r=new URL(s.getAttribute(\"src\")),n=new URL(t.value),c.test(n.protocol))&&n.host===r.host&&l.activeElement===s&&(d.top.location.href=t.value))}},d.addEventListener(\"message\",d.wp.receiveEmbedMessage,!1),l.addEventListener(\"DOMContentLoaded\",function(){for(var e,t,s=l.querySelectorAll(\"iframe.wp-embedded-content\"),r=0;r<s.length;r++)(t=(e=s[r]).getAttribute(\"data-secret\"))||(t=Math.random().toString(36).substring(2,12),e.src+=\"#?secret=\"+t,e.setAttribute(\"data-secret\",t)),e.contentWindow.postMessage({message:\"ready\",secret:t},\"*\")},!1)))}(window,document);\n\/* ]]> *\/\n<\/script>\n"},"_links":{"self":[{"href":"https:\/\/stepienybarno.es\/blog\/wp-json\/wp\/v2\/posts\/17259"}],"collection":[{"href":"https:\/\/stepienybarno.es\/blog\/wp-json\/wp\/v2\/posts"}],"about":[{"href":"https:\/\/stepienybarno.es\/blog\/wp-json\/wp\/v2\/types\/post"}],"author":[{"embeddable":true,"href":"https:\/\/stepienybarno.es\/blog\/wp-json\/wp\/v2\/users\/2"}],"replies":[{"embeddable":true,"href":"https:\/\/stepienybarno.es\/blog\/wp-json\/wp\/v2\/comments?post=17259"}],"version-history":[{"count":5,"href":"https:\/\/stepienybarno.es\/blog\/wp-json\/wp\/v2\/posts\/17259\/revisions"}],"predecessor-version":[{"id":17265,"href":"https:\/\/stepienybarno.es\/blog\/wp-json\/wp\/v2\/posts\/17259\/revisions\/17265"}],"wp:attachment":[{"href":"https:\/\/stepienybarno.es\/blog\/wp-json\/wp\/v2\/media?parent=17259"}],"wp:term":[{"taxonomy":"category","embeddable":true,"href":"https:\/\/stepienybarno.es\/blog\/wp-json\/wp\/v2\/categories?post=17259"},{"taxonomy":"post_tag","embeddable":true,"href":"https:\/\/stepienybarno.es\/blog\/wp-json\/wp\/v2\/tags?post=17259"},{"taxonomy":"series","embeddable":true,"href":"https:\/\/stepienybarno.es\/blog\/wp-json\/wp\/v2\/series?post=17259"}],"curies":[{"name":"wp","href":"https:\/\/api.w.org\/{rel}","templated":true}]}}