{"id":1731,"date":"2010-02-01T01:13:05","date_gmt":"2010-01-31T23:13:05","guid":{"rendered":"https:\/\/www.stepienybarno.es\/blog\/?p=1731"},"modified":"2014-05-15T20:52:19","modified_gmt":"2014-05-15T18:52:19","slug":"%c2%bfes-un-grado-la-experiencia-en-la-arquitectura","status":"publish","type":"post","link":"https:\/\/stepienybarno.es\/blog\/2010\/02\/01\/%c2%bfes-un-grado-la-experiencia-en-la-arquitectura\/","title":{"rendered":"\u00bfES UN GRADO LA EXPERIENCIA EN LA ARQUITECTURA?"},"content":{"rendered":"<p style=\"text-align: center;\" align=\"left\"><img loading=\"lazy\" decoding=\"async\" class=\"size-full wp-image-1733 aligncenter\" title=\"stepienybarno arquitecto juventud experiencia\" src=\"https:\/\/stepienybarno.es\/blog\/wp-content\/uploads\/2010\/01\/stepienybarno-arquitecto-juventud-experiencia.jpg\" alt=\"stepienybarno arquitecto juventud experiencia\" width=\"350\" height=\"326\" srcset=\"https:\/\/stepienybarno.es\/blog\/wp-content\/uploads\/2010\/01\/stepienybarno-arquitecto-juventud-experiencia.jpg 350w, https:\/\/stepienybarno.es\/blog\/wp-content\/uploads\/2010\/01\/stepienybarno-arquitecto-juventud-experiencia-180x168.jpg 180w, https:\/\/stepienybarno.es\/blog\/wp-content\/uploads\/2010\/01\/stepienybarno-arquitecto-juventud-experiencia-316x294.jpg 316w\" sizes=\"(max-width: 350px) 100vw, 350px\" \/>\u00a0<\/p>\n<p align=\"left\">Hoy\u00a0 abandonamos el intenso debate que se ha estado produciendo durante este \u00faltimo mes sobre el fondo,\u00a0 la forma y la belleza y realizamos un cambio de tercio hacia otros derroteros.\u00a0 Con vuestra ayuda intentaremos adentrarnos en \u00a0c\u00f3mo se deber valorar \u00a0la experiencia dentro \u00a0del mundo de la arquitectura. Habr\u00e1 quien piense que debe ser un requisito fundamental y otros que precisamente el desparpajo y entusiasmo de un reci\u00e9n titulado es mucho m\u00e1s importante que la mayor de las experiencias.<\/p>\n<p align=\"left\">\u00a0<\/p>\n<p align=\"left\"><!--more--><\/p>\n<p align=\"left\">\u00a0<\/p>\n<p align=\"left\">A d\u00eda de hoy, \u00a0Espa\u00f1a es uno de los pocos pa\u00edses donde al terminar la carrera, legalmente el reci\u00e9n titulado est\u00e1 habilitado para firmar cualquier proyecto, y cuando decimos cualquiera es cualquiera. Si no se\u00a0 ha mantenido ning\u00fan tipo de contacto con el mundo laboral a nadie le importa. Si por A o por B, un joven arquitecto es capaz de convencer a un confiado promotor que le encargue un rascacielos, pues no hay problema. Esta firma vale igual que la del m\u00e1s curtido de los arquitectos. En el otro extremo, nos encontramos los consejos que daba el genial y exc\u00e9ntrico maestro norteamericano Frank Lloyd \u00a0\u00a0Wright a sus alumnos recomend\u00e1ndoles estar por lo menos 10 a\u00f1os aprendiendo con arquitectos con experiencia antes de \u00a0lanzarse a la aventura en solitario. Como termino medio entre los dos extremos, podemos ver c\u00f3mo en \u00a0varios pa\u00edses europeos para poder firmar un proyecto, el arquitecto tiene que haber estado trabajando una vez terminada la escuela durante cuatro a\u00f1os tanto en estudio como a pie de obra.<\/p>\n<p align=\"left\">\u00a0<\/p>\n<p align=\"left\">En cualquier caso, la opci\u00f3n nacional por un lado es la m\u00e1s intr\u00e9pida, pero por otro hay que recordar que los encargos no caen del cielo (y menos en estos tiempos) y que lo normal ser\u00e1 pasar varios a\u00f1os a la vera de otros arquitectos antes de que te llegue la gran oportunidad. Si el arquitecto reci\u00e9n terminado se\u00a0 plantea hacer alguna obra \u201cde las de las revistas\u201d, se encontrar\u00e1 ante un sinf\u00edn de dificultades para acceder a un trocito del pastel. Seguramente la realidad le quitar\u00e1 muchos p\u00e1jaros de la cabeza y r\u00e1pidamente se dar\u00e1 cuenta que es\u00a0 casi imposible ni siquiera poder optar a uno de esos tan ansiados encargos.<\/p>\n<p align=\"left\">\u00a0<\/p>\n<p align=\"left\">\u00bfPero qu\u00e9 pasa con encargos m\u00e1s normalitos, donde no hay que gestionar un mill\u00f3n de euros en un edificio p\u00fablico? \u00bfEst\u00e1 el arquitecto reci\u00e9n titulado preparado para realizar el t\u00edpico encargo de reforma de la casa de sus t\u00edos? Y si en vez de una reforma, es la construcci\u00f3n de una casita en una \u00a0finca familiar. De hecho, el primer encargo de muchos arquitectos llega precisamente as\u00ed. Hace poco le o\u00edamos a\u00a0 Llinas contar las peripecias del encargo de su primera casa, que como no pod\u00eda ser de otra forma era la casa de sus padres. A d\u00eda de hoy, comentaba que se echaba las manos a la cabeza de muchas de las decisiones tomadas.<\/p>\n<p align=\"left\">\u00a0<\/p>\n<p align=\"left\">\u00bfC\u00f3mo se desenvolver\u00e1 el arquitecto que hasta ese momento pr\u00e1cticamente no habr\u00e1 pisado una obra con estos primeros encargos? \u00bfC\u00f3mo se lleva el que de repente se de cuenta que existen normativas que jam\u00e1s hubiera so\u00f1ado que le tocar\u00eda leer? A lo que hay que a\u00f1adir \u00a0que nadie se encargar\u00e1 de resolver las miles de dudas que le \u00a0entrar\u00e1n cuando lea semejantes tochos por primera vez.<\/p>\n<p align=\"left\">\u00bfQu\u00e9 pasar\u00e1 cuando aparezcan los primeros modificados del proyecto? y si aparece la palabra precio contradictorio, \u00bfQu\u00e9 cara se tiene que poner cuando en la escuela nadie le hab\u00eda hablado que existe esa palabreja? Y si el aparejador le comenta algo sobre la certificaci\u00f3n, \u00bfsabr\u00e1 nuestro aventurado e intr\u00e9pido proyectista y director de obra, de que se le est\u00e1 hablando? Y si todas estas cosas y much\u00edsimas m\u00e1s son el pan nuestro de cada d\u00eda en cualquier obra, \u00bfPor qu\u00e9 nadie le ha dado las herramientas a nuestro protagonista para no tener que hacerse especialista en poner cada de p\u00f3quer?.<\/p>\n<p align=\"left\">\u00a0<\/p>\n<p align=\"left\">Eso si, sobre la hibridaci\u00f3n del metalenguaje en la hipoarquitectura le habr\u00e1n hablado sin cesar. La experiencia es un grado, pero la inexperiencia con la que se sale al mundo real, creemos que bien se pudiera salvar cambiando ciertas tendencias en nuestras escuelas. Desde stepienybarno, as\u00ed lo vemos, pero no significa que tengamos raz\u00f3n, por ello os animamos a contarnos c\u00f3mo lo veis vosotros e incluso alguno igual se anima a\u00a0recordar c\u00f3mo fueron\u00a0(o\u00a0est\u00e1n siendo)\u00a0\u00a0esos comienzos!<\/p>\n<p align=\"left\">\u00a0<\/p>\n","protected":false},"excerpt":{"rendered":"\n<p>Hoy  abandonamos el intenso debate que se ha estado produciendo durante este \u00faltimo mes sobre el fondo,  la forma y la belleza y realizamos un cambio de tercio hacia otros derroteros.  Con vuestra ayuda intentaremos adentrarnos en  c\u00f3mo se deber valorar  la experiencia dentro  del mundo de la arquitectura. Habr\u00e1 quien piense que debe ser un requisito fundamental y otros que precisamente el desparpajo y entusiasmo de un reci\u00e9n titulado es mucho m\u00e1s importante que la mayor de las experiencias.<\/p>\n","protected":false},"author":2,"featured_media":0,"comment_status":"open","ping_status":"closed","sticky":false,"template":"","format":"standard","meta":{"om_disable_all_campaigns":false,"_monsterinsights_skip_tracking":false,"_monsterinsights_sitenote_active":false,"_monsterinsights_sitenote_note":"","_monsterinsights_sitenote_category":0,"_uf_show_specific_survey":0,"_uf_disable_surveys":false,"episode_type":"","audio_file":"","cover_image":"","cover_image_id":"","duration":"","filesize":"","date_recorded":"","explicit":"","block":"","filesize_raw":"","footnotes":""},"categories":[34,4,2976],"tags":[4274,9,80,65,79,68,73],"series":[],"class_list":["post-1731","post","type-post","status-publish","format-standard","hentry","category-actualidad","category-arquilectura","category-profesion-arquitecto","tag-actualidad","tag-arquitectura","tag-critica-arquitectonica","tag-educacion","tag-experiencia","tag-jovenes-arquitectos","tag-opinion"],"aioseo_notices":[],"episode_featured_image":false,"episode_player_image":"https:\/\/stepienybarno.es\/blog\/wp-content\/uploads\/2020\/11\/stepienybarno-podcast-scaled.jpg","download_link":"","player_link":"","audio_player":false,"episode_data":{"playerMode":"dark","subscribeUrls":[],"rssFeedUrl":"https:\/\/stepienybarno.es\/blog\/feed\/podcast\/podcast-de-stepienybarno","embedCode":"<blockquote class=\"wp-embedded-content\" data-secret=\"h00j0ew5ZQ\"><a href=\"https:\/\/stepienybarno.es\/blog\/2010\/02\/01\/%c2%bfes-un-grado-la-experiencia-en-la-arquitectura\/\">\u00bfES UN GRADO LA EXPERIENCIA EN LA ARQUITECTURA?<\/a><\/blockquote><iframe sandbox=\"allow-scripts\" security=\"restricted\" src=\"https:\/\/stepienybarno.es\/blog\/2010\/02\/01\/%c2%bfes-un-grado-la-experiencia-en-la-arquitectura\/embed\/#?secret=h00j0ew5ZQ\" width=\"500\" height=\"350\" title=\"\u00ab\u00bfES UN GRADO LA EXPERIENCIA EN LA ARQUITECTURA?\u00bb \u2014 Blog de STEPIEN Y BARNO - publicaci\u00f3n digital sobre arquitectura\" data-secret=\"h00j0ew5ZQ\" frameborder=\"0\" marginwidth=\"0\" marginheight=\"0\" scrolling=\"no\" class=\"wp-embedded-content\"><\/iframe><script type=\"text\/javascript\">\n\/* <![CDATA[ *\/\n\/*! This file is auto-generated *\/\n!function(d,l){\"use strict\";l.querySelector&&d.addEventListener&&\"undefined\"!=typeof URL&&(d.wp=d.wp||{},d.wp.receiveEmbedMessage||(d.wp.receiveEmbedMessage=function(e){var t=e.data;if((t||t.secret||t.message||t.value)&&!\/[^a-zA-Z0-9]\/.test(t.secret)){for(var s,r,n,a=l.querySelectorAll('iframe[data-secret=\"'+t.secret+'\"]'),o=l.querySelectorAll('blockquote[data-secret=\"'+t.secret+'\"]'),c=new RegExp(\"^https?:$\",\"i\"),i=0;i<o.length;i++)o[i].style.display=\"none\";for(i=0;i<a.length;i++)s=a[i],e.source===s.contentWindow&&(s.removeAttribute(\"style\"),\"height\"===t.message?(1e3<(r=parseInt(t.value,10))?r=1e3:~~r<200&&(r=200),s.height=r):\"link\"===t.message&&(r=new URL(s.getAttribute(\"src\")),n=new URL(t.value),c.test(n.protocol))&&n.host===r.host&&l.activeElement===s&&(d.top.location.href=t.value))}},d.addEventListener(\"message\",d.wp.receiveEmbedMessage,!1),l.addEventListener(\"DOMContentLoaded\",function(){for(var e,t,s=l.querySelectorAll(\"iframe.wp-embedded-content\"),r=0;r<s.length;r++)(t=(e=s[r]).getAttribute(\"data-secret\"))||(t=Math.random().toString(36).substring(2,12),e.src+=\"#?secret=\"+t,e.setAttribute(\"data-secret\",t)),e.contentWindow.postMessage({message:\"ready\",secret:t},\"*\")},!1)))}(window,document);\n\/* ]]> *\/\n<\/script>\n"},"_links":{"self":[{"href":"https:\/\/stepienybarno.es\/blog\/wp-json\/wp\/v2\/posts\/1731"}],"collection":[{"href":"https:\/\/stepienybarno.es\/blog\/wp-json\/wp\/v2\/posts"}],"about":[{"href":"https:\/\/stepienybarno.es\/blog\/wp-json\/wp\/v2\/types\/post"}],"author":[{"embeddable":true,"href":"https:\/\/stepienybarno.es\/blog\/wp-json\/wp\/v2\/users\/2"}],"replies":[{"embeddable":true,"href":"https:\/\/stepienybarno.es\/blog\/wp-json\/wp\/v2\/comments?post=1731"}],"version-history":[{"count":5,"href":"https:\/\/stepienybarno.es\/blog\/wp-json\/wp\/v2\/posts\/1731\/revisions"}],"predecessor-version":[{"id":13603,"href":"https:\/\/stepienybarno.es\/blog\/wp-json\/wp\/v2\/posts\/1731\/revisions\/13603"}],"wp:attachment":[{"href":"https:\/\/stepienybarno.es\/blog\/wp-json\/wp\/v2\/media?parent=1731"}],"wp:term":[{"taxonomy":"category","embeddable":true,"href":"https:\/\/stepienybarno.es\/blog\/wp-json\/wp\/v2\/categories?post=1731"},{"taxonomy":"post_tag","embeddable":true,"href":"https:\/\/stepienybarno.es\/blog\/wp-json\/wp\/v2\/tags?post=1731"},{"taxonomy":"series","embeddable":true,"href":"https:\/\/stepienybarno.es\/blog\/wp-json\/wp\/v2\/series?post=1731"}],"curies":[{"name":"wp","href":"https:\/\/api.w.org\/{rel}","templated":true}]}}