{"id":17323,"date":"2015-05-15T08:13:04","date_gmt":"2015-05-15T06:13:04","guid":{"rendered":"https:\/\/www.stepienybarno.es\/blog\/?p=17323"},"modified":"2015-05-15T08:13:04","modified_gmt":"2015-05-15T06:13:04","slug":"por-una-ciudad-que-exija-un-urbanismorealya-2","status":"publish","type":"post","link":"https:\/\/stepienybarno.es\/blog\/2015\/05\/15\/por-una-ciudad-que-exija-un-urbanismorealya-2\/","title":{"rendered":"POR UNA CIUDAD QUE EXIJA UN #urbanismorealya"},"content":{"rendered":"<p style=\"text-align: center;\"><a href=\"https:\/\/stepienybarno.es\/blog\/wp-content\/uploads\/2015\/05\/0.-acampada-tenerife-portada-democraciarealya-15M-spanishrevolution-LA-CIUDAD-VIVA-STEPIENYBARNO-.jpg\"><img loading=\"lazy\" decoding=\"async\" class=\"aligncenter size-medium wp-image-17324\" title=\"0.-acampada-tenerife-portada-democraciarealya-15M-spanishrevolution-LA-CIUDAD-VIVA-STEPIENYBARNO-\" src=\"https:\/\/stepienybarno.es\/blog\/wp-content\/uploads\/2015\/05\/0.-acampada-tenerife-portada-democraciarealya-15M-spanishrevolution-LA-CIUDAD-VIVA-STEPIENYBARNO--350x233.jpg\" alt=\"0.-acampada-tenerife-portada-democraciarealya-15M-spanishrevolution-LA-CIUDAD-VIVA-STEPIENYBARNO-\" width=\"350\" height=\"233\" \/><\/a><\/p>\n<p>Aprovechando un d\u00eda tan especial como hoy, 15M, repescamos este post que escribimos hace cuatro a\u00f1os para La Ciudad Viva.<\/p>\n<p><!--more--><\/p>\n<p>\u201c(\u2026) Como afirman los grandes pensadores; Bauman y Sloterdijk, nuestra realidad cada vez\u00a0 se hace m\u00e1s difusa, escurridiza e indefinible. Hoy es todo l\u00edquido y burbujeante, lo s\u00f3lido pas\u00f3 a la historia, y seguir aferr\u00e1ndonos a ello no es una buena idea.\u00a0El concepto de tiempo, cada vez se hace m\u00e1s inatrapable y el nuevo espacio donde se ubica la sociedad del \u201ctercer entorno\u201d\u00a0es el aire, o cuando menos un lugar donde no se puede echar ra\u00edces.\u201d<\/p>\n<p>\u201c(\u2026) El espacio p\u00fablico, por fin, recupera el papel que nunca debi\u00f3 perder y se convierte en plataforma para nuevos procesos \u201cbottom-up\u201d o lo que autores como\u00a0Juan\u00a0 Freireest\u00e1n llamando \u201curbanismo emergente\u201d. Como le\u00edamos hace unos d\u00edas en\u00a0El pais, en un art\u00edculo de\u00a0Paul Krugman, \u201cEl hecho es que lo que ahora mismo estamos experimentando es un desastre que se transmite de arriba abajo.\u00a0Las pol\u00edticas que nos metieron en este foll\u00f3n no eran respuestas a las exigencias ciudadanas. (\u2026) al tratar de echarle la culpa a la plebe, las \u00e9lites est\u00e1n eludiendo algunas reflexiones muy necesarias sobre sus propios errores catastr\u00f3ficos\u201d.<\/p>\n<p>\u201c(\u2026) Pero todo esto no hubiera sido factible hace diez a\u00f1os, ni siquiera hace cinco, los nuevos tiempos en los que estamos inmersos nos da un sinf\u00edn de posibilidades. Hoy <a href=\"http:\/\/twitter.com\/#!\/democraciareal\">#democraciarealya<\/a>,\u00a0<a href=\"http:\/\/twitter.com\/#!\/saved-search\/%2315M\">#15M<\/a> o\u00a0<a href=\"http:\/\/twitter.com\/#!\/search\/%23spanishrevolution%20\">#spanishrevolution<\/a> son posibles porque la sociedad ha sufrido un proceso de hibridaci\u00f3n sin precedentes y con grandes perspectivas de futuro. No hay un mundo \u201conline\u201d y otro \u201coffline\u201d, la clave es entender que ambos son permeables y uno potencia al otro. Esto es una gran novedad que, a buen seguro,\u00a0 cambiar\u00e1 el curso de la historia. Es tan espacio p\u00fablico la red como las plazas y, a partir de ahora, no se podr\u00e1 entender el uno sin el otro.\u201d<\/p>\n<blockquote>\n<p align=\"center\"><strong><a href=\"http:\/\/www.laciudadviva.org\/blogs\/?p=10449\" target=\"_self\"><span style=\"color: #ff0000;\">Acceder al post<\/span><\/a><\/strong><\/p>\n<\/blockquote>\n<p>*<span style=\"color: #999999;\"><em> Este art\u00edculo ha sido escrito con car\u00e1cter divulgativo y sin ning\u00fan tipo de \u00e1nimo de lucro. As\u00ed que, si te apetece compartirlo en cualquier otro medio, estaremos encantados de que lo hagas siempre y cuando cites el lugar donde lo has encontrado.<\/em><\/span><\/p>\n<p><a href=\"https:\/\/twitter.com\/stepienybarno\"><span style=\"color: #999999;\"><em>STEPIENYBARNO EN TWITTER _ @stepienybarno<\/em><\/span><\/a><\/p>\n<p><a href=\"http:\/\/www.linkedin.com\/company\/stepienybarno\"><span style=\"color: #999999;\"><em>STEPIENYBARNO EN LINKEDIN<\/em><\/span><\/a><\/p>\n<p><a href=\"https:\/\/www.facebook.com\/pages\/BLOG-DE-STEPIENYBARNO\/78001079029\"><span style=\"color: #999999;\"><em>STEPIENYBARNO EN FACEBOOK<\/em><\/span><\/a><\/p>\n<p><span style=\"color: #999999;\"><em>* Stepienybarno est\u00e1 formado por Agnieszka Stepien y Lorenzo Barn\u00f3 y desde mayo del 2009 estamos en la red con\u00a0 la presente publicaci\u00f3n digital (Blog) de arquitectura.<\/em><\/span><\/p>\n<p><span style=\"color: #999999;\"><em>Nuestra actividad se sustenta en tres pilares b\u00e1sicos: la investigaci\u00f3n, la publicaci\u00f3n y la redacci\u00f3n de proyectos de arquitectura.<\/em><\/span><\/p>\n<p align=\"left\"><span style=\"color: #999999;\"><em>A su vez, somos socios cofundadores de <a href=\"http:\/\/sinergiasostenible.org\/\">SINERGIA SOSTENIBLE<\/a>, redactores de <a href=\"http:\/\/www.laciudadviva.org\/blogs\/?author=45\">LA CIUDAD VIVA<\/a> y directores del blog de FUNDACI\u00d3N ARQUIA.<\/em><\/span><\/p>\n<p><span style=\"color: #999999;\"><em>* Los editores de esta publicaci\u00f3n digital no nos hacemos cargo de de los comentarios y\u00a0 conceptos vertidos en los textos firmados por otras personas, siendo \u00e9stos de responsabilidad exclusiva de sus autores.<\/em><\/span><\/p>\n<p><span style=\"color: #999999;\"><em>* Tu comentario pudiera ser moderado, por lo tanto, aunque aparezca inmediatamente al ser publicado en la entrada, los editores de esta publicaci\u00f3n digital nos reservamos el derecho tanto de editarlo (si fuera necesario, para hacerlo m\u00e1s legible) como de eliminarlo en el caso de que se usen expresiones incorrectas (descalificaciones, palabras malsonantes\u2026). A su vez, si quieres comentar desde el anonimato puedes hacerlo, aunque, nosotros personalmente, agradecemos que tod@s nos podamos identificar.<\/em><\/span><\/p>\n","protected":false},"excerpt":{"rendered":"<p>Aprovechando un d\u00eda tan especial como hoy, 15M, repescamos este post que escribimos hace cuatro a\u00f1os para La Ciudad Viva.<\/p>\n<p>(m\u00e1s&#8230;)<\/p>\n","protected":false},"author":2,"featured_media":0,"comment_status":"open","ping_status":"closed","sticky":false,"template":"","format":"standard","meta":{"om_disable_all_campaigns":false,"_monsterinsights_skip_tracking":false,"_monsterinsights_sitenote_active":false,"_monsterinsights_sitenote_note":"","_monsterinsights_sitenote_category":0,"_uf_show_specific_survey":0,"_uf_disable_surveys":false,"episode_type":"","audio_file":"","cover_image":"","cover_image_id":"","duration":"","filesize":"","date_recorded":"","explicit":"","block":"","filesize_raw":"","footnotes":""},"categories":[1010,34,244],"tags":[1312,132],"series":[],"class_list":["post-17323","post","type-post","status-publish","format-standard","hentry","category-urbanismorealya-urbanismo","category-actualidad","category-canal-de-arquitectura","tag-15m","tag-la-ciudad-viva"],"aioseo_notices":[],"episode_featured_image":false,"episode_player_image":"https:\/\/stepienybarno.es\/blog\/wp-content\/uploads\/2020\/11\/stepienybarno-podcast-scaled.jpg","download_link":"","player_link":"","audio_player":false,"episode_data":{"playerMode":"dark","subscribeUrls":[],"rssFeedUrl":"https:\/\/stepienybarno.es\/blog\/feed\/podcast\/podcast-de-stepienybarno","embedCode":"<blockquote class=\"wp-embedded-content\" data-secret=\"ZKRoeXWtgU\"><a href=\"https:\/\/stepienybarno.es\/blog\/2015\/05\/15\/por-una-ciudad-que-exija-un-urbanismorealya-2\/\">POR UNA CIUDAD QUE EXIJA UN #urbanismorealya<\/a><\/blockquote><iframe sandbox=\"allow-scripts\" security=\"restricted\" src=\"https:\/\/stepienybarno.es\/blog\/2015\/05\/15\/por-una-ciudad-que-exija-un-urbanismorealya-2\/embed\/#?secret=ZKRoeXWtgU\" width=\"500\" height=\"350\" title=\"\u00abPOR UNA CIUDAD QUE EXIJA UN #urbanismorealya\u00bb \u2014 Blog de STEPIEN Y BARNO - publicaci\u00f3n digital sobre arquitectura\" data-secret=\"ZKRoeXWtgU\" frameborder=\"0\" marginwidth=\"0\" marginheight=\"0\" scrolling=\"no\" class=\"wp-embedded-content\"><\/iframe><script type=\"text\/javascript\">\n\/* <![CDATA[ *\/\n\/*! This file is auto-generated *\/\n!function(d,l){\"use strict\";l.querySelector&&d.addEventListener&&\"undefined\"!=typeof URL&&(d.wp=d.wp||{},d.wp.receiveEmbedMessage||(d.wp.receiveEmbedMessage=function(e){var t=e.data;if((t||t.secret||t.message||t.value)&&!\/[^a-zA-Z0-9]\/.test(t.secret)){for(var s,r,n,a=l.querySelectorAll('iframe[data-secret=\"'+t.secret+'\"]'),o=l.querySelectorAll('blockquote[data-secret=\"'+t.secret+'\"]'),c=new RegExp(\"^https?:$\",\"i\"),i=0;i<o.length;i++)o[i].style.display=\"none\";for(i=0;i<a.length;i++)s=a[i],e.source===s.contentWindow&&(s.removeAttribute(\"style\"),\"height\"===t.message?(1e3<(r=parseInt(t.value,10))?r=1e3:~~r<200&&(r=200),s.height=r):\"link\"===t.message&&(r=new URL(s.getAttribute(\"src\")),n=new URL(t.value),c.test(n.protocol))&&n.host===r.host&&l.activeElement===s&&(d.top.location.href=t.value))}},d.addEventListener(\"message\",d.wp.receiveEmbedMessage,!1),l.addEventListener(\"DOMContentLoaded\",function(){for(var e,t,s=l.querySelectorAll(\"iframe.wp-embedded-content\"),r=0;r<s.length;r++)(t=(e=s[r]).getAttribute(\"data-secret\"))||(t=Math.random().toString(36).substring(2,12),e.src+=\"#?secret=\"+t,e.setAttribute(\"data-secret\",t)),e.contentWindow.postMessage({message:\"ready\",secret:t},\"*\")},!1)))}(window,document);\n\/* ]]> *\/\n<\/script>\n"},"_links":{"self":[{"href":"https:\/\/stepienybarno.es\/blog\/wp-json\/wp\/v2\/posts\/17323"}],"collection":[{"href":"https:\/\/stepienybarno.es\/blog\/wp-json\/wp\/v2\/posts"}],"about":[{"href":"https:\/\/stepienybarno.es\/blog\/wp-json\/wp\/v2\/types\/post"}],"author":[{"embeddable":true,"href":"https:\/\/stepienybarno.es\/blog\/wp-json\/wp\/v2\/users\/2"}],"replies":[{"embeddable":true,"href":"https:\/\/stepienybarno.es\/blog\/wp-json\/wp\/v2\/comments?post=17323"}],"version-history":[{"count":1,"href":"https:\/\/stepienybarno.es\/blog\/wp-json\/wp\/v2\/posts\/17323\/revisions"}],"predecessor-version":[{"id":17325,"href":"https:\/\/stepienybarno.es\/blog\/wp-json\/wp\/v2\/posts\/17323\/revisions\/17325"}],"wp:attachment":[{"href":"https:\/\/stepienybarno.es\/blog\/wp-json\/wp\/v2\/media?parent=17323"}],"wp:term":[{"taxonomy":"category","embeddable":true,"href":"https:\/\/stepienybarno.es\/blog\/wp-json\/wp\/v2\/categories?post=17323"},{"taxonomy":"post_tag","embeddable":true,"href":"https:\/\/stepienybarno.es\/blog\/wp-json\/wp\/v2\/tags?post=17323"},{"taxonomy":"series","embeddable":true,"href":"https:\/\/stepienybarno.es\/blog\/wp-json\/wp\/v2\/series?post=17323"}],"curies":[{"name":"wp","href":"https:\/\/api.w.org\/{rel}","templated":true}]}}