{"id":17424,"date":"2015-05-20T10:00:02","date_gmt":"2015-05-20T08:00:02","guid":{"rendered":"https:\/\/www.stepienybarno.es\/blog\/?p=17424"},"modified":"2015-05-20T10:00:02","modified_gmt":"2015-05-20T08:00:02","slug":"el-puente-de-papel-de-steve-messam","status":"publish","type":"post","link":"https:\/\/stepienybarno.es\/blog\/2015\/05\/20\/el-puente-de-papel-de-steve-messam\/","title":{"rendered":"EL PUENTE DE PAPEL DE STEVE MESSAM"},"content":{"rendered":"<p><a href=\"https:\/\/stepienybarno.es\/blog\/wp-content\/uploads\/2015\/05\/stepienybarno-blog-stepien-y-barno-navarro-blaya-pedacicos-arquitectonicos.jpg\"><img loading=\"lazy\" decoding=\"async\" class=\"aligncenter size-full wp-image-17425\" title=\"stepienybarno-blog-stepien-y-barno-navarro-blaya-pedacicos-arquitectonicos\" src=\"https:\/\/stepienybarno.es\/blog\/wp-content\/uploads\/2015\/05\/stepienybarno-blog-stepien-y-barno-navarro-blaya-pedacicos-arquitectonicos.jpg\" alt=\"stepienybarno-blog-stepien-y-barno-navarro-blaya-pedacicos-arquitectonicos\" width=\"500\" height=\"281\" srcset=\"https:\/\/stepienybarno.es\/blog\/wp-content\/uploads\/2015\/05\/stepienybarno-blog-stepien-y-barno-navarro-blaya-pedacicos-arquitectonicos.jpg 500w, https:\/\/stepienybarno.es\/blog\/wp-content\/uploads\/2015\/05\/stepienybarno-blog-stepien-y-barno-navarro-blaya-pedacicos-arquitectonicos-180x101.jpg 180w, https:\/\/stepienybarno.es\/blog\/wp-content\/uploads\/2015\/05\/stepienybarno-blog-stepien-y-barno-navarro-blaya-pedacicos-arquitectonicos-316x178.jpg 316w\" sizes=\"(max-width: 500px) 100vw, 500px\" \/><\/a><\/p>\n<p>Por <a title=\"Ver todas las entradas de navarroblaya\" href=\"http:\/\/pedacicosarquitectonicos.com\/author\/navarroblaya\/\" target=\"_blank\">NAVARROBLAYA<\/a> Desde <a href=\"http:\/\/pedacicosarquitectonicos.com\/\" target=\"_blank\">Pedacicos Arquitect\u00f3nicos<\/a><\/p>\n<p><!--more--><\/p>\n<p><strong>\u201c<\/strong>Me encantan estas intervenciones como aquel otro\u00a0<a href=\"http:\/\/pedacicosarquitectonicos.com\/2012\/11\/21\/puente-colgantevolante\/\" target=\"_blank\">puente colgante\/volante<\/a> que ya os traje por aqu\u00ed. Pero este que os traigo hoy es a\u00fan m\u00e1s especial. Todos recordamos ese momento en la ESO en el que en la asignatura de tecnolog\u00eda nos toc\u00f3 construir un puente de papel. Y todos recordamos como \u00e9stos ni siquiera eran capaces de soportar su propio peso (esto no nos ocurr\u00eda a nosotros a nosotros sino a otros compa\u00f1eros, por supuesto). (\u2026)\u201d<\/p>\n<p><strong> <\/strong><\/p>\n<blockquote>\n<p align=\"center\">Accede al art\u00edculo, <a href=\"http:\/\/pedacicosarquitectonicos.com\/2015\/05\/19\/el-puente-de-papel-de-steve-messam\/\" target=\"_blank\">AQU\u00cd<\/a><\/p>\n<p align=\"center\">\n<\/blockquote>\n<p><span style=\"color: #888888;\">Noticia seleccionada por el Canal de arquitectura STEPIENYBARNO.<\/span><\/p>\n<p>STEPIENYBARNO EN TWITTER _\u00a0<a href=\"https:\/\/twitter.com\/\" target=\"_blank\">@stepienybarno<\/a><\/p>\n<p><a href=\"http:\/\/www.linkedin.com\/company\/stepienybarno\" target=\"_blank\">STEPIENYBARNO EN LINKEDIN<\/a><\/p>\n<p><a href=\"https:\/\/www.facebook.com\/pages\/BLOG-DE-STEPIENYBARNO\/78001079029?fref=ts\" target=\"_blank\">STEPIENYBARNO EN FACEBOOK<\/a><\/p>\n<p><span style=\"color: #888888;\">*Stepienybarno est\u00e1 formado por Agnieszka Stepien y Lorenzo Barn\u00f3 y desde mayo del 2009 estamos en la red con\u00a0 la presente publicaci\u00f3n digital (Blog) de arquitectura.<\/span><\/p>\n<p><span style=\"color: #888888;\">Nuestra actividad se sustenta en tres pilares b\u00e1sicos: la investigaci\u00f3n, la publicaci\u00f3n (comunicaci\u00f3n y difusi\u00f3n) y la redacci\u00f3n de proyectos de arquitectura.<\/span><\/p>\n<p><span style=\"color: #888888;\">A su vez, somos socios cofundadores de<\/span> <a href=\"http:\/\/sinergiasostenible.org\/\" target=\"_blank\">SINERGIA SOSTENIBLE<\/a><span style=\"color: #888888;\">, redactores de<\/span> <a href=\"http:\/\/www.laciudadviva.org\/blogs\/?author=45\" target=\"_blank\">LA CIUDAD VIVA<\/a> <span style=\"color: #888888;\">y directores del blog de<\/span> <a href=\"http:\/\/blogfundacion.arquia.es\/\" target=\"_blank\">FUNDACI\u00d3N ARQUIA<\/a><span style=\"color: #888888;\">.<\/span><\/p>\n<p><span style=\"color: #888888;\">* Los editores de esta publicaci\u00f3n digital no nos hacemos cargo de de los comentarios y\u00a0 conceptos vertidos en los textos firmados por otras personas, siendo \u00e9stos de responsabilidad exclusiva de sus autores.<\/span><\/p>\n<p><span style=\"color: #888888;\">* Tu comentario podr\u00e1 ser moderado, por lo tanto, aunque aparezca inmediatamente al ser publicado en la entrada, los editores de esta publicaci\u00f3n digital nos reservamos el derecho tanto de editarlo (si fuera necesario, para hacerlo m\u00e1s legible) como de eliminarlo en el caso de que se usen expresiones incorrectas (descalificaciones, palabras malsonantes\u2026). A su vez, si quieres comentar desde el anonimato puedes hacerlo, aunque, nosotros personalmente, agradecemos que tod@s nos podamos identificar.<\/span><\/p>\n","protected":false},"excerpt":{"rendered":"<p>Por NAVARROBLAYA Desde Pedacicos Arquitect\u00f3nicos<\/p>\n<p>(m\u00e1s&#8230;)<\/p>\n","protected":false},"author":2,"featured_media":0,"comment_status":"open","ping_status":"closed","sticky":false,"template":"","format":"standard","meta":{"om_disable_all_campaigns":false,"_monsterinsights_skip_tracking":false,"_monsterinsights_sitenote_active":false,"_monsterinsights_sitenote_note":"","_monsterinsights_sitenote_category":0,"_uf_show_specific_survey":0,"_uf_disable_surveys":false,"episode_type":"","audio_file":"","cover_image":"","cover_image_id":"","duration":"","filesize":"","date_recorded":"","explicit":"","block":"","filesize_raw":"","footnotes":""},"categories":[244],"tags":[3512,2476],"series":[],"class_list":["post-17424","post","type-post","status-publish","format-standard","hentry","category-canal-de-arquitectura","tag-navarro-blaya","tag-pedacicos-arquitectonicos"],"aioseo_notices":[],"episode_featured_image":false,"episode_player_image":"https:\/\/stepienybarno.es\/blog\/wp-content\/uploads\/2020\/11\/stepienybarno-podcast-scaled.jpg","download_link":"","player_link":"","audio_player":false,"episode_data":{"playerMode":"dark","subscribeUrls":[],"rssFeedUrl":"https:\/\/stepienybarno.es\/blog\/feed\/podcast\/podcast-de-stepienybarno","embedCode":"<blockquote class=\"wp-embedded-content\" data-secret=\"QZ9uSbPjPy\"><a href=\"https:\/\/stepienybarno.es\/blog\/2015\/05\/20\/el-puente-de-papel-de-steve-messam\/\">EL PUENTE DE PAPEL DE STEVE MESSAM<\/a><\/blockquote><iframe sandbox=\"allow-scripts\" security=\"restricted\" src=\"https:\/\/stepienybarno.es\/blog\/2015\/05\/20\/el-puente-de-papel-de-steve-messam\/embed\/#?secret=QZ9uSbPjPy\" width=\"500\" height=\"350\" title=\"\u00abEL PUENTE DE PAPEL DE STEVE MESSAM\u00bb \u2014 Blog de STEPIEN Y BARNO - publicaci\u00f3n digital sobre arquitectura\" data-secret=\"QZ9uSbPjPy\" frameborder=\"0\" marginwidth=\"0\" marginheight=\"0\" scrolling=\"no\" class=\"wp-embedded-content\"><\/iframe><script type=\"text\/javascript\">\n\/* <![CDATA[ *\/\n\/*! This file is auto-generated *\/\n!function(d,l){\"use strict\";l.querySelector&&d.addEventListener&&\"undefined\"!=typeof URL&&(d.wp=d.wp||{},d.wp.receiveEmbedMessage||(d.wp.receiveEmbedMessage=function(e){var t=e.data;if((t||t.secret||t.message||t.value)&&!\/[^a-zA-Z0-9]\/.test(t.secret)){for(var s,r,n,a=l.querySelectorAll('iframe[data-secret=\"'+t.secret+'\"]'),o=l.querySelectorAll('blockquote[data-secret=\"'+t.secret+'\"]'),c=new RegExp(\"^https?:$\",\"i\"),i=0;i<o.length;i++)o[i].style.display=\"none\";for(i=0;i<a.length;i++)s=a[i],e.source===s.contentWindow&&(s.removeAttribute(\"style\"),\"height\"===t.message?(1e3<(r=parseInt(t.value,10))?r=1e3:~~r<200&&(r=200),s.height=r):\"link\"===t.message&&(r=new URL(s.getAttribute(\"src\")),n=new URL(t.value),c.test(n.protocol))&&n.host===r.host&&l.activeElement===s&&(d.top.location.href=t.value))}},d.addEventListener(\"message\",d.wp.receiveEmbedMessage,!1),l.addEventListener(\"DOMContentLoaded\",function(){for(var e,t,s=l.querySelectorAll(\"iframe.wp-embedded-content\"),r=0;r<s.length;r++)(t=(e=s[r]).getAttribute(\"data-secret\"))||(t=Math.random().toString(36).substring(2,12),e.src+=\"#?secret=\"+t,e.setAttribute(\"data-secret\",t)),e.contentWindow.postMessage({message:\"ready\",secret:t},\"*\")},!1)))}(window,document);\n\/* ]]> *\/\n<\/script>\n"},"_links":{"self":[{"href":"https:\/\/stepienybarno.es\/blog\/wp-json\/wp\/v2\/posts\/17424"}],"collection":[{"href":"https:\/\/stepienybarno.es\/blog\/wp-json\/wp\/v2\/posts"}],"about":[{"href":"https:\/\/stepienybarno.es\/blog\/wp-json\/wp\/v2\/types\/post"}],"author":[{"embeddable":true,"href":"https:\/\/stepienybarno.es\/blog\/wp-json\/wp\/v2\/users\/2"}],"replies":[{"embeddable":true,"href":"https:\/\/stepienybarno.es\/blog\/wp-json\/wp\/v2\/comments?post=17424"}],"version-history":[{"count":2,"href":"https:\/\/stepienybarno.es\/blog\/wp-json\/wp\/v2\/posts\/17424\/revisions"}],"predecessor-version":[{"id":17427,"href":"https:\/\/stepienybarno.es\/blog\/wp-json\/wp\/v2\/posts\/17424\/revisions\/17427"}],"wp:attachment":[{"href":"https:\/\/stepienybarno.es\/blog\/wp-json\/wp\/v2\/media?parent=17424"}],"wp:term":[{"taxonomy":"category","embeddable":true,"href":"https:\/\/stepienybarno.es\/blog\/wp-json\/wp\/v2\/categories?post=17424"},{"taxonomy":"post_tag","embeddable":true,"href":"https:\/\/stepienybarno.es\/blog\/wp-json\/wp\/v2\/tags?post=17424"},{"taxonomy":"series","embeddable":true,"href":"https:\/\/stepienybarno.es\/blog\/wp-json\/wp\/v2\/series?post=17424"}],"curies":[{"name":"wp","href":"https:\/\/api.w.org\/{rel}","templated":true}]}}