{"id":17854,"date":"2015-07-06T09:48:41","date_gmt":"2015-07-06T07:48:41","guid":{"rendered":"https:\/\/www.stepienybarno.es\/blog\/?p=17854"},"modified":"2015-07-06T09:51:05","modified_gmt":"2015-07-06T07:51:05","slug":"%c2%bfquien-es-el-arquitecto-mas-conocido","status":"publish","type":"post","link":"https:\/\/stepienybarno.es\/blog\/2015\/07\/06\/%c2%bfquien-es-el-arquitecto-mas-conocido\/","title":{"rendered":"\u00bfQUI\u00c9N ES EL ARQUITECTO M\u00c1S CONOCIDO?"},"content":{"rendered":"<p style=\"text-align: center;\"><a href=\"https:\/\/stepienybarno.es\/blog\/wp-content\/uploads\/2015\/07\/arquitectos-populares-stepienybarno.png\"><img loading=\"lazy\" decoding=\"async\" class=\"aligncenter size-medium wp-image-17855\" title=\"arquitectos-populares-stepienybarno\" src=\"https:\/\/stepienybarno.es\/blog\/wp-content\/uploads\/2015\/07\/arquitectos-populares-stepienybarno-350x331.png\" alt=\"arquitectos-populares-stepienybarno\" width=\"350\" height=\"331\" \/><\/a><\/p>\n<p align=\"left\">Hace unos d\u00edas nos tiramos a la calle, en pleno centro de Madrid, y se nos ocurri\u00f3 hacer, durante varias horas, la siguiente pregunta a quien pasaba por nuestro lado: \u00bf<strong>nos podr\u00eda decir tres arquitect@s que le vengan a la mente<\/strong>?<\/p>\n<p align=\"left\">As\u00ed, a bocajarro, sin pensar mucho y, sobre todo, sin poder entrar en google a trampear la contestaci\u00f3n.<\/p>\n<p align=\"left\">Si os apetece saber qui\u00e9n fue el arquitecto m\u00e1s popular en las respuestas de nuestros entrevistados, pues a seguir leyendo!!<\/p>\n<p align=\"left\">\u00a1Tambi\u00e9n estar\u00eda bien que escrib\u00e1is, antes de leer el post, qui\u00e9n pens\u00e1is que han dicho y nos lo cont\u00e1is en los comentarios! \u00bfPuede ser?<\/p>\n<blockquote>\n<p align=\"left\"><!--more--><\/p>\n<\/blockquote>\n<p align=\"left\">Como os pod\u00e9is imaginar, cientos de personas nos dijeron directamente que no quer\u00edan contestar, otros muchos, lo intentaron pero no fueron capaces de decir ni un solo arquitecto y <strong>m\u00e1s de cien, amablemente, contestaron a nuestra pregunta. <\/strong><\/p>\n<p align=\"left\">En cualquier caso, quiz\u00e1s lo m\u00e1s curioso fue ver c\u00f3mo la gran mayor\u00eda sudaban la gota gorda (los 40 grados tambi\u00e9n hac\u00edan su labor) ante lo que a ell@s les parec\u00eda <strong>una complicad\u00edsima pregunta.<\/strong> Es m\u00e1s, el \u00fanico arquitecto que dec\u00edan de inmediato, en casi todos los casos, era el ganador de la encuesta; para el segundo ya costaba m\u00e1s y el tercero os lo pod\u00e9is imaginar.<\/p>\n<p align=\"left\">De todas formas, os contamos quienes fueron <strong>los tres primeros <\/strong>y luego seguimos reflexionando un poco sobre el experimento!<\/p>\n<p align=\"left\">\n<blockquote>\n<p style=\"text-align: center;\" align=\"center\">1 _ Calatrava: 65 votos<\/p>\n<p style=\"text-align: center;\" align=\"center\">2_ Gaud\u00ed: 44 votos<\/p>\n<p style=\"text-align: center;\" align=\"center\">3_ Foster: 21 votos<\/p>\n<\/blockquote>\n<p align=\"left\">\n<p align=\"left\">La verdad es que, aunque pod\u00eda ser previsible, siempre est\u00e1 bien comprobar qu\u00e9 arquitectos andan en la mente de la gente y sacar alguna conclusi\u00f3n. Tampoco hay que olvidar que el principal culpable de que el querido Calatrava sea el arquitecto m\u00e1s popular, son los <strong>medios de comunicaci\u00f3n<\/strong>, que durante muchos a\u00f1os le han dado minutos de gloria en sus programas. Ahora es f\u00e1cil decir que no mola y que vaya personaje; pero, por desgracia el mal ya est\u00e1 hecho.<\/p>\n<p style=\"text-align: center;\"><a href=\"https:\/\/stepienybarno.es\/blog\/wp-content\/uploads\/2015\/07\/Madrid-encuesta-arquitectos-populares.jpg\"><img loading=\"lazy\" decoding=\"async\" title=\"Madrid-encuesta-arquitectos-populares\" src=\"https:\/\/stepienybarno.es\/blog\/wp-content\/uploads\/2015\/07\/Madrid-encuesta-arquitectos-populares.jpg\" alt=\"Madrid-encuesta-arquitectos-populares\" width=\"497\" height=\"328\" \/><\/a><\/p>\n<address style=\"text-align: center;\"><span style=\"color: #888888;\">Lugar donde hicimos la mayor parte de las escuestas<\/span><\/address>\n<p align=\"left\">\n<p align=\"left\">Destacar que la mayor\u00eda de los entrevistados <strong>las pasaron canutas para decir los tres nombres de arquitectos<\/strong>; muchos solo consiguieron decir uno o dos y el m\u00e1s popular result\u00f3 de largo ser <strong>Calatrava<\/strong>.\u00a0 Eso s\u00ed, m\u00e1s de uno al nombrarlo tambi\u00e9n le regalaba alg\u00fan que otro adjetivo poco atractivo. Un se\u00f1or, en palabras textuales, dijo \u201cs\u00ed, s\u00ed, el que hace las mamarrachadas esas de Valencia\u201d. A cambio, por suerte, ninguno de los cien entrevistados ment\u00f3 al se\u00f1or <strong>Joaqu\u00edn Torres<\/strong>; as\u00ed que, como sabemos que a nuestro supuestamente m\u00e1s popular arquitecto le gustan estas cosas, estar\u00e1 un poco trist\u00f3n con el resultado de la encuesta. \u00a1Otra vez ser\u00e1 (o no)!<\/p>\n<p align=\"left\">\n<p align=\"left\">Tambi\u00e9n, comentar que, entre los arquitectos m\u00e1s votados tambi\u00e9n figuraba Moneo (5 puesto); pero, en general, est\u00e1 claro que la gente tiene un inter\u00e9s nulo por la arquitectura. <strong>\u00bfQu\u00e9 hubiera pasado si en vez de tres arquitectos, hubi\u00e9ramos preguntado por tres cocineros? <\/strong><\/p>\n<p align=\"left\">A su vez, rescatar algunas <strong>respuestas \u201ccuriosas\u201d,<\/strong> como que para varios entrevistados <strong>Chillida, Dal\u00ed e, incluso, Mir\u00f3 eran arquitectos<\/strong>, sin ninguna duda, o que l@s m\u00e1s jovencitos no dieron ni una y tod@s fueron un\u00e1nimes en <strong>echar la culpa a sus profes.<\/strong> A unas chicas de unos 15 a\u00f1os les preguntamos \u201c\u00bfno hab\u00e9is dado ning\u00fan arquitecto en clase?\u201d, a lo que nos contestaron: \u201cesta parte se la salt\u00f3 el profe\u201d; as\u00ed que, les comentamos, \u201cah, entonces, sabr\u00e9is alg\u00fan artista\u2026\u201d pero la respuesta, fue \u201cesa parte tambi\u00e9n se la salt\u00f3!\u201d.<\/p>\n<p align=\"left\"><strong>Casi nadie nombr\u00f3 a Le Corbusier, Mies o Wright<\/strong> y para m\u00e1s de uno Gehry no era Gehry (4 puesto), sino que era Guggenheim.<\/p>\n<p align=\"left\">\n<p align=\"left\">As\u00ed que, esto es lo que hay y <strong>verlo tan de cerca no deja de dar un poco de impresi\u00f3n<\/strong>. Evidentemente, el experimento no es que retrate la realidad al cien por cien, pero sirve para hacernos una idea de lo que pretend\u00edamos. Desde el principio Calatrava y Guadi, ocuparon el primer y segundo puesto; as\u00ed que, parece l\u00f3gico pensar que aunque hubi\u00e9ramos entrevistado a cien m\u00e1s el resultado hubiera sido similar.<\/p>\n<p align=\"left\">De todas formas, todo esto constata <strong>el nulo inter\u00e9s de la sociedad y de la mayor\u00eda de medios de comunicaci\u00f3n generalistas hacia la arquitectura<\/strong>, lo cual no hace otra cosa que dificultar nuestra tarea. Con todo ello, seguimos pensando que para nada se hace un esfuerzo m\u00ednimo desde nuestros organismos oficiales para cambiar esta inercia y estamos convencidos que lo m\u00e1s importante es comenzar por los m\u00e1s j\u00f3venes.<\/p>\n<p align=\"left\">En cualquier caso, mientras los de arriba no se pongan las pilas, tendremos, los de abajo, que seguir sumando peque\u00f1os granitos de arena; el tema es demasiado importante como para no meterse de lleno con \u00e9l.<br \/>\n<!--[if !supportLineBreakNewLine]--><br \/>\n<!--[endif]--><\/p>\n<blockquote>\n<p style=\"text-align: center;\"><strong>Encuesta y texto realizados por Agnieszka Stepien y Lorenzo Barn\u00f3 _Stepienybarno<\/strong><\/p>\n<\/blockquote>\n<p align=\"left\">\n<p align=\"left\"><span style=\"color: #888888;\"><em>Noticia seleccionada por el Canal de arquitectura STEPIENYBARNO.<\/em><\/span><\/p>\n<p align=\"left\"><a href=\"https:\/\/twitter.com\/stepienybarno\"><span style=\"color: #888888;\"><em>STEPIENYBARNO EN TWITTER _ @stepienybarno<\/em><\/span><\/a><\/p>\n<p align=\"left\"><a href=\"http:\/\/www.linkedin.com\/company\/stepienybarno\"><span style=\"color: #888888;\"><em>STEPIENYBARNO EN LINKEDIN<\/em><\/span><\/a><\/p>\n<p align=\"left\"><a href=\"https:\/\/www.facebook.com\/pages\/BLOG-DE-STEPIENYBARNO\/78001079029\"><span style=\"color: #888888;\"><em>STEPIENYBARNO EN FACEBOOK<\/em><\/span><\/a><\/p>\n<p align=\"left\"><span style=\"color: #888888;\"><em>*Stepienybarno est\u00e1 formado por Agnieszka Stepien y Lorenzo Barn\u00f3 y desde mayo del 2009 estamos en la red con\u00a0 la presente publicaci\u00f3n digital (Blog) de arquitectura.<\/em><\/span><\/p>\n<p align=\"left\"><span style=\"color: #888888;\"><em>Nuestra actividad se sustenta en tres pilares b\u00e1sicos: la investigaci\u00f3n, la publicaci\u00f3n (comunicaci\u00f3n y difusi\u00f3n) y la redacci\u00f3n de proyectos de arquitectura.<\/em><\/span><\/p>\n<p align=\"left\"><span style=\"color: #888888;\"><em>A su vez, somos socios cofundadores de <a href=\"http:\/\/sinergiasostenible.org\/\">SINERGIA SOSTENIBLE<\/a>, redactores de <a href=\"http:\/\/www.laciudadviva.org\/blogs\/?author=45\">LA CIUDAD VIVA<\/a> y directores del blog de FUNDACI\u00d3N ARQUIA.<\/em><\/span><\/p>\n<p align=\"left\"><span style=\"color: #888888;\"><em>* Los editores de esta publicaci\u00f3n digital no nos hacemos cargo de de los comentarios y\u00a0 conceptos vertidos en los textos firmados por otras personas, siendo \u00e9stos de responsabilidad exclusiva de sus autores.<\/em><\/span><\/p>\n<p align=\"left\"><span style=\"color: #888888;\"><em>* Tu comentario podr\u00e1 ser moderado, por lo tanto, aunque aparezca inmediatamente al ser publicado en la entrada, los editores de esta publicaci\u00f3n digital nos reservamos el derecho tanto de editarlo (si fuera necesario, para hacerlo m\u00e1s legible) como de eliminarlo en el caso de que se usen expresiones incorrectas (descalificaciones, palabras malsonantes\u2026). A su vez, si quieres comentar desde el anonimato puedes hacerlo, aunque, nosotros personalmente, agradecemos que tod@s nos podamos identificar.<\/em><\/span><\/p>\n","protected":false},"excerpt":{"rendered":"<p>Hace unos d\u00edas nos tiramos a la calle, en pleno centro de Madrid, y se nos ocurri\u00f3 hacer, durante varias horas, la siguiente pregunta a quien pasaba por nuestro lado: \u00bfnos podr\u00eda decir tres arquitect@s que le vengan a la mente?<\/p>\n<p>As\u00ed, a bocajarro, sin pensar mucho y, sobre todo, sin poder entrar en google a trampear la contestaci\u00f3n.<\/p>\n<p>Si os apetece saber qui\u00e9n fue el arquitecto m\u00e1s popular en las respuestas de nuestros entrevistados, pues a seguir leyendo!!<\/p>\n<p>\u00a1Tambi\u00e9n estar\u00eda bien que escrib\u00e1is, antes de leer el post, qui\u00e9n pens\u00e1is que han dicho y nos lo cont\u00e1is en los comentarios! \u00bfPuede ser?<\/p>\n<p>(m\u00e1s&#8230;)<\/p>\n","protected":false},"author":2,"featured_media":0,"comment_status":"open","ping_status":"closed","sticky":false,"template":"","format":"standard","meta":{"om_disable_all_campaigns":false,"_monsterinsights_skip_tracking":false,"_monsterinsights_sitenote_active":false,"_monsterinsights_sitenote_note":"","_monsterinsights_sitenote_category":0,"_uf_show_specific_survey":0,"_uf_disable_surveys":false,"episode_type":"","audio_file":"","cover_image":"","cover_image_id":"","duration":"","filesize":"","date_recorded":"","explicit":"","block":"","filesize_raw":"","footnotes":""},"categories":[34,4],"tags":[1150,3567,3566],"series":[],"class_list":["post-17854","post","type-post","status-publish","format-standard","hentry","category-actualidad","category-arquilectura","tag-calatrava","tag-foster","tag-gaudi"],"aioseo_notices":[],"episode_featured_image":false,"episode_player_image":"https:\/\/stepienybarno.es\/blog\/wp-content\/uploads\/2020\/11\/stepienybarno-podcast-scaled.jpg","download_link":"","player_link":"","audio_player":false,"episode_data":{"playerMode":"dark","subscribeUrls":[],"rssFeedUrl":"https:\/\/stepienybarno.es\/blog\/feed\/podcast\/podcast-de-stepienybarno","embedCode":"<blockquote class=\"wp-embedded-content\" data-secret=\"Af8I058cfr\"><a href=\"https:\/\/stepienybarno.es\/blog\/2015\/07\/06\/%c2%bfquien-es-el-arquitecto-mas-conocido\/\">\u00bfQUI\u00c9N ES EL ARQUITECTO M\u00c1S CONOCIDO?<\/a><\/blockquote><iframe sandbox=\"allow-scripts\" security=\"restricted\" src=\"https:\/\/stepienybarno.es\/blog\/2015\/07\/06\/%c2%bfquien-es-el-arquitecto-mas-conocido\/embed\/#?secret=Af8I058cfr\" width=\"500\" height=\"350\" title=\"\u00ab\u00bfQUI\u00c9N ES EL ARQUITECTO M\u00c1S CONOCIDO?\u00bb \u2014 Blog de STEPIEN Y BARNO - publicaci\u00f3n digital sobre arquitectura\" data-secret=\"Af8I058cfr\" frameborder=\"0\" marginwidth=\"0\" marginheight=\"0\" scrolling=\"no\" class=\"wp-embedded-content\"><\/iframe><script type=\"text\/javascript\">\n\/* <![CDATA[ *\/\n\/*! This file is auto-generated *\/\n!function(d,l){\"use strict\";l.querySelector&&d.addEventListener&&\"undefined\"!=typeof URL&&(d.wp=d.wp||{},d.wp.receiveEmbedMessage||(d.wp.receiveEmbedMessage=function(e){var t=e.data;if((t||t.secret||t.message||t.value)&&!\/[^a-zA-Z0-9]\/.test(t.secret)){for(var s,r,n,a=l.querySelectorAll('iframe[data-secret=\"'+t.secret+'\"]'),o=l.querySelectorAll('blockquote[data-secret=\"'+t.secret+'\"]'),c=new RegExp(\"^https?:$\",\"i\"),i=0;i<o.length;i++)o[i].style.display=\"none\";for(i=0;i<a.length;i++)s=a[i],e.source===s.contentWindow&&(s.removeAttribute(\"style\"),\"height\"===t.message?(1e3<(r=parseInt(t.value,10))?r=1e3:~~r<200&&(r=200),s.height=r):\"link\"===t.message&&(r=new URL(s.getAttribute(\"src\")),n=new URL(t.value),c.test(n.protocol))&&n.host===r.host&&l.activeElement===s&&(d.top.location.href=t.value))}},d.addEventListener(\"message\",d.wp.receiveEmbedMessage,!1),l.addEventListener(\"DOMContentLoaded\",function(){for(var e,t,s=l.querySelectorAll(\"iframe.wp-embedded-content\"),r=0;r<s.length;r++)(t=(e=s[r]).getAttribute(\"data-secret\"))||(t=Math.random().toString(36).substring(2,12),e.src+=\"#?secret=\"+t,e.setAttribute(\"data-secret\",t)),e.contentWindow.postMessage({message:\"ready\",secret:t},\"*\")},!1)))}(window,document);\n\/* ]]> *\/\n<\/script>\n"},"_links":{"self":[{"href":"https:\/\/stepienybarno.es\/blog\/wp-json\/wp\/v2\/posts\/17854"}],"collection":[{"href":"https:\/\/stepienybarno.es\/blog\/wp-json\/wp\/v2\/posts"}],"about":[{"href":"https:\/\/stepienybarno.es\/blog\/wp-json\/wp\/v2\/types\/post"}],"author":[{"embeddable":true,"href":"https:\/\/stepienybarno.es\/blog\/wp-json\/wp\/v2\/users\/2"}],"replies":[{"embeddable":true,"href":"https:\/\/stepienybarno.es\/blog\/wp-json\/wp\/v2\/comments?post=17854"}],"version-history":[{"count":4,"href":"https:\/\/stepienybarno.es\/blog\/wp-json\/wp\/v2\/posts\/17854\/revisions"}],"predecessor-version":[{"id":17861,"href":"https:\/\/stepienybarno.es\/blog\/wp-json\/wp\/v2\/posts\/17854\/revisions\/17861"}],"wp:attachment":[{"href":"https:\/\/stepienybarno.es\/blog\/wp-json\/wp\/v2\/media?parent=17854"}],"wp:term":[{"taxonomy":"category","embeddable":true,"href":"https:\/\/stepienybarno.es\/blog\/wp-json\/wp\/v2\/categories?post=17854"},{"taxonomy":"post_tag","embeddable":true,"href":"https:\/\/stepienybarno.es\/blog\/wp-json\/wp\/v2\/tags?post=17854"},{"taxonomy":"series","embeddable":true,"href":"https:\/\/stepienybarno.es\/blog\/wp-json\/wp\/v2\/series?post=17854"}],"curies":[{"name":"wp","href":"https:\/\/api.w.org\/{rel}","templated":true}]}}