{"id":18005,"date":"2015-07-15T19:15:04","date_gmt":"2015-07-15T17:15:04","guid":{"rendered":"https:\/\/www.stepienybarno.es\/blog\/?p=18005"},"modified":"2015-07-10T12:43:40","modified_gmt":"2015-07-10T10:43:40","slug":"arquitectura-vs-especializacion","status":"publish","type":"post","link":"https:\/\/stepienybarno.es\/blog\/2015\/07\/15\/arquitectura-vs-especializacion\/","title":{"rendered":"ARQUITECTURA VS ESPECIALIZACI\u00d3N"},"content":{"rendered":"<p><a href=\"https:\/\/stepienybarno.es\/blog\/wp-content\/uploads\/2015\/07\/Stepienybarno-Blog-Stepien-y-barno-arquitectura-fundacion-arquia-eugeni-bach.jpg\"><img loading=\"lazy\" decoding=\"async\" class=\"aligncenter size-full wp-image-18006\" title=\"Stepienybarno-Blog-Stepien-y-barno-arquitectura-fundacion-arquia-eugeni-bach\" src=\"https:\/\/stepienybarno.es\/blog\/wp-content\/uploads\/2015\/07\/Stepienybarno-Blog-Stepien-y-barno-arquitectura-fundacion-arquia-eugeni-bach.jpg\" alt=\"Stepienybarno-Blog-Stepien-y-barno-arquitectura-fundacion-arquia-eugeni-bach\" width=\"500\" height=\"500\" srcset=\"https:\/\/stepienybarno.es\/blog\/wp-content\/uploads\/2015\/07\/Stepienybarno-Blog-Stepien-y-barno-arquitectura-fundacion-arquia-eugeni-bach.jpg 500w, https:\/\/stepienybarno.es\/blog\/wp-content\/uploads\/2015\/07\/Stepienybarno-Blog-Stepien-y-barno-arquitectura-fundacion-arquia-eugeni-bach-180x180.jpg 180w, https:\/\/stepienybarno.es\/blog\/wp-content\/uploads\/2015\/07\/Stepienybarno-Blog-Stepien-y-barno-arquitectura-fundacion-arquia-eugeni-bach-224x224.jpg 224w, https:\/\/stepienybarno.es\/blog\/wp-content\/uploads\/2015\/07\/Stepienybarno-Blog-Stepien-y-barno-arquitectura-fundacion-arquia-eugeni-bach-316x316.jpg 316w\" sizes=\"(max-width: 500px) 100vw, 500px\" \/><\/a><\/p>\n<p><span style=\"font-weight: normal;\">Por <a href=\"http:\/\/blogfundacion.arquia.es\/author\/jaumebach\/\" target=\"_blank\">Eugeni Bach<\/a> Desde <a href=\"http:\/\/blogfundacion.arquia.es\/\" target=\"_blank\">Blog Fundaci\u00f3n Arquia<\/a><\/span><\/p>\n<p><span style=\"font-weight: normal;\"><!--more--><\/span><\/p>\n<p>\u201cEn 1976, el bi\u00f3logo\u00a0<a href=\"https:\/\/richarddawkins.net\/\">Richard Dawkins<\/a> escribi\u00f3\u00a0<em><a href=\"https:\/\/www.youtube.com\/watch?v=j9p2F2oa0_k\">The selfish gene<\/a><\/em>, libro que inmediatamente le convirti\u00f3 en una figura central del estudio de la evoluci\u00f3n de las especies desde el campo de la gen\u00e9tica.<\/p>\n<p>De manera muy resumida, Dawkins desarrolla la teor\u00eda darwiniana de la evoluci\u00f3n estableciendo la gen\u00e9tica como protagonista, y argumentando que, de manera lenta, gradual y por selecci\u00f3n natural,\u00a0<strong>los distintos seres vivos han ido mutando y adapt\u00e1ndose (o no) al contexto<\/strong> para, en definitiva, lograr aquello que realmente importa:\u00a0<strong>la supervivencia de los genes.<\/strong><\/p>\n<p>La\u00a0<strong>especializaci\u00f3n<\/strong><strong> <\/strong>de los distintos seres vivos implica que muchos desaparecen cuando el ecosistema cambia, mientras, por otra parte, otros sobreviven, ya que su grado de adaptaci\u00f3n resulta coincidir con la nueva situaci\u00f3n. No importan las especies, ni evidentemente los individuos; la especializaci\u00f3n de los seres vivos en cuanto a su adaptaci\u00f3n a distintos contextos es una manera que tiene la gen\u00e9tica de protegerse y perdurar en el tiempo. B\u00e1sicamente,<strong> <\/strong><strong>los genes nos \u201cutilizan\u201d como caparazones, para poder seguir existiendo.<\/strong><strong> <\/strong>En el fondo, no somos nada m\u00e1s que los veh\u00edculos de su posteridad.<\/p>\n<p>Esta visi\u00f3n estremecedora, perfectamente desarrollada por Dawkins, acostumbra a volver a nuestra cabeza cuando leemos\u00a0<strong>las bases de un concurso de arquitectura.<\/strong> Sumado a todos los requerimientos que es necesario cumplir para poder concursar, cada vez es m\u00e1s com\u00fan pedir un alto grado de especializaci\u00f3n en un programa concreto:<strong>haber realizado cinco auditorios en los \u00faltimos tres a\u00f1os, tres recintos feriales en los \u00faltimos seis, o cuatro hospitales en los \u00faltimos diez.<\/strong>\u201d<\/p>\n<blockquote>\n<p align=\"center\">Acceder al art\u00edculo, <a href=\"http:\/\/blogfundacion.arquia.es\/2015\/07\/arquitectura-vs-especializacion\/\" target=\"_blank\">AQU\u00cd<\/a><\/p>\n<\/blockquote>\n<p><em><span style=\"color: #888888;\">Noticia seleccionada por el Canal de arquitectura STEPIENYBARNO.<\/span><\/em><\/p>\n<p><em><span style=\"text-decoration: underline;\"><a href=\"https:\/\/twitter.com\/stepienybarno\" target=\"_blank\">STEPIENYBARNO EN TWITTER _ @stepienybarno<\/a><\/span><\/em><\/p>\n<p><span style=\"text-decoration: underline;\"><a href=\"http:\/\/www.linkedin.com\/company\/stepienybarno\" target=\"_blank\"><em>STEPIENYBARNO EN LINKEDIN<\/em><\/a><\/span><\/p>\n<p><em><span style=\"text-decoration: underline;\"><a href=\"https:\/\/www.facebook.com\/StepienybarnoCANAL\" target=\"_blank\">STEPIENYBARNO EN FACEBOOK<\/a><\/span><\/em><\/p>\n<p><em><span style=\"color: #888888;\">*Stepienybarno est\u00e1 formado por Agnieszka Stepien y Lorenzo Barn\u00f3 y desde mayo del 2009 estamos en la red con\u00a0 la presente publicaci\u00f3n digital (Blog) de arquitectura.<\/span><\/em><\/p>\n<p><em><span style=\"color: #888888;\">Nuestra actividad se sustenta en tres pilares b\u00e1sicos: la investigaci\u00f3n, la publicaci\u00f3n (comunicaci\u00f3n y difusi\u00f3n) y la redacci\u00f3n de proyectos de arquitectura.<\/span><\/em><\/p>\n<p><span style=\"color: #888888;\"><em>A su vez, somos socios cofundadores de<\/em><em> <\/em><\/span><em><a href=\"http:\/\/sinergiasostenible.org\/\" target=\"_blank\">SINERGIA SOSTENIBLE<\/a><span style=\"color: #888888;\">, redactores de<\/span><\/em><em> <\/em><em><a href=\"http:\/\/www.laciudadviva.org\/blogs\/?author=45\" target=\"_blank\">LA CIUDAD VIVA<\/a><\/em><em><span style=\"color: #888888;\"> <\/span><\/em><em><span style=\"color: #888888;\">y directores del blo<span style=\"color: #888888;\">g d<\/span><\/span><span style=\"color: #888888;\">e<\/span><\/em><em> <\/em><em><a href=\"http:\/\/blogfundacion.arquia.es\/\" target=\"_blank\">FUNDACI\u00d3N ARQUIA<\/a><span style=\"color: #888888;\">.<\/span><\/em><\/p>\n<p><em><span style=\"color: #888888;\">* Los editores de esta publicaci\u00f3n digital no nos hacemos cargo de de los comentarios y\u00a0 conceptos vertidos en los textos firmados por otras personas, siendo \u00e9stos de responsabilidad exclusiva de sus autores.<\/span><\/em><\/p>\n<p><em><span style=\"color: #888888;\">* Tu comentario podr\u00e1 ser moderado, por lo tanto, aunque aparezca inmediatamente al ser publicado en la entrada, los editores de esta publicaci\u00f3n digital nos reservamos el derecho tanto de editarlo (si fuera necesario, para hacerlo m\u00e1s legible) como de eliminarlo en el caso de que se usen expresiones incorrectas (descalificaciones, palabras malsonantes\u2026). A su vez, si quieres comentar desde el anonimato puedes hacerlo, aunque, nosotros personalmente, agradecemos que tod@s nos podamos identificar.<\/span><\/em><\/p>\n","protected":false},"excerpt":{"rendered":"<p>Por Eugeni Bach Desde Blog Fundaci\u00f3n Arquia<\/p>\n<p>(m\u00e1s&#8230;)<\/p>\n","protected":false},"author":2,"featured_media":0,"comment_status":"open","ping_status":"closed","sticky":false,"template":"","format":"standard","meta":{"om_disable_all_campaigns":false,"_monsterinsights_skip_tracking":false,"_monsterinsights_sitenote_active":false,"_monsterinsights_sitenote_note":"","_monsterinsights_sitenote_category":0,"_uf_show_specific_survey":0,"_uf_disable_surveys":false,"episode_type":"","audio_file":"","cover_image":"","cover_image_id":"","duration":"","filesize":"","date_recorded":"","explicit":"","block":"","filesize_raw":"","footnotes":""},"categories":[244],"tags":[3320,2427],"series":[],"class_list":["post-18005","post","type-post","status-publish","format-standard","hentry","category-canal-de-arquitectura","tag-blog-fundacion-arquia","tag-eugeni-bach"],"aioseo_notices":[],"episode_featured_image":false,"episode_player_image":"https:\/\/stepienybarno.es\/blog\/wp-content\/uploads\/2020\/11\/stepienybarno-podcast-scaled.jpg","download_link":"","player_link":"","audio_player":false,"episode_data":{"playerMode":"dark","subscribeUrls":[],"rssFeedUrl":"https:\/\/stepienybarno.es\/blog\/feed\/podcast\/podcast-de-stepienybarno","embedCode":"<blockquote class=\"wp-embedded-content\" data-secret=\"DCFaOAUtBj\"><a href=\"https:\/\/stepienybarno.es\/blog\/2015\/07\/15\/arquitectura-vs-especializacion\/\">ARQUITECTURA VS ESPECIALIZACI\u00d3N<\/a><\/blockquote><iframe sandbox=\"allow-scripts\" security=\"restricted\" src=\"https:\/\/stepienybarno.es\/blog\/2015\/07\/15\/arquitectura-vs-especializacion\/embed\/#?secret=DCFaOAUtBj\" width=\"500\" height=\"350\" title=\"\u00abARQUITECTURA VS ESPECIALIZACI\u00d3N\u00bb \u2014 Blog de STEPIEN Y BARNO - publicaci\u00f3n digital sobre arquitectura\" data-secret=\"DCFaOAUtBj\" frameborder=\"0\" marginwidth=\"0\" marginheight=\"0\" scrolling=\"no\" class=\"wp-embedded-content\"><\/iframe><script type=\"text\/javascript\">\n\/* <![CDATA[ *\/\n\/*! This file is auto-generated *\/\n!function(d,l){\"use strict\";l.querySelector&&d.addEventListener&&\"undefined\"!=typeof URL&&(d.wp=d.wp||{},d.wp.receiveEmbedMessage||(d.wp.receiveEmbedMessage=function(e){var t=e.data;if((t||t.secret||t.message||t.value)&&!\/[^a-zA-Z0-9]\/.test(t.secret)){for(var s,r,n,a=l.querySelectorAll('iframe[data-secret=\"'+t.secret+'\"]'),o=l.querySelectorAll('blockquote[data-secret=\"'+t.secret+'\"]'),c=new RegExp(\"^https?:$\",\"i\"),i=0;i<o.length;i++)o[i].style.display=\"none\";for(i=0;i<a.length;i++)s=a[i],e.source===s.contentWindow&&(s.removeAttribute(\"style\"),\"height\"===t.message?(1e3<(r=parseInt(t.value,10))?r=1e3:~~r<200&&(r=200),s.height=r):\"link\"===t.message&&(r=new URL(s.getAttribute(\"src\")),n=new URL(t.value),c.test(n.protocol))&&n.host===r.host&&l.activeElement===s&&(d.top.location.href=t.value))}},d.addEventListener(\"message\",d.wp.receiveEmbedMessage,!1),l.addEventListener(\"DOMContentLoaded\",function(){for(var e,t,s=l.querySelectorAll(\"iframe.wp-embedded-content\"),r=0;r<s.length;r++)(t=(e=s[r]).getAttribute(\"data-secret\"))||(t=Math.random().toString(36).substring(2,12),e.src+=\"#?secret=\"+t,e.setAttribute(\"data-secret\",t)),e.contentWindow.postMessage({message:\"ready\",secret:t},\"*\")},!1)))}(window,document);\n\/* ]]> *\/\n<\/script>\n"},"_links":{"self":[{"href":"https:\/\/stepienybarno.es\/blog\/wp-json\/wp\/v2\/posts\/18005"}],"collection":[{"href":"https:\/\/stepienybarno.es\/blog\/wp-json\/wp\/v2\/posts"}],"about":[{"href":"https:\/\/stepienybarno.es\/blog\/wp-json\/wp\/v2\/types\/post"}],"author":[{"embeddable":true,"href":"https:\/\/stepienybarno.es\/blog\/wp-json\/wp\/v2\/users\/2"}],"replies":[{"embeddable":true,"href":"https:\/\/stepienybarno.es\/blog\/wp-json\/wp\/v2\/comments?post=18005"}],"version-history":[{"count":2,"href":"https:\/\/stepienybarno.es\/blog\/wp-json\/wp\/v2\/posts\/18005\/revisions"}],"predecessor-version":[{"id":18008,"href":"https:\/\/stepienybarno.es\/blog\/wp-json\/wp\/v2\/posts\/18005\/revisions\/18008"}],"wp:attachment":[{"href":"https:\/\/stepienybarno.es\/blog\/wp-json\/wp\/v2\/media?parent=18005"}],"wp:term":[{"taxonomy":"category","embeddable":true,"href":"https:\/\/stepienybarno.es\/blog\/wp-json\/wp\/v2\/categories?post=18005"},{"taxonomy":"post_tag","embeddable":true,"href":"https:\/\/stepienybarno.es\/blog\/wp-json\/wp\/v2\/tags?post=18005"},{"taxonomy":"series","embeddable":true,"href":"https:\/\/stepienybarno.es\/blog\/wp-json\/wp\/v2\/series?post=18005"}],"curies":[{"name":"wp","href":"https:\/\/api.w.org\/{rel}","templated":true}]}}