{"id":18009,"date":"2015-07-17T19:15:43","date_gmt":"2015-07-17T17:15:43","guid":{"rendered":"https:\/\/www.stepienybarno.es\/blog\/?p=18009"},"modified":"2015-07-10T12:55:29","modified_gmt":"2015-07-10T10:55:29","slug":"sofa-origami-disenado-por-yumi-yoshida","status":"publish","type":"post","link":"https:\/\/stepienybarno.es\/blog\/2015\/07\/17\/sofa-origami-disenado-por-yumi-yoshida\/","title":{"rendered":"SOF\u00c1 ORIGAMI DISE\u00d1ADO POR YUMI YOSHIDA"},"content":{"rendered":"<p><a href=\"https:\/\/stepienybarno.es\/blog\/wp-content\/uploads\/2015\/07\/Stepienybarno-Blog-Stepien-y-barno-arquitectura-cosas-de-arquitectos-yumi-yoshida.jpg\"><img loading=\"lazy\" decoding=\"async\" class=\"aligncenter size-full wp-image-18010\" title=\"Stepienybarno-Blog-Stepien-y-barno-arquitectura-cosas-de-arquitectos-yumi-yoshida\" src=\"https:\/\/stepienybarno.es\/blog\/wp-content\/uploads\/2015\/07\/Stepienybarno-Blog-Stepien-y-barno-arquitectura-cosas-de-arquitectos-yumi-yoshida.jpg\" alt=\"Stepienybarno-Blog-Stepien-y-barno-arquitectura-cosas-de-arquitectos-yumi-yoshida\" width=\"500\" height=\"357\" srcset=\"https:\/\/stepienybarno.es\/blog\/wp-content\/uploads\/2015\/07\/Stepienybarno-Blog-Stepien-y-barno-arquitectura-cosas-de-arquitectos-yumi-yoshida.jpg 500w, https:\/\/stepienybarno.es\/blog\/wp-content\/uploads\/2015\/07\/Stepienybarno-Blog-Stepien-y-barno-arquitectura-cosas-de-arquitectos-yumi-yoshida-180x129.jpg 180w, https:\/\/stepienybarno.es\/blog\/wp-content\/uploads\/2015\/07\/Stepienybarno-Blog-Stepien-y-barno-arquitectura-cosas-de-arquitectos-yumi-yoshida-316x226.jpg 316w\" sizes=\"(max-width: 500px) 100vw, 500px\" \/><\/a><\/p>\n<p><span style=\"font-weight: normal;\">Por <a href=\"http:\/\/www.cosasdearquitectos.com\/author\/zascandil\/\" target=\"_blank\">Luis S\u00e1nchez Blasco<\/a> Desde <a href=\"http:\/\/www.cosasdearquitectos.com\/\" target=\"_blank\">Cosas de Arquitectos<\/a><\/span><\/p>\n<p><span style=\"font-weight: normal;\"><!--more--><\/span><\/p>\n<p>\u201c\u00daltimamente parece que estoy interesado en amueblar algunas de las viviendas curiosas de las que hemos hablado en el blog, y si hace unos d\u00edas le tocaba el turno a la cama de chocolate para la casa de caramelo hoy el protagonista es este sof\u00e1 origami\u00a0que parece estar dise\u00f1ado para la casa Reflection of Mineral\u00a0o para el m\u00f3dulo de oficina Tetra Shed.<\/p>\n<p>El dise\u00f1ador californiano Yumi Yoshida ha creado este sof\u00e1 para dos personas inspirado en la t\u00e9cnica y est\u00e9tica del origami. El concepto del sof\u00e1 es sencillo, garantizar que todo el mundo puede manejar y alterar su sof\u00e1 a su gusto, como si plegase una gran hoja de papel. (\u2026)\u201d<\/p>\n<blockquote>\n<p align=\"center\">Acceder al post, <a href=\"http:\/\/www.cosasdearquitectos.com\/2014\/06\/sofa-origami-disenado-por-yumi-yoshida\/?utm_source=ReviveOldPost&amp;utm_medium=social&amp;utm_campaign=ReviveOldPost\" target=\"_blank\">AQU\u00cd<\/a><\/p>\n<\/blockquote>\n<p><em><span style=\"color: #888888;\">Noticia seleccionada por el Canal de arquitectura STEPIENYBARNO.<\/span><\/em><\/p>\n<p><em><span style=\"text-decoration: underline;\"><a href=\"https:\/\/twitter.com\/stepienybarno\" target=\"_blank\">STEPIENYBARNO EN TWITTER _ @stepienybarno<\/a><\/span><\/em><\/p>\n<p><span style=\"text-decoration: underline;\"><a href=\"http:\/\/www.linkedin.com\/company\/stepienybarno\" target=\"_blank\"><em>STEPIENYBARNO EN LINKEDIN<\/em><\/a><\/span><\/p>\n<p><em><span style=\"text-decoration: underline;\"><a href=\"https:\/\/www.facebook.com\/StepienybarnoCANAL\" target=\"_blank\">STEPIENYBARNO EN FACEBOOK<\/a><\/span><\/em><\/p>\n<p><em><span style=\"color: #888888;\">*Stepienybarno est\u00e1 formado por Agnieszka Stepien y Lorenzo Barn\u00f3 y desde mayo del 2009 estamos en la red con\u00a0 la presente publicaci\u00f3n digital (Blog) de arquitectura.<\/span><\/em><\/p>\n<p><em><span style=\"color: #888888;\">Nuestra actividad se sustenta en tres pilares b\u00e1sicos: la investigaci\u00f3n, la publicaci\u00f3n (comunicaci\u00f3n y difusi\u00f3n) y la redacci\u00f3n de proyectos de arquitectura.<\/span><\/em><\/p>\n<p><span style=\"color: #888888;\"><em>A su vez, somos socios cofundadores de<\/em><em> <\/em><\/span><em><a href=\"http:\/\/sinergiasostenible.org\/\" target=\"_blank\">SINERGIA SOSTENIBLE<\/a><span style=\"color: #888888;\">, redactores de<\/span><\/em><em> <\/em><em><a href=\"http:\/\/www.laciudadviva.org\/blogs\/?author=45\" target=\"_blank\">LA CIUDAD VIVA<\/a><\/em><span style=\"color: #888888;\"><em> <\/em><em>y directores del blog de<\/em><\/span><em> <\/em><em><a href=\"http:\/\/blogfundacion.arquia.es\/\" target=\"_blank\">FUNDACI\u00d3N ARQUIA<\/a><span style=\"color: #888888;\">.<\/span><\/em><\/p>\n<p><em><span style=\"color: #888888;\">* Los editores de esta publicaci\u00f3n digital no nos hacemos cargo de de los comentarios y\u00a0 conceptos vertidos en los textos firmados por otras personas, siendo \u00e9stos de responsabilidad exclusiva de sus autores.<\/span><\/em><\/p>\n<p><em><span style=\"color: #888888;\">* Tu comentario podr\u00e1 ser moderado, por lo tanto, aunque aparezca inmediatamente al ser publicado en la entrada, los editores de esta publicaci\u00f3n digital nos reservamos el derecho tanto de editarlo (si fuera necesario, para hacerlo m\u00e1s legible) como de eliminarlo en el caso de que se usen expresiones incorrectas (descalificaciones, palabras malsonantes\u2026). A su vez, si quieres comentar desde el anonimato puedes hacerlo, aunque, nosotros personalmente, agradecemos que tod@s nos podamos identificar.<\/span><\/em><\/p>\n","protected":false},"excerpt":{"rendered":"<p>Por Luis S\u00e1nchez Blasco Desde Cosas de Arquitectos<\/p>\n<p>(m\u00e1s&#8230;)<\/p>\n","protected":false},"author":2,"featured_media":0,"comment_status":"open","ping_status":"closed","sticky":false,"template":"","format":"standard","meta":{"om_disable_all_campaigns":false,"_monsterinsights_skip_tracking":false,"_monsterinsights_sitenote_active":false,"_monsterinsights_sitenote_note":"","_monsterinsights_sitenote_category":0,"_uf_show_specific_survey":0,"_uf_disable_surveys":false,"episode_type":"","audio_file":"","cover_image":"","cover_image_id":"","duration":"","filesize":"","date_recorded":"","explicit":"","block":"","filesize_raw":"","footnotes":""},"categories":[244],"tags":[1693,3391],"series":[],"class_list":["post-18009","post","type-post","status-publish","format-standard","hentry","category-canal-de-arquitectura","tag-cosas-de-arquitectos","tag-luis-sanchez-blasco"],"aioseo_notices":[],"episode_featured_image":false,"episode_player_image":"https:\/\/stepienybarno.es\/blog\/wp-content\/uploads\/2020\/11\/stepienybarno-podcast-scaled.jpg","download_link":"","player_link":"","audio_player":false,"episode_data":{"playerMode":"dark","subscribeUrls":[],"rssFeedUrl":"https:\/\/stepienybarno.es\/blog\/feed\/podcast\/podcast-de-stepienybarno","embedCode":"<blockquote class=\"wp-embedded-content\" data-secret=\"UOY32DczMf\"><a href=\"https:\/\/stepienybarno.es\/blog\/2015\/07\/17\/sofa-origami-disenado-por-yumi-yoshida\/\">SOF\u00c1 ORIGAMI DISE\u00d1ADO POR YUMI YOSHIDA<\/a><\/blockquote><iframe sandbox=\"allow-scripts\" security=\"restricted\" src=\"https:\/\/stepienybarno.es\/blog\/2015\/07\/17\/sofa-origami-disenado-por-yumi-yoshida\/embed\/#?secret=UOY32DczMf\" width=\"500\" height=\"350\" title=\"\u00abSOF\u00c1 ORIGAMI DISE\u00d1ADO POR YUMI YOSHIDA\u00bb \u2014 Blog de STEPIEN Y BARNO - publicaci\u00f3n digital sobre arquitectura\" data-secret=\"UOY32DczMf\" frameborder=\"0\" marginwidth=\"0\" marginheight=\"0\" scrolling=\"no\" class=\"wp-embedded-content\"><\/iframe><script type=\"text\/javascript\">\n\/* <![CDATA[ *\/\n\/*! This file is auto-generated *\/\n!function(d,l){\"use strict\";l.querySelector&&d.addEventListener&&\"undefined\"!=typeof URL&&(d.wp=d.wp||{},d.wp.receiveEmbedMessage||(d.wp.receiveEmbedMessage=function(e){var t=e.data;if((t||t.secret||t.message||t.value)&&!\/[^a-zA-Z0-9]\/.test(t.secret)){for(var s,r,n,a=l.querySelectorAll('iframe[data-secret=\"'+t.secret+'\"]'),o=l.querySelectorAll('blockquote[data-secret=\"'+t.secret+'\"]'),c=new RegExp(\"^https?:$\",\"i\"),i=0;i<o.length;i++)o[i].style.display=\"none\";for(i=0;i<a.length;i++)s=a[i],e.source===s.contentWindow&&(s.removeAttribute(\"style\"),\"height\"===t.message?(1e3<(r=parseInt(t.value,10))?r=1e3:~~r<200&&(r=200),s.height=r):\"link\"===t.message&&(r=new URL(s.getAttribute(\"src\")),n=new URL(t.value),c.test(n.protocol))&&n.host===r.host&&l.activeElement===s&&(d.top.location.href=t.value))}},d.addEventListener(\"message\",d.wp.receiveEmbedMessage,!1),l.addEventListener(\"DOMContentLoaded\",function(){for(var e,t,s=l.querySelectorAll(\"iframe.wp-embedded-content\"),r=0;r<s.length;r++)(t=(e=s[r]).getAttribute(\"data-secret\"))||(t=Math.random().toString(36).substring(2,12),e.src+=\"#?secret=\"+t,e.setAttribute(\"data-secret\",t)),e.contentWindow.postMessage({message:\"ready\",secret:t},\"*\")},!1)))}(window,document);\n\/* ]]> *\/\n<\/script>\n"},"_links":{"self":[{"href":"https:\/\/stepienybarno.es\/blog\/wp-json\/wp\/v2\/posts\/18009"}],"collection":[{"href":"https:\/\/stepienybarno.es\/blog\/wp-json\/wp\/v2\/posts"}],"about":[{"href":"https:\/\/stepienybarno.es\/blog\/wp-json\/wp\/v2\/types\/post"}],"author":[{"embeddable":true,"href":"https:\/\/stepienybarno.es\/blog\/wp-json\/wp\/v2\/users\/2"}],"replies":[{"embeddable":true,"href":"https:\/\/stepienybarno.es\/blog\/wp-json\/wp\/v2\/comments?post=18009"}],"version-history":[{"count":2,"href":"https:\/\/stepienybarno.es\/blog\/wp-json\/wp\/v2\/posts\/18009\/revisions"}],"predecessor-version":[{"id":18012,"href":"https:\/\/stepienybarno.es\/blog\/wp-json\/wp\/v2\/posts\/18009\/revisions\/18012"}],"wp:attachment":[{"href":"https:\/\/stepienybarno.es\/blog\/wp-json\/wp\/v2\/media?parent=18009"}],"wp:term":[{"taxonomy":"category","embeddable":true,"href":"https:\/\/stepienybarno.es\/blog\/wp-json\/wp\/v2\/categories?post=18009"},{"taxonomy":"post_tag","embeddable":true,"href":"https:\/\/stepienybarno.es\/blog\/wp-json\/wp\/v2\/tags?post=18009"},{"taxonomy":"series","embeddable":true,"href":"https:\/\/stepienybarno.es\/blog\/wp-json\/wp\/v2\/series?post=18009"}],"curies":[{"name":"wp","href":"https:\/\/api.w.org\/{rel}","templated":true}]}}