{"id":18023,"date":"2015-07-20T12:05:40","date_gmt":"2015-07-20T10:05:40","guid":{"rendered":"https:\/\/www.stepienybarno.es\/blog\/?p=18023"},"modified":"2015-07-20T12:05:40","modified_gmt":"2015-07-20T10:05:40","slug":"nuevos-ayuntamientos-viejos-retos-%c2%bfotra-politica-de-vivienda-es-posible","status":"publish","type":"post","link":"https:\/\/stepienybarno.es\/blog\/2015\/07\/20\/nuevos-ayuntamientos-viejos-retos-%c2%bfotra-politica-de-vivienda-es-posible\/","title":{"rendered":"NUEVOS AYUNTAMIENTOS, VIEJOS RETOS: \u00bfOTRA POL\u00cdTICA DE VIVIENDA ES POSIBLE?"},"content":{"rendered":"<p style=\"text-align: center;\"><a href=\"https:\/\/stepienybarno.es\/blog\/wp-content\/uploads\/2015\/07\/Blog-stepien-y-barno-stepienybarno-la-ciudad-viva-intermedios1.jpg\"><img loading=\"lazy\" decoding=\"async\" class=\"aligncenter size-full wp-image-18025\" title=\"Blog-stepien-y-barno-stepienybarno-la-ciudad-viva-intermedios\" src=\"https:\/\/stepienybarno.es\/blog\/wp-content\/uploads\/2015\/07\/Blog-stepien-y-barno-stepienybarno-la-ciudad-viva-intermedios1.jpg\" alt=\"Blog-stepien-y-barno-stepienybarno-la-ciudad-viva-intermedios\" width=\"500\" height=\"334\" srcset=\"https:\/\/stepienybarno.es\/blog\/wp-content\/uploads\/2015\/07\/Blog-stepien-y-barno-stepienybarno-la-ciudad-viva-intermedios1.jpg 500w, https:\/\/stepienybarno.es\/blog\/wp-content\/uploads\/2015\/07\/Blog-stepien-y-barno-stepienybarno-la-ciudad-viva-intermedios1-180x120.jpg 180w, https:\/\/stepienybarno.es\/blog\/wp-content\/uploads\/2015\/07\/Blog-stepien-y-barno-stepienybarno-la-ciudad-viva-intermedios1-316x211.jpg 316w\" sizes=\"(max-width: 500px) 100vw, 500px\" \/><\/a><\/p>\n<p>Por Intermedios Desde <a href=\"http:\/\/www.laciudadviva.org\/\" target=\"_blank\">La Ciudad Viva<\/a><\/p>\n<p><strong><!--more--><\/strong><\/p>\n<p>\u201cEn los \u00faltimos d\u00edas, tras el nuevo panorama pol\u00edtico que ha dibujado el resultado de las elecciones municipales y auton\u00f3micas celebradas el pasado 24 de mayo y a la vista de la solvencia de candidaturas ciudadanas como las de Madrid o Barcelona, con capacidad para formar gobierno local y liderar ambos ayuntamientos, son muchos los que ponen en duda el margen de maniobra con el que estas corporaciones municipales contar\u00e1n para afrontar un tema que, en gran medida, ha sido eje fundamental de sus programas electorales: el derecho a la vivienda y la paralizaci\u00f3n de los desahucios.<\/p>\n<p>No cabe duda de que ning\u00fan ayuntamiento tiene capacidad legal para modificar la ley hipotecaria vigente. Tampoco la tienen para legislar en materia de vivienda, cuya competencia est\u00e1 atribuida a las diferentes comunidades aut\u00f3nomas, salvo cuando, como en el caso de Andaluc\u00eda, las medidas propuestas parecen entrar en conflicto con los intereses econ\u00f3micos nacionales. Sin embargo, el \u00e1mbito municipal no deja de ser el nivel en el que \u00e9stas pol\u00edticas se concretan en actuaciones espec\u00edficas, en estrategias de trabajo que marcan las l\u00edneas por las que directrices generales se materializan de una u otra forma, y al mismo tiempo es el ayuntamiento la administraci\u00f3n a la que las personas acuden en primera instancia en busca de respuesta ante una situaci\u00f3n de demanda, de vulneraci\u00f3n de derechos, o de emergencia, como en este caso, habitacional.<\/p>\n<p>En ese sentido en los \u00faltimos a\u00f1os hemos presenciado la puesta en marcha medidas para combatir los desahucios y garantizar el derecho a la vivienda, bajo el amparo, o no, de otras normativas de rango superior que las avale, por diferentes ayuntamientos. Controvertidas fueron las adoptadas por el Ayuntamiento de Terrassa, que en apoyo a la moci\u00f3n promovida por la Plataforma de Afectados por la Hipoteca (PAH) de aplicaci\u00f3n de la Ley de la Vivienda Catalana 18\/2007, se comprometi\u00f3 a penalizar a entidades financieras propietarias de viviendas que hayan permanecido vac\u00edas durante m\u00e1s de dos a\u00f1os. En el contexto andaluz, y cuando hace pocos d\u00edas que se di\u00f3 a conocer la sentencia del Tribunal Constitucional al recurso presentado por el Gobierno de la naci\u00f3n contra el Decreto Ley 6\/2013 de medidas para asegurar el cumplimiento de la funci\u00f3n social de la vivienda aprobado por la Junta de Andaluc\u00eda, pionera en cuanto a medidas de penalizaci\u00f3n y expropiaci\u00f3n temporal de vivienda vac\u00eda en manos de personas jur\u00eddicas, tambi\u00e9n encontramos v\u00edas de trabajo a nivel municipal que, con voluntad pol\u00edtica, demuestran la capacidad de un ayuntamiento para poner en marcha estrategias que traten de combatir los desahucios. (\u2026)\u201d<\/p>\n<blockquote>\n<p align=\"center\">Acceder al art\u00edculo,\u00a0<a href=\"http:\/\/www.laciudadviva.org\/blogs\/?p=28912\" target=\"_blank\">AQU\u00cd<\/a><\/p>\n<\/blockquote>\n<p><a href=\"http:\/\/www.lacol.org\/\"><\/a><\/p>\n<p><em><span style=\"color: #888888;\">Noticia seleccionada por el Canal de arquitectura STEPIENYBARNO.<\/span><\/em><\/p>\n<p><em><span style=\"text-decoration: underline;\"><a href=\"https:\/\/twitter.com\/stepienybarno\" target=\"_blank\">STEPIENYBARNO EN TWITTER _ @stepienybarno<\/a><\/span><\/em><\/p>\n<p><em><span style=\"text-decoration: underline;\"><a href=\"http:\/\/www.linkedin.com\/company\/stepienybarno\" target=\"_blank\">STEPIENYBARNO EN LINKEDIN<\/a><\/span><\/em><\/p>\n<p><em><span style=\"text-decoration: underline;\"><a href=\"https:\/\/www.facebook.com\/pages\/BLOG-DE-STEPIENYBARNO\/78001079029\" target=\"_blank\">STEPIENYBARNO EN FACEBOOK<\/a><\/span><\/em><\/p>\n<p><em><span style=\"color: #888888;\">*Stepienybarno est\u00e1 formado por Agnieszka Stepien y Lorenzo Barn\u00f3 y desde mayo del 2009 estamos en la red con\u00a0 la presente publicaci\u00f3n digital (Blog) de arquitectura.<\/span><\/em><\/p>\n<p><em><span style=\"color: #888888;\">Nuestra actividad se sustenta en tres pilares b\u00e1sicos: la investigaci\u00f3n, la publicaci\u00f3n (comunicaci\u00f3n y difusi\u00f3n) y la redacci\u00f3n de proyectos de arquitectura.<\/span><\/em><\/p>\n<p><em><span style=\"color: #888888;\">A su vez, somos socios cofundadores de<\/span><\/em><em> <\/em><em><a href=\"http:\/\/sinergiasostenible.org\/\" target=\"_blank\">SINERGIA SOSTENIBLE<\/a><\/em><em><span style=\"color: #888888;\">, redactores de<\/span><\/em><em> <\/em><em><a href=\"http:\/\/www.laciudadviva.org\/blogs\/?author=45\" target=\"_blank\">LA CIUDAD VIVA<\/a><\/em><em> <\/em><span style=\"color: #888888;\"><em>y directores del blog de<\/em><em> <\/em><\/span><em><a href=\"http:\/\/blogfundacion.arquia.es\/\" target=\"_blank\">FUNDACI\u00d3N ARQUIA<span style=\"color: #888888;\">.<\/span><\/a><\/em><\/p>\n<p><em><span style=\"color: #888888;\">* Los editores de esta publicaci\u00f3n digital no nos hacemos cargo de de los comentarios y\u00a0 conceptos vertidos en los textos firmados por otras personas, siendo \u00e9stos de responsabilidad exclusiva de sus autores.<\/span><\/em><\/p>\n<p><em><span style=\"color: #888888;\">* Tu comentario podr\u00e1 ser moderado, por lo tanto, aunque aparezca inmediatamente al ser publicado en la entrada, los editores de esta publicaci\u00f3n digital nos reservamos el derecho tanto de editarlo (si fuera necesario, para hacerlo m\u00e1s legible) como de eliminarlo en el caso de que se usen expresiones incorrectas (descalificaciones, palabras malsonantes\u2026). A su vez, si quieres comentar desde el anonimato puedes hacerlo, aunque, nosotros personalmente, agradecemos que tod@s nos podamos identificar.<\/span><\/em><\/p>\n","protected":false},"excerpt":{"rendered":"<p>Por Intermedios Desde La Ciudad Viva<\/p>\n<p>(m\u00e1s&#8230;)<\/p>\n","protected":false},"author":2,"featured_media":0,"comment_status":"open","ping_status":"closed","sticky":false,"template":"","format":"standard","meta":{"om_disable_all_campaigns":false,"_monsterinsights_skip_tracking":false,"_monsterinsights_sitenote_active":false,"_monsterinsights_sitenote_note":"","_monsterinsights_sitenote_category":0,"_uf_show_specific_survey":0,"_uf_disable_surveys":false,"episode_type":"","audio_file":"","cover_image":"","cover_image_id":"","duration":"","filesize":"","date_recorded":"","explicit":"","block":"","filesize_raw":"","footnotes":""},"categories":[244],"tags":[3330,132],"series":[],"class_list":["post-18023","post","type-post","status-publish","format-standard","hentry","category-canal-de-arquitectura","tag-intermedios","tag-la-ciudad-viva"],"aioseo_notices":[],"episode_featured_image":false,"episode_player_image":"https:\/\/stepienybarno.es\/blog\/wp-content\/uploads\/2020\/11\/stepienybarno-podcast-scaled.jpg","download_link":"","player_link":"","audio_player":false,"episode_data":{"playerMode":"dark","subscribeUrls":[],"rssFeedUrl":"https:\/\/stepienybarno.es\/blog\/feed\/podcast\/podcast-de-stepienybarno","embedCode":"<blockquote class=\"wp-embedded-content\" data-secret=\"UII2Ua5ysT\"><a href=\"https:\/\/stepienybarno.es\/blog\/2015\/07\/20\/nuevos-ayuntamientos-viejos-retos-%c2%bfotra-politica-de-vivienda-es-posible\/\">NUEVOS AYUNTAMIENTOS, VIEJOS RETOS: \u00bfOTRA POL\u00cdTICA DE VIVIENDA ES POSIBLE?<\/a><\/blockquote><iframe sandbox=\"allow-scripts\" security=\"restricted\" src=\"https:\/\/stepienybarno.es\/blog\/2015\/07\/20\/nuevos-ayuntamientos-viejos-retos-%c2%bfotra-politica-de-vivienda-es-posible\/embed\/#?secret=UII2Ua5ysT\" width=\"500\" height=\"350\" title=\"\u00abNUEVOS AYUNTAMIENTOS, VIEJOS RETOS: \u00bfOTRA POL\u00cdTICA DE VIVIENDA ES POSIBLE?\u00bb \u2014 Blog de STEPIEN Y BARNO - publicaci\u00f3n digital sobre arquitectura\" data-secret=\"UII2Ua5ysT\" frameborder=\"0\" marginwidth=\"0\" marginheight=\"0\" scrolling=\"no\" class=\"wp-embedded-content\"><\/iframe><script type=\"text\/javascript\">\n\/* <![CDATA[ *\/\n\/*! This file is auto-generated *\/\n!function(d,l){\"use strict\";l.querySelector&&d.addEventListener&&\"undefined\"!=typeof URL&&(d.wp=d.wp||{},d.wp.receiveEmbedMessage||(d.wp.receiveEmbedMessage=function(e){var t=e.data;if((t||t.secret||t.message||t.value)&&!\/[^a-zA-Z0-9]\/.test(t.secret)){for(var s,r,n,a=l.querySelectorAll('iframe[data-secret=\"'+t.secret+'\"]'),o=l.querySelectorAll('blockquote[data-secret=\"'+t.secret+'\"]'),c=new RegExp(\"^https?:$\",\"i\"),i=0;i<o.length;i++)o[i].style.display=\"none\";for(i=0;i<a.length;i++)s=a[i],e.source===s.contentWindow&&(s.removeAttribute(\"style\"),\"height\"===t.message?(1e3<(r=parseInt(t.value,10))?r=1e3:~~r<200&&(r=200),s.height=r):\"link\"===t.message&&(r=new URL(s.getAttribute(\"src\")),n=new URL(t.value),c.test(n.protocol))&&n.host===r.host&&l.activeElement===s&&(d.top.location.href=t.value))}},d.addEventListener(\"message\",d.wp.receiveEmbedMessage,!1),l.addEventListener(\"DOMContentLoaded\",function(){for(var e,t,s=l.querySelectorAll(\"iframe.wp-embedded-content\"),r=0;r<s.length;r++)(t=(e=s[r]).getAttribute(\"data-secret\"))||(t=Math.random().toString(36).substring(2,12),e.src+=\"#?secret=\"+t,e.setAttribute(\"data-secret\",t)),e.contentWindow.postMessage({message:\"ready\",secret:t},\"*\")},!1)))}(window,document);\n\/* ]]> *\/\n<\/script>\n"},"_links":{"self":[{"href":"https:\/\/stepienybarno.es\/blog\/wp-json\/wp\/v2\/posts\/18023"}],"collection":[{"href":"https:\/\/stepienybarno.es\/blog\/wp-json\/wp\/v2\/posts"}],"about":[{"href":"https:\/\/stepienybarno.es\/blog\/wp-json\/wp\/v2\/types\/post"}],"author":[{"embeddable":true,"href":"https:\/\/stepienybarno.es\/blog\/wp-json\/wp\/v2\/users\/2"}],"replies":[{"embeddable":true,"href":"https:\/\/stepienybarno.es\/blog\/wp-json\/wp\/v2\/comments?post=18023"}],"version-history":[{"count":2,"href":"https:\/\/stepienybarno.es\/blog\/wp-json\/wp\/v2\/posts\/18023\/revisions"}],"predecessor-version":[{"id":18027,"href":"https:\/\/stepienybarno.es\/blog\/wp-json\/wp\/v2\/posts\/18023\/revisions\/18027"}],"wp:attachment":[{"href":"https:\/\/stepienybarno.es\/blog\/wp-json\/wp\/v2\/media?parent=18023"}],"wp:term":[{"taxonomy":"category","embeddable":true,"href":"https:\/\/stepienybarno.es\/blog\/wp-json\/wp\/v2\/categories?post=18023"},{"taxonomy":"post_tag","embeddable":true,"href":"https:\/\/stepienybarno.es\/blog\/wp-json\/wp\/v2\/tags?post=18023"},{"taxonomy":"series","embeddable":true,"href":"https:\/\/stepienybarno.es\/blog\/wp-json\/wp\/v2\/series?post=18023"}],"curies":[{"name":"wp","href":"https:\/\/api.w.org\/{rel}","templated":true}]}}