{"id":18039,"date":"2015-07-20T18:16:43","date_gmt":"2015-07-20T16:16:43","guid":{"rendered":"https:\/\/www.stepienybarno.es\/blog\/?p=18039"},"modified":"2015-07-20T18:17:29","modified_gmt":"2015-07-20T16:17:29","slug":"la-segunda-edicion-del-congreso-internacional-de-eficiencia-energetica-y-edificios-historicos-se-hara-en-2016-en-bruselas","status":"publish","type":"post","link":"https:\/\/stepienybarno.es\/blog\/2015\/07\/20\/la-segunda-edicion-del-congreso-internacional-de-eficiencia-energetica-y-edificios-historicos-se-hara-en-2016-en-bruselas\/","title":{"rendered":"LA SEGUNDA EDICI\u00d3N DEL CONGRESO INTERNACIONAL DE EFICIENCIA ENERG\u00c9TICA Y EDIFICIOS HIST\u00d3RICOS SE HAR\u00c1 EN 2016, EN BRUSELAS."},"content":{"rendered":"<p style=\"text-align: center;\"><a href=\"https:\/\/stepienybarno.es\/blog\/wp-content\/uploads\/2015\/07\/0.-EECHB2016_call_for_abstracts-Eficiencia-Energ\u00e9tica-y-Edificios-Hist\u00f3ricos-stepienybarno1.jpg\"><img loading=\"lazy\" decoding=\"async\" class=\"aligncenter size-full wp-image-18041\" title=\"0. EECHB2016_call_for_abstracts-Eficiencia Energ\u00e9tica y Edificios Hist\u00f3ricos -stepienybarno\" src=\"https:\/\/stepienybarno.es\/blog\/wp-content\/uploads\/2015\/07\/0.-EECHB2016_call_for_abstracts-Eficiencia-Energ\u00e9tica-y-Edificios-Hist\u00f3ricos-stepienybarno1.jpg\" alt=\"0. EECHB2016_call_for_abstracts-Eficiencia Energ\u00e9tica y Edificios Hist\u00f3ricos -stepienybarno\" width=\"500\" height=\"169\" srcset=\"https:\/\/stepienybarno.es\/blog\/wp-content\/uploads\/2015\/07\/0.-EECHB2016_call_for_abstracts-Eficiencia-Energ\u00e9tica-y-Edificios-Hist\u00f3ricos-stepienybarno1.jpg 500w, https:\/\/stepienybarno.es\/blog\/wp-content\/uploads\/2015\/07\/0.-EECHB2016_call_for_abstracts-Eficiencia-Energ\u00e9tica-y-Edificios-Hist\u00f3ricos-stepienybarno1-180x61.jpg 180w, https:\/\/stepienybarno.es\/blog\/wp-content\/uploads\/2015\/07\/0.-EECHB2016_call_for_abstracts-Eficiencia-Energ\u00e9tica-y-Edificios-Hist\u00f3ricos-stepienybarno1-316x107.jpg 316w\" sizes=\"(max-width: 500px) 100vw, 500px\" \/><\/a><\/p>\n<p>Interesante cita!<\/p>\n<p>&#8230;&#8230;&#8230;&#8230;&#8230;&#8230;&#8230;&#8230;.<\/p>\n<p><!--more--><\/p>\n<p>Despu\u00e9s de una <a href=\"http:\/\/www.energy-heritage.com\/\">primera edici\u00f3n<\/a> organizada por la <a href=\"http:\/\/www.casashistoricas.com\/\">Fundaci\u00f3n de Casas Hist\u00f3ricas y Singulares<\/a> y <a href=\"http:\/\/www.arscivilis.org\/\">Ars Civilis<\/a> en Madrid, en septiembre de 2014, se celebrar\u00e1, del 19 al 21 de octubre de 2016 en Bruselas, el segundo <a href=\"http:\/\/www.eechb.eu\/\">Congreso Internacional de Eficiencia Energ\u00e9tica y Confort en Edificios Hist\u00f3ricos.<\/a><\/p>\n<p>El\u00a0 Segundo Congreso, que tendr\u00e1 lugar en la Biblioteca Real de B\u00e9lgica, acaba de lanzar su <em>call for papers<\/em> invitando a \u00a0los expertos internacionales y stakeholders a presentar las \u00faltimas novedades, investigaciones y experiencias relacionadas con la mejora de la eficiencia energ\u00e9tica y del confort en los edificios hist\u00f3ricos, siempre y cuando dichas mejoras sean compatibles con la preservaci\u00f3n de los valores culturales y de la integridad de dichos inmuebles.<\/p>\n<p>La presentaci\u00f3n de <em>abstracts<\/em> est\u00e1 abierta hasta el d\u00eda 14 de septiembre de 2015 y en la web del Congreso <a href=\"http:\/\/www.eechb.eu\/\">www.eechb.eu<\/a> encontrar\u00e1s toda la informaci\u00f3n relativa a dicha convocatoria y al Congreso mismo<\/p>\n<p>La edici\u00f3n de 2016 est\u00e1 organizada en seis \u00e1mbitos, que pretenden tratar la problem\u00e1tica de la eficiencia energ\u00e9tica aplicada a la edificaci\u00f3n hist\u00f3rica desde varias perspectivas:1-La normativa y los edificios hist\u00f3ricos: los l\u00edmites legales; 2- La evaluaci\u00f3n preliminar: identificar las limitaciones; 3- Intervenciones sostenibles: entre la tradici\u00f3n y la innovaci\u00f3n; 4- Gobernanza, gesti\u00f3n y participaci\u00f3n: desde el dise\u00f1o al uso del d\u00eda a d\u00eda; 5- Monitorizaci\u00f3n y evaluaci\u00f3n: asegurar el feedback y 6- Promoci\u00f3n (e)-formaci\u00f3n y educaci\u00f3n.<\/p>\n<p>Esta segunda edici\u00f3n que cuenta con el apoyo de la Fundaci\u00f3n de Casas Hist\u00f3ricas y Singulares y la Fundaci\u00f3n Ars Civilis, ser\u00e1 organizada por el <a href=\"http:\/\/www.bbri.be\/\"><em>Belgian Building Research Institute<\/em><\/a> (BBRI) en colaboraci\u00f3n con el <em>Royal Institute for Cultural Heritage<\/em> (KIK-IRPA), <em>Onroerend Erfgoed<\/em> (Flandres), la <em>Direction of Monuments and Sites<\/em> (Bruselas) y el <em>DG04 &#8211; D\u00e9partement du Patrimoine<\/em> (Valonia).<em> <\/em><\/p>\n<p><strong>Si estos temas te interesan a nivel profesional o de usuario, te animamos\u00a0 a que participes en el Congreso.<\/strong><\/p>\n<p style=\"text-align: center;\"><strong><a href=\"https:\/\/stepienybarno.es\/blog\/wp-content\/uploads\/2015\/07\/EECHB2016_call_for_abstracts-Eficiencia-Energ\u00e9tica-y-Edificios-Hist\u00f3ricos-stepienybarno.jpg\"><img loading=\"lazy\" decoding=\"async\" class=\"aligncenter size-full wp-image-18042\" title=\"EECHB2016_call_for_abstracts-Eficiencia Energ\u00e9tica y Edificios Hist\u00f3ricos -stepienybarno\" src=\"https:\/\/stepienybarno.es\/blog\/wp-content\/uploads\/2015\/07\/EECHB2016_call_for_abstracts-Eficiencia-Energ\u00e9tica-y-Edificios-Hist\u00f3ricos-stepienybarno.jpg\" alt=\"EECHB2016_call_for_abstracts-Eficiencia Energ\u00e9tica y Edificios Hist\u00f3ricos -stepienybarno\" width=\"500\" height=\"707\" srcset=\"https:\/\/stepienybarno.es\/blog\/wp-content\/uploads\/2015\/07\/EECHB2016_call_for_abstracts-Eficiencia-Energ\u00e9tica-y-Edificios-Hist\u00f3ricos-stepienybarno.jpg 500w, https:\/\/stepienybarno.es\/blog\/wp-content\/uploads\/2015\/07\/EECHB2016_call_for_abstracts-Eficiencia-Energ\u00e9tica-y-Edificios-Hist\u00f3ricos-stepienybarno-127x180.jpg 127w, https:\/\/stepienybarno.es\/blog\/wp-content\/uploads\/2015\/07\/EECHB2016_call_for_abstracts-Eficiencia-Energ\u00e9tica-y-Edificios-Hist\u00f3ricos-stepienybarno-389x550.jpg 389w, https:\/\/stepienybarno.es\/blog\/wp-content\/uploads\/2015\/07\/EECHB2016_call_for_abstracts-Eficiencia-Energ\u00e9tica-y-Edificios-Hist\u00f3ricos-stepienybarno-495x700.jpg 495w, https:\/\/stepienybarno.es\/blog\/wp-content\/uploads\/2015\/07\/EECHB2016_call_for_abstracts-Eficiencia-Energ\u00e9tica-y-Edificios-Hist\u00f3ricos-stepienybarno-283x400.jpg 283w\" sizes=\"(max-width: 500px) 100vw, 500px\" \/><\/a><br \/>\n<\/strong><\/p>\n<p><span style=\"color: #808080;\"><em>Noticia seleccionada por el Canal de arquitectura STEPIENYBARNO.<\/em><\/span><\/p>\n<p><a href=\"https:\/\/twitter.com\/stepienybarno\"><span style=\"color: #808080;\"><em>STEPIENYBARNO EN TWITTER _ @stepienybarno<\/em><\/span><\/a><\/p>\n<p><a href=\"http:\/\/www.linkedin.com\/company\/stepienybarno\"><span style=\"color: #808080;\"><em>STEPIENYBARNO EN LINKEDIN<\/em><\/span><\/a><\/p>\n<p><a href=\"https:\/\/www.facebook.com\/pages\/BLOG-DE-STEPIENYBARNO\/78001079029\"><span style=\"color: #808080;\"><em>STEPIENYBARNO EN FACEBOOK<\/em><\/span><\/a><\/p>\n<p><span style=\"color: #808080;\"><em>*Stepienybarno est\u00e1 formado por Agnieszka Stepien y Lorenzo Barn\u00f3 y desde mayo del 2009 estamos en la red con\u00a0 la presente publicaci\u00f3n digital (Blog) de arquitectura.<\/em><\/span><\/p>\n<p><span style=\"color: #808080;\"><em>Nuestra actividad se sustenta en tres pilares b\u00e1sicos: la investigaci\u00f3n, la publicaci\u00f3n (comunicaci\u00f3n y difusi\u00f3n) y la redacci\u00f3n de proyectos de arquitectura.<\/em><\/span><\/p>\n<p><span style=\"color: #808080;\"><em>A su vez, somos socios cofundadores de <a href=\"http:\/\/sinergiasostenible.org\/\">SINERGIA SOSTENIBLE<\/a>, redactores de <a href=\"http:\/\/www.laciudadviva.org\/blogs\/?author=45\">LA CIUDAD VIVA<\/a> y directores del blog de FUNDACI\u00d3N ARQUIA.<\/em><\/span><\/p>\n<p><span style=\"color: #808080;\"><em>* Los editores de esta publicaci\u00f3n digital no nos hacemos cargo de de los comentarios y\u00a0 conceptos vertidos en los textos firmados por otras personas, siendo \u00e9stos de responsabilidad exclusiva de sus autores.<\/em><\/span><\/p>\n<p><span style=\"color: #808080;\"><em>* Tu comentario podr\u00e1 ser moderado, por lo tanto, aunque aparezca inmediatamente al ser publicado en la entrada, los editores de esta publicaci\u00f3n digital nos reservamos el derecho tanto de editarlo (si fuera necesario, para hacerlo m\u00e1s legible) como de eliminarlo en el caso de que se usen expresiones incorrectas (descalificaciones, palabras malsonantes\u2026). A su vez, si quieres comentar desde el anonimato puedes hacerlo, aunque, nosotros personalmente, agradecemos que tod@s nos podamos identificar.<\/em><\/span><\/p>\n<p style=\"text-align: center;\"><span style=\"color: #808080;\"><em><a href=\"https:\/\/stepienybarno.es\/blog\/wp-content\/uploads\/2015\/07\/0.-EECHB2016_call_for_abstracts-Eficiencia-Energ\u00e9tica-y-Edificios-Hist\u00f3ricos-stepienybarno2.jpg\"><img loading=\"lazy\" decoding=\"async\" class=\"aligncenter size-medium wp-image-18045\" title=\"0. EECHB2016_call_for_abstracts-Eficiencia Energ\u00e9tica y Edificios Hist\u00f3ricos -stepienybarno\" src=\"https:\/\/stepienybarno.es\/blog\/wp-content\/uploads\/2015\/07\/0.-EECHB2016_call_for_abstracts-Eficiencia-Energ\u00e9tica-y-Edificios-Hist\u00f3ricos-stepienybarno2-350x118.jpg\" alt=\"0. EECHB2016_call_for_abstracts-Eficiencia Energ\u00e9tica y Edificios Hist\u00f3ricos -stepienybarno\" width=\"350\" height=\"118\" \/><\/a><br \/>\n<\/em><\/span><\/p>\n","protected":false},"excerpt":{"rendered":"<p>Interesante cita!<\/p>\n<p>&#8230;&#8230;&#8230;&#8230;&#8230;&#8230;&#8230;&#8230;.<\/p>\n<p>(m\u00e1s&#8230;)<\/p>\n","protected":false},"author":2,"featured_media":0,"comment_status":"open","ping_status":"closed","sticky":false,"template":"","format":"standard","meta":{"om_disable_all_campaigns":false,"_monsterinsights_skip_tracking":false,"_monsterinsights_sitenote_active":false,"_monsterinsights_sitenote_note":"","_monsterinsights_sitenote_category":0,"_uf_show_specific_survey":0,"_uf_disable_surveys":false,"episode_type":"","audio_file":"","cover_image":"","cover_image_id":"","duration":"","filesize":"","date_recorded":"","explicit":"","block":"","filesize_raw":"","footnotes":""},"categories":[34,244,15],"tags":[3597],"series":[],"class_list":["post-18039","post","type-post","status-publish","format-standard","hentry","category-actualidad","category-canal-de-arquitectura","category-sostenibilidad","tag-congreso-internacional-de-eficiencia-energetica-y-edificios-historicos"],"aioseo_notices":[],"episode_featured_image":false,"episode_player_image":"https:\/\/stepienybarno.es\/blog\/wp-content\/uploads\/2020\/11\/stepienybarno-podcast-scaled.jpg","download_link":"","player_link":"","audio_player":false,"episode_data":{"playerMode":"dark","subscribeUrls":[],"rssFeedUrl":"https:\/\/stepienybarno.es\/blog\/feed\/podcast\/podcast-de-stepienybarno","embedCode":"<blockquote class=\"wp-embedded-content\" data-secret=\"1BBiHMdyAZ\"><a href=\"https:\/\/stepienybarno.es\/blog\/2015\/07\/20\/la-segunda-edicion-del-congreso-internacional-de-eficiencia-energetica-y-edificios-historicos-se-hara-en-2016-en-bruselas\/\">LA SEGUNDA EDICI\u00d3N DEL CONGRESO INTERNACIONAL DE EFICIENCIA ENERG\u00c9TICA Y EDIFICIOS HIST\u00d3RICOS SE HAR\u00c1 EN 2016, EN BRUSELAS.<\/a><\/blockquote><iframe sandbox=\"allow-scripts\" security=\"restricted\" src=\"https:\/\/stepienybarno.es\/blog\/2015\/07\/20\/la-segunda-edicion-del-congreso-internacional-de-eficiencia-energetica-y-edificios-historicos-se-hara-en-2016-en-bruselas\/embed\/#?secret=1BBiHMdyAZ\" width=\"500\" height=\"350\" title=\"\u00abLA SEGUNDA EDICI\u00d3N DEL CONGRESO INTERNACIONAL DE EFICIENCIA ENERG\u00c9TICA Y EDIFICIOS HIST\u00d3RICOS SE HAR\u00c1 EN 2016, EN BRUSELAS.\u00bb \u2014 Blog de STEPIEN Y BARNO - publicaci\u00f3n digital sobre arquitectura\" data-secret=\"1BBiHMdyAZ\" frameborder=\"0\" marginwidth=\"0\" marginheight=\"0\" scrolling=\"no\" class=\"wp-embedded-content\"><\/iframe><script type=\"text\/javascript\">\n\/* <![CDATA[ *\/\n\/*! This file is auto-generated *\/\n!function(d,l){\"use strict\";l.querySelector&&d.addEventListener&&\"undefined\"!=typeof URL&&(d.wp=d.wp||{},d.wp.receiveEmbedMessage||(d.wp.receiveEmbedMessage=function(e){var t=e.data;if((t||t.secret||t.message||t.value)&&!\/[^a-zA-Z0-9]\/.test(t.secret)){for(var s,r,n,a=l.querySelectorAll('iframe[data-secret=\"'+t.secret+'\"]'),o=l.querySelectorAll('blockquote[data-secret=\"'+t.secret+'\"]'),c=new RegExp(\"^https?:$\",\"i\"),i=0;i<o.length;i++)o[i].style.display=\"none\";for(i=0;i<a.length;i++)s=a[i],e.source===s.contentWindow&&(s.removeAttribute(\"style\"),\"height\"===t.message?(1e3<(r=parseInt(t.value,10))?r=1e3:~~r<200&&(r=200),s.height=r):\"link\"===t.message&&(r=new URL(s.getAttribute(\"src\")),n=new URL(t.value),c.test(n.protocol))&&n.host===r.host&&l.activeElement===s&&(d.top.location.href=t.value))}},d.addEventListener(\"message\",d.wp.receiveEmbedMessage,!1),l.addEventListener(\"DOMContentLoaded\",function(){for(var e,t,s=l.querySelectorAll(\"iframe.wp-embedded-content\"),r=0;r<s.length;r++)(t=(e=s[r]).getAttribute(\"data-secret\"))||(t=Math.random().toString(36).substring(2,12),e.src+=\"#?secret=\"+t,e.setAttribute(\"data-secret\",t)),e.contentWindow.postMessage({message:\"ready\",secret:t},\"*\")},!1)))}(window,document);\n\/* ]]> *\/\n<\/script>\n"},"_links":{"self":[{"href":"https:\/\/stepienybarno.es\/blog\/wp-json\/wp\/v2\/posts\/18039"}],"collection":[{"href":"https:\/\/stepienybarno.es\/blog\/wp-json\/wp\/v2\/posts"}],"about":[{"href":"https:\/\/stepienybarno.es\/blog\/wp-json\/wp\/v2\/types\/post"}],"author":[{"embeddable":true,"href":"https:\/\/stepienybarno.es\/blog\/wp-json\/wp\/v2\/users\/2"}],"replies":[{"embeddable":true,"href":"https:\/\/stepienybarno.es\/blog\/wp-json\/wp\/v2\/comments?post=18039"}],"version-history":[{"count":4,"href":"https:\/\/stepienybarno.es\/blog\/wp-json\/wp\/v2\/posts\/18039\/revisions"}],"predecessor-version":[{"id":18047,"href":"https:\/\/stepienybarno.es\/blog\/wp-json\/wp\/v2\/posts\/18039\/revisions\/18047"}],"wp:attachment":[{"href":"https:\/\/stepienybarno.es\/blog\/wp-json\/wp\/v2\/media?parent=18039"}],"wp:term":[{"taxonomy":"category","embeddable":true,"href":"https:\/\/stepienybarno.es\/blog\/wp-json\/wp\/v2\/categories?post=18039"},{"taxonomy":"post_tag","embeddable":true,"href":"https:\/\/stepienybarno.es\/blog\/wp-json\/wp\/v2\/tags?post=18039"},{"taxonomy":"series","embeddable":true,"href":"https:\/\/stepienybarno.es\/blog\/wp-json\/wp\/v2\/series?post=18039"}],"curies":[{"name":"wp","href":"https:\/\/api.w.org\/{rel}","templated":true}]}}