{"id":1810,"date":"2010-03-08T00:08:08","date_gmt":"2010-03-07T22:08:08","guid":{"rendered":"https:\/\/www.stepienybarno.es\/blog\/?p=1810"},"modified":"2014-05-15T20:52:00","modified_gmt":"2014-05-15T18:52:00","slug":"arquitectas-y-arquitectos-%c2%bfiguales-o-diferentes","status":"publish","type":"post","link":"https:\/\/stepienybarno.es\/blog\/2010\/03\/08\/arquitectas-y-arquitectos-%c2%bfiguales-o-diferentes\/","title":{"rendered":"ARQUITECTAS Y ARQUITECTOS, \u00bfIGUALES O DIFERENTES?"},"content":{"rendered":"<p><em>\u00a0<\/em><\/p>\n<p style=\"text-align: center;\"><img loading=\"lazy\" decoding=\"async\" class=\"alignnone size-full wp-image-1815\" title=\"igualdad+hombre-mujer\" src=\"https:\/\/stepienybarno.es\/blog\/wp-content\/uploads\/2010\/03\/igualdad+hombre-mujer.jpg\" alt=\"igualdad+hombre-mujer\" width=\"320\" height=\"313\" srcset=\"https:\/\/stepienybarno.es\/blog\/wp-content\/uploads\/2010\/03\/igualdad+hombre-mujer.jpg 320w, https:\/\/stepienybarno.es\/blog\/wp-content\/uploads\/2010\/03\/igualdad+hombre-mujer-180x176.jpg 180w, https:\/\/stepienybarno.es\/blog\/wp-content\/uploads\/2010\/03\/igualdad+hombre-mujer-316x309.jpg 316w\" sizes=\"(max-width: 320px) 100vw, 320px\" \/><\/p>\n<p align=\"center\">\u00a0<em>\u00a0<\/em><\/p>\n<p>Parece que en los tiempos que corren ya nadie cree que el sexo determine nuestras predisposiciones para realizar\u00a0 un trabajo u otro. \u00bfPero realmente es as\u00ed? \u00bfQu\u00e9 pasa en la arquitectura? No queremos entrar en un debate de hombres contra mujeres, sino que nos gustar\u00eda invitaros a reflexionar sobre los cambios que se est\u00e1n produciendo en nuestra profesi\u00f3n. Por eso, hoy, el d\u00eda de la igualdad, vamos a hablar de este tema.<\/p>\n<p style=\"text-align: center;\">\u00a0<\/p>\n<p><!--more-->\u00a0<\/p>\n<p>\u00a0<\/p>\n<p>La reflexi\u00f3n sobre esta cuesti\u00f3n no puede dejar de lado los conceptos de lo \u201cproductivo\u201d y \u201creproductivo\u201d. Ancestralmente han estado asociados el primero a lo masculino y el segundo a lo femenino. Hoy las estrechas relaciones entre estas ideas han perdido sentido pero, por desgracia, en algunos idiomas (culturas) siguen teniendo tanta fuerza que, sin ir m\u00e1s lejos, la forma femenina de nuestra profesi\u00f3n suena raro y muchas mujeres se niegan a usarla.<\/p>\n<p>\u00a0<\/p>\n<p>En este pa\u00eds el problema no parece ser tan grave. Tenemos unas cuantas arquitectas que han alcanzado cierta popularidad, pero tambi\u00e9n existen las que deciden retirarse de la carrera despu\u00e9s de experimentar en su propia piel el problema del \u201c<a href=\"http:\/\/www.stecyl.es\/Mujer\/el_techo_de_cristal.htm\">techo de cristal<\/a>\u201d. Sin duda el sexismo y paternalismo en ciertos \u00e1mbitos sigue estando en auge. Como soluci\u00f3n a este <a href=\"ttp:\/\/edu.technion.ac.il\/TechnionWomen\/womenandarchitecture.pdf\">problema<\/a>, por ejemplo, el\/la brit\u00e1nic@ <a href=\"http:\/\/www.architectsjournal.co.uk\/news\/daily-news\/ruth-reed-becomes-first-female-riba-president\/5207364.article\">RIBA<\/a> promueve la presencia de mujeres arquitectas tanto en ambientes universitarios como en los colegiales y en consecuencia tambi\u00e9n se prodiga su aparici\u00f3n en los medios de comunicaci\u00f3n.<\/p>\n<p>Todo esto, tiene como objetivo ayudar a las j\u00f3venes que acaban de terminar la carrera en su salida al mundo profesional y combatir la invisibilidad social, ya que, en las universidades en este momento estudian arquitectura m\u00e1s chicas que chicos. Hay que tener en cuenta que hay m\u00e1s arquitectas que ingenieras o mujeres que se dediquen a otras carreras t\u00e9cnicas, a lo que debemos a\u00f1adir, seg\u00fan se comentaba en el congreso de arquitectos a\u00f1o pasado, muchas veces ellas <a href=\"http:\/\/www.cscae.com\/congresodearquitectos2009\/index.php?option=com_fireboard&amp;Itemid=61&amp;func=view&amp;catid=12&amp;id=50\">cobran menos<\/a> que ellos por el mismo trabajo.<\/p>\n<p>\u00a0<\/p>\n<p><em>Nosotros tenemos claro que la buena arquitectura o buen urbanismo est\u00e1 por encima del g\u00e9nero, pero ignorar el problema no parece lo suyo y s<\/em>i a todo esto sumar\u00edamos lo que en este \u00e1mbito tiene que ver con el espacio p\u00fablico de la ciudad, podr\u00edamos acabar escribiendo un libro. Como comenta <a href=\"http:\/\/www.revistasucasa.com\/contenido\/articles\/224\/1\/SC-44-entrevista-Arquitectura-y-genero\/Paacuteginas1.html\">Zaida Mux\u00ed<\/a>: <em>Hombres y mujeres no hacen arquitectura diferente, ni una es mejor que la otra. Hombres y mujeres perciben de manera distinta el espacio y su entorno y eso impacta la producci\u00f3n arquitect\u00f3nica.<\/em><\/p>\n<p>Es importante tener en cuenta la mirada tanto de los hombres como de las mujeres, pero, por otro lado, desde ah\u00ed es tambi\u00e9n peligrosamente f\u00e1cil perder de vista el quid de la cuesti\u00f3n. Las actitudes de limitar el problema a hablar de las pol\u00edticamente correctas aceras pensadas para caminar con tacones no solucionan nada. Como comentaron hace poco <a href=\"http:\/\/nmas1.wordpress.com\/2010\/02\/16\/de-urbanismo-y-de-medicina\/\">n+1<\/a>, es all\u00ed donde reina la igualdad. Las malas condiciones urban\u00edsticas, las sufren igual tanto hombres como mujeres.<\/p>\n<p>\u00a0<\/p>\n<p>Hablar del g\u00e9nero viene a ser como hablar de religi\u00f3n. Cada uno tiene su mirada muy personal probablemente bien distinta de la del otro. Pero precisamente por esto quisi\u00e9ramos invitaros hoy a contarnos c\u00f3mo lo veis <a>vosotr@s. <\/a><\/p>\n<p>\u00a0<\/p>\n<p style=\"text-align: center;\"><img loading=\"lazy\" decoding=\"async\" class=\"alignnone size-full wp-image-1817\" title=\"DIA DE LA MUJER STEPIENYBARNO 350 pix\" src=\"https:\/\/stepienybarno.es\/blog\/wp-content\/uploads\/2010\/03\/DIA-DE-LA-MUJER-STEPIENYBARNO-350-pix-1.jpg\" alt=\"DIA DE LA MUJER STEPIENYBARNO 350 pix\" width=\"365\" height=\"365\" srcset=\"https:\/\/stepienybarno.es\/blog\/wp-content\/uploads\/2010\/03\/DIA-DE-LA-MUJER-STEPIENYBARNO-350-pix-1.jpg 365w, https:\/\/stepienybarno.es\/blog\/wp-content\/uploads\/2010\/03\/DIA-DE-LA-MUJER-STEPIENYBARNO-350-pix-1-180x180.jpg 180w, https:\/\/stepienybarno.es\/blog\/wp-content\/uploads\/2010\/03\/DIA-DE-LA-MUJER-STEPIENYBARNO-350-pix-1-224x224.jpg 224w, https:\/\/stepienybarno.es\/blog\/wp-content\/uploads\/2010\/03\/DIA-DE-LA-MUJER-STEPIENYBARNO-350-pix-1-316x316.jpg 316w\" sizes=\"(max-width: 365px) 100vw, 365px\" \/><\/p>\n<p style=\"text-align: center;\"><span style=\"color: #888888;\">imagen realizada por stepienybarno<\/span><\/p>\n<p><em>\u00a0<\/em><\/p>\n","protected":false},"excerpt":{"rendered":"\n<p>Parece que en los tiempos que corren ya nadie cree que el sexo determine nuestras predisposiciones para realizar  un trabajo u otro. \u00bfPero realmente es as\u00ed? \u00bfQu\u00e9 pasa en la arquitectura? No queremos entrar en un debate de hombres contra mujeres, sino que nos gustar\u00eda invitaros a reflexionar sobre los cambios que se est\u00e1n produciendo en nuestra profesi\u00f3n. Por eso, hoy, el d\u00eda de la igualdad, vamos a hablar de este tema.<\/p>\n","protected":false},"author":2,"featured_media":0,"comment_status":"open","ping_status":"closed","sticky":false,"template":"","format":"standard","meta":{"om_disable_all_campaigns":false,"_monsterinsights_skip_tracking":false,"_monsterinsights_sitenote_active":false,"_monsterinsights_sitenote_note":"","_monsterinsights_sitenote_category":0,"_uf_show_specific_survey":0,"_uf_disable_surveys":false,"episode_type":"","audio_file":"","cover_image":"","cover_image_id":"","duration":"","filesize":"","date_recorded":"","explicit":"","block":"","filesize_raw":"","footnotes":""},"categories":[34,4,2976],"tags":[4274,11,9,92,91,68,52,73],"series":[],"class_list":["post-1810","post","type-post","status-publish","format-standard","hentry","category-actualidad","category-arquilectura","category-profesion-arquitecto","tag-actualidad","tag-arquitecto","tag-arquitectura","tag-arquitectura-de-genero","tag-dia-de-la-mujer","tag-jovenes-arquitectos","tag-la-profesion-de-arquitecto","tag-opinion"],"aioseo_notices":[],"episode_featured_image":false,"episode_player_image":"https:\/\/stepienybarno.es\/blog\/wp-content\/uploads\/2020\/11\/stepienybarno-podcast-scaled.jpg","download_link":"","player_link":"","audio_player":false,"episode_data":{"playerMode":"dark","subscribeUrls":[],"rssFeedUrl":"https:\/\/stepienybarno.es\/blog\/feed\/podcast\/podcast-de-stepienybarno","embedCode":"<blockquote class=\"wp-embedded-content\" data-secret=\"nmthmHERbi\"><a href=\"https:\/\/stepienybarno.es\/blog\/2010\/03\/08\/arquitectas-y-arquitectos-%c2%bfiguales-o-diferentes\/\">ARQUITECTAS Y ARQUITECTOS, \u00bfIGUALES O DIFERENTES?<\/a><\/blockquote><iframe sandbox=\"allow-scripts\" security=\"restricted\" src=\"https:\/\/stepienybarno.es\/blog\/2010\/03\/08\/arquitectas-y-arquitectos-%c2%bfiguales-o-diferentes\/embed\/#?secret=nmthmHERbi\" width=\"500\" height=\"350\" title=\"\u00abARQUITECTAS Y ARQUITECTOS, \u00bfIGUALES O DIFERENTES?\u00bb \u2014 Blog de STEPIEN Y BARNO - publicaci\u00f3n digital sobre arquitectura\" data-secret=\"nmthmHERbi\" frameborder=\"0\" marginwidth=\"0\" marginheight=\"0\" scrolling=\"no\" class=\"wp-embedded-content\"><\/iframe><script type=\"text\/javascript\">\n\/* <![CDATA[ *\/\n\/*! This file is auto-generated *\/\n!function(d,l){\"use strict\";l.querySelector&&d.addEventListener&&\"undefined\"!=typeof URL&&(d.wp=d.wp||{},d.wp.receiveEmbedMessage||(d.wp.receiveEmbedMessage=function(e){var t=e.data;if((t||t.secret||t.message||t.value)&&!\/[^a-zA-Z0-9]\/.test(t.secret)){for(var s,r,n,a=l.querySelectorAll('iframe[data-secret=\"'+t.secret+'\"]'),o=l.querySelectorAll('blockquote[data-secret=\"'+t.secret+'\"]'),c=new RegExp(\"^https?:$\",\"i\"),i=0;i<o.length;i++)o[i].style.display=\"none\";for(i=0;i<a.length;i++)s=a[i],e.source===s.contentWindow&&(s.removeAttribute(\"style\"),\"height\"===t.message?(1e3<(r=parseInt(t.value,10))?r=1e3:~~r<200&&(r=200),s.height=r):\"link\"===t.message&&(r=new URL(s.getAttribute(\"src\")),n=new URL(t.value),c.test(n.protocol))&&n.host===r.host&&l.activeElement===s&&(d.top.location.href=t.value))}},d.addEventListener(\"message\",d.wp.receiveEmbedMessage,!1),l.addEventListener(\"DOMContentLoaded\",function(){for(var e,t,s=l.querySelectorAll(\"iframe.wp-embedded-content\"),r=0;r<s.length;r++)(t=(e=s[r]).getAttribute(\"data-secret\"))||(t=Math.random().toString(36).substring(2,12),e.src+=\"#?secret=\"+t,e.setAttribute(\"data-secret\",t)),e.contentWindow.postMessage({message:\"ready\",secret:t},\"*\")},!1)))}(window,document);\n\/* ]]> *\/\n<\/script>\n"},"_links":{"self":[{"href":"https:\/\/stepienybarno.es\/blog\/wp-json\/wp\/v2\/posts\/1810"}],"collection":[{"href":"https:\/\/stepienybarno.es\/blog\/wp-json\/wp\/v2\/posts"}],"about":[{"href":"https:\/\/stepienybarno.es\/blog\/wp-json\/wp\/v2\/types\/post"}],"author":[{"embeddable":true,"href":"https:\/\/stepienybarno.es\/blog\/wp-json\/wp\/v2\/users\/2"}],"replies":[{"embeddable":true,"href":"https:\/\/stepienybarno.es\/blog\/wp-json\/wp\/v2\/comments?post=1810"}],"version-history":[{"count":6,"href":"https:\/\/stepienybarno.es\/blog\/wp-json\/wp\/v2\/posts\/1810\/revisions"}],"predecessor-version":[{"id":1814,"href":"https:\/\/stepienybarno.es\/blog\/wp-json\/wp\/v2\/posts\/1810\/revisions\/1814"}],"wp:attachment":[{"href":"https:\/\/stepienybarno.es\/blog\/wp-json\/wp\/v2\/media?parent=1810"}],"wp:term":[{"taxonomy":"category","embeddable":true,"href":"https:\/\/stepienybarno.es\/blog\/wp-json\/wp\/v2\/categories?post=1810"},{"taxonomy":"post_tag","embeddable":true,"href":"https:\/\/stepienybarno.es\/blog\/wp-json\/wp\/v2\/tags?post=1810"},{"taxonomy":"series","embeddable":true,"href":"https:\/\/stepienybarno.es\/blog\/wp-json\/wp\/v2\/series?post=1810"}],"curies":[{"name":"wp","href":"https:\/\/api.w.org\/{rel}","templated":true}]}}