{"id":1820,"date":"2010-03-11T08:42:30","date_gmt":"2010-03-11T06:42:30","guid":{"rendered":"https:\/\/www.stepienybarno.es\/blog\/?p=1820"},"modified":"2010-03-11T08:43:58","modified_gmt":"2010-03-11T06:43:58","slug":"sexto-aniversario-del-11m","status":"publish","type":"post","link":"https:\/\/stepienybarno.es\/blog\/2010\/03\/11\/sexto-aniversario-del-11m\/","title":{"rendered":"SEXTO ANIVERSARIO DEL 11M"},"content":{"rendered":"<p>\u00a0<\/p>\n<p style=\"TEXT-ALIGN: center\"><img loading=\"lazy\" decoding=\"async\" class=\"alignnone size-full wp-image-1821\" title=\"arquiectura.barbarie - eduardo_delgado_orusco - stepienybarno rec\" src=\"https:\/\/stepienybarno.es\/blog\/wp-content\/uploads\/2010\/03\/arquiectura.barbarie-eduardo_delgado_orusco-stepienybarno-rec-.jpg\" alt=\"arquiectura.barbarie - eduardo_delgado_orusco - stepienybarno rec\" width=\"361\" height=\"157\" srcset=\"https:\/\/stepienybarno.es\/blog\/wp-content\/uploads\/2010\/03\/arquiectura.barbarie-eduardo_delgado_orusco-stepienybarno-rec-.jpg 361w, https:\/\/stepienybarno.es\/blog\/wp-content\/uploads\/2010\/03\/arquiectura.barbarie-eduardo_delgado_orusco-stepienybarno-rec--180x78.jpg 180w, https:\/\/stepienybarno.es\/blog\/wp-content\/uploads\/2010\/03\/arquiectura.barbarie-eduardo_delgado_orusco-stepienybarno-rec--316x137.jpg 316w\" sizes=\"(max-width: 361px) 100vw, 361px\" \/><\/p>\n<p>\u00a0<\/p>\n<p>Hoy se cumple el sexto aniversario del fat\u00eddico atentando que se llev\u00f3 la vida de 192 personas, adem\u00e1s de dejar casi 2.000 seres humanos con graves heridas. Desde stepienybarno queremos rendir nuestro peque\u00f1o homenaje a las victimas dedicando esta entrada al libro que recientemente se ha publicado de la mano de Eduardo Delgado, \u201c<a href=\"http:\/\/www.diputaciondevalladolid.es\/extras\/extras_cultura\/exposiciones\/Folleto%2011M.pdf\">Arquitectura vs barbarie\u201d.<\/a><\/p>\n<p>\u00a0<\/p>\n<p><!--more--><\/p>\n<p>\u00a0<\/p>\n<p>Mucho hemos hablado (y lo que te rondaremos morena) de la gran distancia que separa a la sociedad de la arquitectura. Aunque ser\u00eda mejor precisar, que la verdadera distancia se produce con los arquitectos m\u00e1s que con la propia arquitectura. Por ello os queremos presentar en un d\u00eda tan se\u00f1alado como hoy, este libro que naci\u00f3 como respuesta ante tanta crueldad.<\/p>\n<p>\u00a0<\/p>\n<p>La asignatura de proyectos arquitect\u00f3nicos 2 del a\u00f1o 2004 en la Universidad Camilo Jos\u00e9 Cela pod\u00eda haber continuado impasible ante estos acontecimientos y seguir con el programa de curso \u201cstandard\u201d. Pero en vez de ello, Eduardo y sus alumnos se empe\u00f1aron en demostrar que la arquitectura y la sociedad no siempre est\u00e1n tan distantes como pudiera parecer.<\/p>\n<p>\u00a0<\/p>\n<p>Este libro es el resultado de el lazo que se tendi\u00f3 entre la arquitectura y la sociedad, y que puede servir de ejemplo de cu\u00e1l es el camino a seguir.<\/p>\n","protected":false},"excerpt":{"rendered":"<p>Hoy se cumple el sexto aniversario del fat\u00eddico atentando que se llev\u00f3 la vida de 192 personas, adem\u00e1s de dejar casi 2.000 seres humanos con graves heridas. Desde stepienybarno queremos rendir nuestro peque\u00f1o homenaje a las victimas dedicando esta entrada al libro que recientemente se ha publicado de la mano de Eduardo Delgado, \u201cArquitectura vs barbarie\u201d.<\/p>\n","protected":false},"author":2,"featured_media":0,"comment_status":"open","ping_status":"closed","sticky":false,"template":"","format":"standard","meta":{"om_disable_all_campaigns":false,"_monsterinsights_skip_tracking":false,"_monsterinsights_sitenote_active":false,"_monsterinsights_sitenote_note":"","_monsterinsights_sitenote_category":0,"_uf_show_specific_survey":0,"_uf_disable_surveys":false,"episode_type":"","audio_file":"","cover_image":"","cover_image_id":"","duration":"","filesize":"","date_recorded":"","explicit":"","block":"","filesize_raw":"","footnotes":""},"categories":[34,4],"tags":[95,11,9,28,65,68,52,94,93,96],"series":[],"class_list":["post-1820","post","type-post","status-publish","format-standard","hentry","category-actualidad","category-arquilectura","tag-11m","tag-arquitecto","tag-arquitectura","tag-arquitectura-y-docencia","tag-educacion","tag-jovenes-arquitectos","tag-la-profesion-de-arquitecto","tag-libros-de-arquitectura","tag-publicaciones","tag-sociedad"],"aioseo_notices":[],"episode_featured_image":false,"episode_player_image":"https:\/\/stepienybarno.es\/blog\/wp-content\/uploads\/2020\/11\/stepienybarno-podcast-scaled.jpg","download_link":"","player_link":"","audio_player":false,"episode_data":{"playerMode":"dark","subscribeUrls":[],"rssFeedUrl":"https:\/\/stepienybarno.es\/blog\/feed\/podcast\/podcast-de-stepienybarno","embedCode":"<blockquote class=\"wp-embedded-content\" data-secret=\"zXndqa8vLU\"><a href=\"https:\/\/stepienybarno.es\/blog\/2010\/03\/11\/sexto-aniversario-del-11m\/\">SEXTO ANIVERSARIO DEL 11M<\/a><\/blockquote><iframe sandbox=\"allow-scripts\" security=\"restricted\" src=\"https:\/\/stepienybarno.es\/blog\/2010\/03\/11\/sexto-aniversario-del-11m\/embed\/#?secret=zXndqa8vLU\" width=\"500\" height=\"350\" title=\"\u00abSEXTO ANIVERSARIO DEL 11M\u00bb \u2014 Blog de STEPIEN Y BARNO - publicaci\u00f3n digital sobre arquitectura\" data-secret=\"zXndqa8vLU\" frameborder=\"0\" marginwidth=\"0\" marginheight=\"0\" scrolling=\"no\" class=\"wp-embedded-content\"><\/iframe><script type=\"text\/javascript\">\n\/* <![CDATA[ *\/\n\/*! This file is auto-generated *\/\n!function(d,l){\"use strict\";l.querySelector&&d.addEventListener&&\"undefined\"!=typeof URL&&(d.wp=d.wp||{},d.wp.receiveEmbedMessage||(d.wp.receiveEmbedMessage=function(e){var t=e.data;if((t||t.secret||t.message||t.value)&&!\/[^a-zA-Z0-9]\/.test(t.secret)){for(var s,r,n,a=l.querySelectorAll('iframe[data-secret=\"'+t.secret+'\"]'),o=l.querySelectorAll('blockquote[data-secret=\"'+t.secret+'\"]'),c=new RegExp(\"^https?:$\",\"i\"),i=0;i<o.length;i++)o[i].style.display=\"none\";for(i=0;i<a.length;i++)s=a[i],e.source===s.contentWindow&&(s.removeAttribute(\"style\"),\"height\"===t.message?(1e3<(r=parseInt(t.value,10))?r=1e3:~~r<200&&(r=200),s.height=r):\"link\"===t.message&&(r=new URL(s.getAttribute(\"src\")),n=new URL(t.value),c.test(n.protocol))&&n.host===r.host&&l.activeElement===s&&(d.top.location.href=t.value))}},d.addEventListener(\"message\",d.wp.receiveEmbedMessage,!1),l.addEventListener(\"DOMContentLoaded\",function(){for(var e,t,s=l.querySelectorAll(\"iframe.wp-embedded-content\"),r=0;r<s.length;r++)(t=(e=s[r]).getAttribute(\"data-secret\"))||(t=Math.random().toString(36).substring(2,12),e.src+=\"#?secret=\"+t,e.setAttribute(\"data-secret\",t)),e.contentWindow.postMessage({message:\"ready\",secret:t},\"*\")},!1)))}(window,document);\n\/* ]]> *\/\n<\/script>\n"},"_links":{"self":[{"href":"https:\/\/stepienybarno.es\/blog\/wp-json\/wp\/v2\/posts\/1820"}],"collection":[{"href":"https:\/\/stepienybarno.es\/blog\/wp-json\/wp\/v2\/posts"}],"about":[{"href":"https:\/\/stepienybarno.es\/blog\/wp-json\/wp\/v2\/types\/post"}],"author":[{"embeddable":true,"href":"https:\/\/stepienybarno.es\/blog\/wp-json\/wp\/v2\/users\/2"}],"replies":[{"embeddable":true,"href":"https:\/\/stepienybarno.es\/blog\/wp-json\/wp\/v2\/comments?post=1820"}],"version-history":[{"count":3,"href":"https:\/\/stepienybarno.es\/blog\/wp-json\/wp\/v2\/posts\/1820\/revisions"}],"predecessor-version":[{"id":1823,"href":"https:\/\/stepienybarno.es\/blog\/wp-json\/wp\/v2\/posts\/1820\/revisions\/1823"}],"wp:attachment":[{"href":"https:\/\/stepienybarno.es\/blog\/wp-json\/wp\/v2\/media?parent=1820"}],"wp:term":[{"taxonomy":"category","embeddable":true,"href":"https:\/\/stepienybarno.es\/blog\/wp-json\/wp\/v2\/categories?post=1820"},{"taxonomy":"post_tag","embeddable":true,"href":"https:\/\/stepienybarno.es\/blog\/wp-json\/wp\/v2\/tags?post=1820"},{"taxonomy":"series","embeddable":true,"href":"https:\/\/stepienybarno.es\/blog\/wp-json\/wp\/v2\/series?post=1820"}],"curies":[{"name":"wp","href":"https:\/\/api.w.org\/{rel}","templated":true}]}}