{"id":18297,"date":"2015-08-17T09:01:04","date_gmt":"2015-08-17T07:01:04","guid":{"rendered":"https:\/\/www.stepienybarno.es\/blog\/?p=18297"},"modified":"2015-08-17T09:01:04","modified_gmt":"2015-08-17T07:01:04","slug":"zuloark-gana-el-concurso-para-el-pabellon-efimero-donostia-san-sebastian-2016","status":"publish","type":"post","link":"https:\/\/stepienybarno.es\/blog\/2015\/08\/17\/zuloark-gana-el-concurso-para-el-pabellon-efimero-donostia-san-sebastian-2016\/","title":{"rendered":"ZULOARK GANA EL CONCURSO PARA EL PABELL\u00d3N EF\u00cdMERO DONOSTIA \/ SAN SEBASTI\u00c1N 2016"},"content":{"rendered":"<p><a href=\"https:\/\/stepienybarno.es\/blog\/wp-content\/uploads\/2015\/08\/Blog-stepien-y-barno-stepienybarno-plataforma-arquitectura-zuloark-donostia-2016.jpg\"><img loading=\"lazy\" decoding=\"async\" class=\"aligncenter size-full wp-image-18298\" title=\"Blog-stepien-y-barno-stepienybarno-plataforma-arquitectura-zuloark-donostia-2016\" src=\"https:\/\/stepienybarno.es\/blog\/wp-content\/uploads\/2015\/08\/Blog-stepien-y-barno-stepienybarno-plataforma-arquitectura-zuloark-donostia-2016.jpg\" alt=\"Blog-stepien-y-barno-stepienybarno-plataforma-arquitectura-zuloark-donostia-2016\" width=\"500\" height=\"241\" srcset=\"https:\/\/stepienybarno.es\/blog\/wp-content\/uploads\/2015\/08\/Blog-stepien-y-barno-stepienybarno-plataforma-arquitectura-zuloark-donostia-2016.jpg 500w, https:\/\/stepienybarno.es\/blog\/wp-content\/uploads\/2015\/08\/Blog-stepien-y-barno-stepienybarno-plataforma-arquitectura-zuloark-donostia-2016-180x87.jpg 180w, https:\/\/stepienybarno.es\/blog\/wp-content\/uploads\/2015\/08\/Blog-stepien-y-barno-stepienybarno-plataforma-arquitectura-zuloark-donostia-2016-316x152.jpg 316w\" sizes=\"(max-width: 500px) 100vw, 500px\" \/><\/a><\/p>\n<p>Desde <a href=\"http:\/\/www.plataformaarquitectura.cl\/\" target=\"_blank\">Plataforma Arquitectura<\/a><\/p>\n<p><!--more--><\/p>\n<p><strong>\u201c<\/strong>Hace algunos meses,\u00a0<a href=\"http:\/\/www.dss2016.eu\/es\/\" target=\"_blank\">DSS2016EU<\/a> -Capital Europea de la Cultura 2016- realiz\u00f3\u00a0una\u00a0convocatoria\u00a0para el dise\u00f1o de un punto de informaci\u00f3n que se inaugurar\u00e1 en octubre de 2015\u00a0en el parque Alderdi Eder, en\u00a0<a href=\"http:\/\/www.plataformaarquitectura.cl\/cl\/tag\/donostia\">Donostia<\/a>, Espa\u00f1a.<\/p>\n<p>Los arquitectos de\u00a0<strong><a href=\"http:\/\/www.zuloark.com\/\" target=\"_blank\">Zuloark<\/a> <\/strong>fueron los ganadores de la competencia a trav\u00e9s del proyecto\u00a0<strong>\u00abDonostia 2017 \u2013 Ayer dijiste ma\u00f1ana\u00bb<\/strong>, una suerte de cat\u00e1logo de mobiliario que se distribuir\u00e1 por toda la ciudad pero que antes funcionar\u00e1 como soporte del pabell\u00f3n encargado.<\/p>\n<p>Como comentan sus arquitectos,\u00a0<em>\u00abproponemos que el evento siga convirti\u00e9ndose en un motor directo de cambio para la ciudad y mediante una estrategia abierta, permitir que se pueda observar este cambio una vez que termine el evento.<\/em><em> <\/em><em><a href=\"http:\/\/www.plataformaarquitectura.cl\/cl\/tag\/donostia\">Donostia<\/a><\/em><em> <\/em><em>ya no ser\u00e1 igual, en el 2017 todas las partes del pabell\u00f3n ser\u00e1n los bancos, las farolas y los muebles urbanos que compondr\u00e1n el paisaje de la ciudad\u00bb.<\/em> <strong> (\u2026)\u201d<\/strong><strong> <\/strong><\/p>\n<p><strong> <\/strong><\/p>\n<blockquote>\n<p align=\"center\">Acceder a la informaci\u00f3n,\u00a0<a href=\"http:\/\/www.plataformaarquitectura.cl\/cl\/771552\/zuloark-gana-el-concurso-para-el-pabellon-efimero-donostia-san-sebastian-2016?utm_source=Plataforma+Arquitectura&amp;utm_campaign=b7514de514-RSS_EMAIL_CAMPAIGN&amp;utm_medium=email&amp;utm_term=0_cd7aa242a6-b7514de514-409\" target=\"_blank\">AQU\u00cd<\/a><\/p>\n<\/blockquote>\n<p><a href=\"http:\/\/www.lacol.org\/\"><\/a><\/p>\n<p><em><span style=\"color: #888888;\">Noticia seleccionada por el Canal de arquitectura STEPIENYBARNO.<\/span><\/em><\/p>\n<p><em><span style=\"text-decoration: underline;\"><a href=\"https:\/\/twitter.com\/stepienybarno\" target=\"_blank\">STEPIENYBARNO EN TWITTER _ @stepienybarno<\/a><\/span><\/em><\/p>\n<p><em><span style=\"text-decoration: underline;\"><a href=\"http:\/\/www.linkedin.com\/company\/stepienybarno\" target=\"_blank\">STEPIENYBARNO EN LINKEDIN<\/a><\/span><\/em><\/p>\n<p><em><span style=\"text-decoration: underline;\"><a href=\"https:\/\/www.facebook.com\/pages\/BLOG-DE-STEPIENYBARNO\/78001079029\" target=\"_blank\">STEPIENYBARNO EN FACEBOOK<\/a><\/span><\/em><\/p>\n<p><em><span style=\"color: #888888;\">*Stepienybarno est\u00e1 formado por Agnieszka Stepien y Lorenzo Barn\u00f3 y desde mayo del 2009 estamos en la red con\u00a0 la presente publicaci\u00f3n digital (Blog) de arquitectura.<\/span><\/em><\/p>\n<p><em><span style=\"color: #888888;\">Nuestra actividad se sustenta en tres pilares b\u00e1sicos: la investigaci\u00f3n, la publicaci\u00f3n (comunicaci\u00f3n y difusi\u00f3n) y la redacci\u00f3n de proyectos de arquitectura.<\/span><\/em><\/p>\n<p><em><span style=\"color: #888888;\">A su vez, somos socios cofundadores de<\/span><\/em><em> <\/em><em><a href=\"http:\/\/sinergiasostenible.org\/\" target=\"_blank\">SINERGIA SOSTENIBLE<\/a><\/em><em><span style=\"color: #888888;\">, redactores de<\/span><\/em><em> <\/em><em><a href=\"http:\/\/www.laciudadviva.org\/blogs\/?author=45\" target=\"_blank\">LA CIUDAD VIVA<\/a><\/em><span style=\"color: #888888;\"><em> <\/em><em>y directores del blog de<\/em><\/span><em> <\/em><em><a href=\"http:\/\/blogfundacion.arquia.es\/\" target=\"_blank\">FUNDACI\u00d3N ARQUIA<span style=\"color: #888888;\">.<\/span><\/a><\/em><\/p>\n<p><em><span style=\"color: #888888;\">* Los editores de esta publicaci\u00f3n digital no nos hacemos cargo de de los comentarios y\u00a0 conceptos vertidos en los textos firmados por otras personas, siendo \u00e9stos de responsabilidad exclusiva de sus autores.<\/span><\/em><\/p>\n<p><em><span style=\"color: #888888;\">* Tu comentario podr\u00e1 ser moderado, por lo tanto, aunque aparezca inmediatamente al ser publicado en la entrada, los editores de esta publicaci\u00f3n digital nos reservamos el derecho tanto de editarlo (si fuera necesario, para hacerlo m\u00e1s legible) como de eliminarlo en el caso de que se usen expresiones incorrectas (descalificaciones, palabras malsonantes\u2026). A su vez, si quieres comentar desde el anonimato puedes hacerlo, aunque, nosotros personalmente, agradecemos que tod@s nos podamos identificar.<\/span><\/em><\/p>\n","protected":false},"excerpt":{"rendered":"<p>Desde Plataforma Arquitectura<\/p>\n<p>(m\u00e1s&#8230;)<\/p>\n","protected":false},"author":2,"featured_media":0,"comment_status":"open","ping_status":"closed","sticky":false,"template":"","format":"standard","meta":{"om_disable_all_campaigns":false,"_monsterinsights_skip_tracking":false,"_monsterinsights_sitenote_active":false,"_monsterinsights_sitenote_note":"","_monsterinsights_sitenote_category":0,"_uf_show_specific_survey":0,"_uf_disable_surveys":false,"episode_type":"","audio_file":"","cover_image":"","cover_image_id":"","duration":"","filesize":"","date_recorded":"","explicit":"","block":"","filesize_raw":"","footnotes":""},"categories":[244],"tags":[3627,921,834],"series":[],"class_list":["post-18297","post","type-post","status-publish","format-standard","hentry","category-canal-de-arquitectura","tag-dss2016","tag-plataforma-arquitectura","tag-zuloark"],"aioseo_notices":[],"episode_featured_image":false,"episode_player_image":"https:\/\/stepienybarno.es\/blog\/wp-content\/uploads\/2020\/11\/stepienybarno-podcast-scaled.jpg","download_link":"","player_link":"","audio_player":false,"episode_data":{"playerMode":"dark","subscribeUrls":[],"rssFeedUrl":"https:\/\/stepienybarno.es\/blog\/feed\/podcast\/podcast-de-stepienybarno","embedCode":"<blockquote class=\"wp-embedded-content\" data-secret=\"ZIUIKhnkWG\"><a href=\"https:\/\/stepienybarno.es\/blog\/2015\/08\/17\/zuloark-gana-el-concurso-para-el-pabellon-efimero-donostia-san-sebastian-2016\/\">ZULOARK GANA EL CONCURSO PARA EL PABELL\u00d3N EF\u00cdMERO DONOSTIA \/ SAN SEBASTI\u00c1N 2016<\/a><\/blockquote><iframe sandbox=\"allow-scripts\" security=\"restricted\" src=\"https:\/\/stepienybarno.es\/blog\/2015\/08\/17\/zuloark-gana-el-concurso-para-el-pabellon-efimero-donostia-san-sebastian-2016\/embed\/#?secret=ZIUIKhnkWG\" width=\"500\" height=\"350\" title=\"\u00abZULOARK GANA EL CONCURSO PARA EL PABELL\u00d3N EF\u00cdMERO DONOSTIA \/ SAN SEBASTI\u00c1N 2016\u00bb \u2014 Blog de STEPIEN Y BARNO - publicaci\u00f3n digital sobre arquitectura\" data-secret=\"ZIUIKhnkWG\" frameborder=\"0\" marginwidth=\"0\" marginheight=\"0\" scrolling=\"no\" class=\"wp-embedded-content\"><\/iframe><script type=\"text\/javascript\">\n\/* <![CDATA[ *\/\n\/*! This file is auto-generated *\/\n!function(d,l){\"use strict\";l.querySelector&&d.addEventListener&&\"undefined\"!=typeof URL&&(d.wp=d.wp||{},d.wp.receiveEmbedMessage||(d.wp.receiveEmbedMessage=function(e){var t=e.data;if((t||t.secret||t.message||t.value)&&!\/[^a-zA-Z0-9]\/.test(t.secret)){for(var s,r,n,a=l.querySelectorAll('iframe[data-secret=\"'+t.secret+'\"]'),o=l.querySelectorAll('blockquote[data-secret=\"'+t.secret+'\"]'),c=new RegExp(\"^https?:$\",\"i\"),i=0;i<o.length;i++)o[i].style.display=\"none\";for(i=0;i<a.length;i++)s=a[i],e.source===s.contentWindow&&(s.removeAttribute(\"style\"),\"height\"===t.message?(1e3<(r=parseInt(t.value,10))?r=1e3:~~r<200&&(r=200),s.height=r):\"link\"===t.message&&(r=new URL(s.getAttribute(\"src\")),n=new URL(t.value),c.test(n.protocol))&&n.host===r.host&&l.activeElement===s&&(d.top.location.href=t.value))}},d.addEventListener(\"message\",d.wp.receiveEmbedMessage,!1),l.addEventListener(\"DOMContentLoaded\",function(){for(var e,t,s=l.querySelectorAll(\"iframe.wp-embedded-content\"),r=0;r<s.length;r++)(t=(e=s[r]).getAttribute(\"data-secret\"))||(t=Math.random().toString(36).substring(2,12),e.src+=\"#?secret=\"+t,e.setAttribute(\"data-secret\",t)),e.contentWindow.postMessage({message:\"ready\",secret:t},\"*\")},!1)))}(window,document);\n\/* ]]> *\/\n<\/script>\n"},"_links":{"self":[{"href":"https:\/\/stepienybarno.es\/blog\/wp-json\/wp\/v2\/posts\/18297"}],"collection":[{"href":"https:\/\/stepienybarno.es\/blog\/wp-json\/wp\/v2\/posts"}],"about":[{"href":"https:\/\/stepienybarno.es\/blog\/wp-json\/wp\/v2\/types\/post"}],"author":[{"embeddable":true,"href":"https:\/\/stepienybarno.es\/blog\/wp-json\/wp\/v2\/users\/2"}],"replies":[{"embeddable":true,"href":"https:\/\/stepienybarno.es\/blog\/wp-json\/wp\/v2\/comments?post=18297"}],"version-history":[{"count":2,"href":"https:\/\/stepienybarno.es\/blog\/wp-json\/wp\/v2\/posts\/18297\/revisions"}],"predecessor-version":[{"id":18300,"href":"https:\/\/stepienybarno.es\/blog\/wp-json\/wp\/v2\/posts\/18297\/revisions\/18300"}],"wp:attachment":[{"href":"https:\/\/stepienybarno.es\/blog\/wp-json\/wp\/v2\/media?parent=18297"}],"wp:term":[{"taxonomy":"category","embeddable":true,"href":"https:\/\/stepienybarno.es\/blog\/wp-json\/wp\/v2\/categories?post=18297"},{"taxonomy":"post_tag","embeddable":true,"href":"https:\/\/stepienybarno.es\/blog\/wp-json\/wp\/v2\/tags?post=18297"},{"taxonomy":"series","embeddable":true,"href":"https:\/\/stepienybarno.es\/blog\/wp-json\/wp\/v2\/series?post=18297"}],"curies":[{"name":"wp","href":"https:\/\/api.w.org\/{rel}","templated":true}]}}