{"id":18343,"date":"2015-08-21T12:27:59","date_gmt":"2015-08-21T10:27:59","guid":{"rendered":"https:\/\/www.stepienybarno.es\/blog\/?p=18343"},"modified":"2015-08-21T12:28:30","modified_gmt":"2015-08-21T10:28:30","slug":"el-documental-de-la-2-estrena-%c2%bfabandonado-una-reflexion-sobre-lugares-y-edificios-europeos-en-desuso","status":"publish","type":"post","link":"https:\/\/stepienybarno.es\/blog\/2015\/08\/21\/el-documental-de-la-2-estrena-%c2%bfabandonado-una-reflexion-sobre-lugares-y-edificios-europeos-en-desuso\/","title":{"rendered":"&#8216;EL DOCUMENTAL DE LA 2&#8217; ESTRENA &#8216;\u00bfABANDONADO?&#8217;, UNA REFLEXI\u00d3N SOBRE LUGARES Y EDIFICIOS EUROPEOS EN DESUSO"},"content":{"rendered":"<p><a href=\"https:\/\/stepienybarno.es\/blog\/wp-content\/uploads\/2015\/08\/stepienybarno-stepien-y-barno-RTVE-abandonados.png\"><img loading=\"lazy\" decoding=\"async\" class=\"aligncenter size-full wp-image-18344\" title=\"stepienybarno-stepien-y-barno-RTVE-abandonados\" src=\"https:\/\/stepienybarno.es\/blog\/wp-content\/uploads\/2015\/08\/stepienybarno-stepien-y-barno-RTVE-abandonados.png\" alt=\"stepienybarno-stepien-y-barno-RTVE-abandonados\" width=\"500\" height=\"281\" srcset=\"https:\/\/stepienybarno.es\/blog\/wp-content\/uploads\/2015\/08\/stepienybarno-stepien-y-barno-RTVE-abandonados.png 500w, https:\/\/stepienybarno.es\/blog\/wp-content\/uploads\/2015\/08\/stepienybarno-stepien-y-barno-RTVE-abandonados-180x101.png 180w, https:\/\/stepienybarno.es\/blog\/wp-content\/uploads\/2015\/08\/stepienybarno-stepien-y-barno-RTVE-abandonados-316x178.png 316w\" sizes=\"(max-width: 500px) 100vw, 500px\" \/><\/a><\/p>\n<p>Desde <a href=\"http:\/\/www.rtve.es\/\" target=\"_blank\">rtve<\/a><\/p>\n<p><!--more--><\/p>\n<p>\u201c &#8216;El documental de La 2&#8217; estrena este viernes &#8216;\u00bfAbandonado?&#8217;, un documental que propone un viaje por 24 pa\u00edses de Europa para explorar la belleza y la transformaci\u00f3n que experimentan los lugares abandonados, la necesidad de utilizarlos y las diferentes maneras de hacerlo. Un repaso a su historia, sus cambios, su relaci\u00f3n con el hombre o con el medio ambiente a trav\u00e9s de v\u00eddeos, fotograf\u00edas e im\u00e1genes de archivo.<\/p>\n<p>Europa est\u00e1 llena de lugares y edificios supuestamente \u00ababandonados\u00bb\u00a0que en realidad no lo est\u00e1n, pues viven en un constante estado de transformaci\u00f3n. Son lugares que esconden belleza, evocaci\u00f3n y carga hist\u00f3rica. Los seres humanos tienen la capacidad para conservar, transformar y reutilizar estos lugares, reduciendo la presi\u00f3n del crecimiento urbano sobre el medio ambiente y preservando su patrimonio e identidad cultural.<strong> <\/strong>(\u2026)\u201d<\/p>\n<p><strong> <\/strong><\/p>\n<blockquote>\n<p align=\"center\">Acceder a la informaci\u00f3n,\u00a0<a href=\"http:\/\/www.rtve.es\/rtve\/20150813\/documental-2-estrena-abandonado-reflexion-sobre-lugares-edificios-europeos-desuso\/1199387.shtml\" target=\"_blank\">AQU\u00cd<\/a><\/p>\n<p align=\"center\">\n<\/blockquote>\n<p><a href=\"http:\/\/www.lacol.org\/\"><\/a><\/p>\n<p><em><span style=\"color: #888888;\">Noticia seleccionada por el Canal de arquitectura STEPIENYBARNO.<\/span><\/em><\/p>\n<p><a href=\"https:\/\/twitter.com\/stepienybarno\" target=\"_blank\"><em>STEPIENYBARNO EN TWITTER _ @stepienybarno<\/em><\/a><\/p>\n<p><a href=\"http:\/\/www.linkedin.com\/company\/stepienybarno\" target=\"_blank\"><em>STEPIENYBARNO EN LINKEDIN<\/em><\/a><\/p>\n<p><a href=\"https:\/\/www.facebook.com\/pages\/BLOG-DE-STEPIENYBARNO\/78001079029\" target=\"_blank\"><em>STEPIENYBARNO EN FACEBOOK<\/em><\/a><\/p>\n<p><em><span style=\"color: #888888;\">*Stepienybarno est\u00e1 formado por Agnieszka Stepien y Lorenzo Barn\u00f3 y desde mayo del 2009 estamos en la red con\u00a0 la presente publicaci\u00f3n digital (Blog) de arquitectura.<\/span><\/em><\/p>\n<p><em><span style=\"color: #888888;\">Nuestra actividad se sustenta en tres pilares b\u00e1sicos: la investigaci\u00f3n, la publicaci\u00f3n (comunicaci\u00f3n y difusi\u00f3n) y la redacci\u00f3n de proyectos de arquitectura.<\/span><\/em><\/p>\n<p><span style=\"color: #888888;\"><em>A su vez, somos socios cofundadores de<\/em><em> <\/em><\/span><a href=\"http:\/\/sinergiasostenible.org\/\" target=\"_blank\"><em>SINERGIA SOSTENIBLE<\/em><\/a><em><span style=\"color: #888888;\">, redactores de<\/span><\/em><em> <\/em><a href=\"http:\/\/www.laciudadviva.org\/blogs\/?author=45\" target=\"_blank\"><em>LA CIUDAD VIVA<\/em><\/a><span style=\"color: #888888;\"><em> <\/em><em>y directores del blog de<\/em><\/span><em> <\/em><a href=\"http:\/\/blogfundacion.arquia.es\/\" target=\"_blank\"><em>FUNDACI\u00d3N ARQUIA<span style=\"color: #888888;\">.<\/span><\/em><\/a><\/p>\n<p><em><span style=\"color: #888888;\">* Los editores de esta publicaci\u00f3n digital no nos hacemos cargo de de los comentarios y\u00a0 conceptos vertidos en los textos firmados por otras personas, siendo \u00e9stos de responsabilidad exclusiva de sus autores.<\/span><\/em><\/p>\n<p><em><span style=\"color: #888888;\">* Tu comentario podr\u00e1 ser moderado, por lo tanto, aunque aparezca inmediatamente al ser publicado en la entrada, los editores de esta publicaci\u00f3n digital nos reservamos el derecho tanto de editarlo (si fuera necesario, para hacerlo m\u00e1s legible) como de eliminarlo en el caso de que se usen expresiones incorrectas (descalificaciones, palabras malsonantes\u2026). A su vez, si quieres comentar desde el anonimato puedes hacerlo, aunque, nosotros personalmente, agradecemos que tod@s nos podamos identificar.<\/span><\/em><\/p>\n","protected":false},"excerpt":{"rendered":"<p>Desde rtve<\/p>\n<p>(m\u00e1s&#8230;)<\/p>\n","protected":false},"author":2,"featured_media":0,"comment_status":"open","ping_status":"closed","sticky":false,"template":"","format":"standard","meta":{"om_disable_all_campaigns":false,"_monsterinsights_skip_tracking":false,"_monsterinsights_sitenote_active":false,"_monsterinsights_sitenote_note":"","_monsterinsights_sitenote_category":0,"_uf_show_specific_survey":0,"_uf_disable_surveys":false,"episode_type":"","audio_file":"","cover_image":"","cover_image_id":"","duration":"","filesize":"","date_recorded":"","explicit":"","block":"","filesize_raw":"","footnotes":""},"categories":[244],"tags":[3635],"series":[],"class_list":["post-18343","post","type-post","status-publish","format-standard","hentry","category-canal-de-arquitectura","tag-rtve"],"aioseo_notices":[],"episode_featured_image":false,"episode_player_image":"https:\/\/stepienybarno.es\/blog\/wp-content\/uploads\/2020\/11\/stepienybarno-podcast-scaled.jpg","download_link":"","player_link":"","audio_player":false,"episode_data":{"playerMode":"dark","subscribeUrls":[],"rssFeedUrl":"https:\/\/stepienybarno.es\/blog\/feed\/podcast\/podcast-de-stepienybarno","embedCode":"<blockquote class=\"wp-embedded-content\" data-secret=\"1XOUzhWCP8\"><a href=\"https:\/\/stepienybarno.es\/blog\/2015\/08\/21\/el-documental-de-la-2-estrena-%c2%bfabandonado-una-reflexion-sobre-lugares-y-edificios-europeos-en-desuso\/\">&#8216;EL DOCUMENTAL DE LA 2&#8217; ESTRENA &#8216;\u00bfABANDONADO?&#8217;, UNA REFLEXI\u00d3N SOBRE LUGARES Y EDIFICIOS EUROPEOS EN DESUSO<\/a><\/blockquote><iframe sandbox=\"allow-scripts\" security=\"restricted\" src=\"https:\/\/stepienybarno.es\/blog\/2015\/08\/21\/el-documental-de-la-2-estrena-%c2%bfabandonado-una-reflexion-sobre-lugares-y-edificios-europeos-en-desuso\/embed\/#?secret=1XOUzhWCP8\" width=\"500\" height=\"350\" title=\"\u00ab&#8216;EL DOCUMENTAL DE LA 2&#8217; ESTRENA &#8216;\u00bfABANDONADO?&#8217;, UNA REFLEXI\u00d3N SOBRE LUGARES Y EDIFICIOS EUROPEOS EN DESUSO\u00bb \u2014 Blog de STEPIEN Y BARNO - publicaci\u00f3n digital sobre arquitectura\" data-secret=\"1XOUzhWCP8\" frameborder=\"0\" marginwidth=\"0\" marginheight=\"0\" scrolling=\"no\" class=\"wp-embedded-content\"><\/iframe><script type=\"text\/javascript\">\n\/* <![CDATA[ *\/\n\/*! This file is auto-generated *\/\n!function(d,l){\"use strict\";l.querySelector&&d.addEventListener&&\"undefined\"!=typeof URL&&(d.wp=d.wp||{},d.wp.receiveEmbedMessage||(d.wp.receiveEmbedMessage=function(e){var t=e.data;if((t||t.secret||t.message||t.value)&&!\/[^a-zA-Z0-9]\/.test(t.secret)){for(var s,r,n,a=l.querySelectorAll('iframe[data-secret=\"'+t.secret+'\"]'),o=l.querySelectorAll('blockquote[data-secret=\"'+t.secret+'\"]'),c=new RegExp(\"^https?:$\",\"i\"),i=0;i<o.length;i++)o[i].style.display=\"none\";for(i=0;i<a.length;i++)s=a[i],e.source===s.contentWindow&&(s.removeAttribute(\"style\"),\"height\"===t.message?(1e3<(r=parseInt(t.value,10))?r=1e3:~~r<200&&(r=200),s.height=r):\"link\"===t.message&&(r=new URL(s.getAttribute(\"src\")),n=new URL(t.value),c.test(n.protocol))&&n.host===r.host&&l.activeElement===s&&(d.top.location.href=t.value))}},d.addEventListener(\"message\",d.wp.receiveEmbedMessage,!1),l.addEventListener(\"DOMContentLoaded\",function(){for(var e,t,s=l.querySelectorAll(\"iframe.wp-embedded-content\"),r=0;r<s.length;r++)(t=(e=s[r]).getAttribute(\"data-secret\"))||(t=Math.random().toString(36).substring(2,12),e.src+=\"#?secret=\"+t,e.setAttribute(\"data-secret\",t)),e.contentWindow.postMessage({message:\"ready\",secret:t},\"*\")},!1)))}(window,document);\n\/* ]]> *\/\n<\/script>\n"},"_links":{"self":[{"href":"https:\/\/stepienybarno.es\/blog\/wp-json\/wp\/v2\/posts\/18343"}],"collection":[{"href":"https:\/\/stepienybarno.es\/blog\/wp-json\/wp\/v2\/posts"}],"about":[{"href":"https:\/\/stepienybarno.es\/blog\/wp-json\/wp\/v2\/types\/post"}],"author":[{"embeddable":true,"href":"https:\/\/stepienybarno.es\/blog\/wp-json\/wp\/v2\/users\/2"}],"replies":[{"embeddable":true,"href":"https:\/\/stepienybarno.es\/blog\/wp-json\/wp\/v2\/comments?post=18343"}],"version-history":[{"count":3,"href":"https:\/\/stepienybarno.es\/blog\/wp-json\/wp\/v2\/posts\/18343\/revisions"}],"predecessor-version":[{"id":18347,"href":"https:\/\/stepienybarno.es\/blog\/wp-json\/wp\/v2\/posts\/18343\/revisions\/18347"}],"wp:attachment":[{"href":"https:\/\/stepienybarno.es\/blog\/wp-json\/wp\/v2\/media?parent=18343"}],"wp:term":[{"taxonomy":"category","embeddable":true,"href":"https:\/\/stepienybarno.es\/blog\/wp-json\/wp\/v2\/categories?post=18343"},{"taxonomy":"post_tag","embeddable":true,"href":"https:\/\/stepienybarno.es\/blog\/wp-json\/wp\/v2\/tags?post=18343"},{"taxonomy":"series","embeddable":true,"href":"https:\/\/stepienybarno.es\/blog\/wp-json\/wp\/v2\/series?post=18343"}],"curies":[{"name":"wp","href":"https:\/\/api.w.org\/{rel}","templated":true}]}}