{"id":18399,"date":"2015-09-04T11:26:17","date_gmt":"2015-09-04T09:26:17","guid":{"rendered":"https:\/\/www.stepienybarno.es\/blog\/?p=18399"},"modified":"2015-09-04T11:39:32","modified_gmt":"2015-09-04T09:39:32","slug":"los-ojos-de-le-corbusier-el-paisaje-representado-en-croquis","status":"publish","type":"post","link":"https:\/\/stepienybarno.es\/blog\/2015\/09\/04\/los-ojos-de-le-corbusier-el-paisaje-representado-en-croquis\/","title":{"rendered":"LOS OJOS DE LE CORBUSIER: EL PAISAJE REPRESENTADO EN CROQUIS"},"content":{"rendered":"<p><a href=\"https:\/\/stepienybarno.es\/blog\/wp-content\/uploads\/2015\/09\/Stepienybarno-stepien-y-barno-blog-plataforma-arquitectura-le-corbusier.jpg\"><img loading=\"lazy\" decoding=\"async\" class=\"aligncenter size-full wp-image-18400\" title=\"Stepienybarno-stepien-y-barno-blog-plataforma-arquitectura-le-corbusier\" src=\"https:\/\/stepienybarno.es\/blog\/wp-content\/uploads\/2015\/09\/Stepienybarno-stepien-y-barno-blog-plataforma-arquitectura-le-corbusier.jpg\" alt=\"Stepienybarno-stepien-y-barno-blog-plataforma-arquitectura-le-corbusier\" width=\"500\" height=\"142\" srcset=\"https:\/\/stepienybarno.es\/blog\/wp-content\/uploads\/2015\/09\/Stepienybarno-stepien-y-barno-blog-plataforma-arquitectura-le-corbusier.jpg 500w, https:\/\/stepienybarno.es\/blog\/wp-content\/uploads\/2015\/09\/Stepienybarno-stepien-y-barno-blog-plataforma-arquitectura-le-corbusier-180x51.jpg 180w, https:\/\/stepienybarno.es\/blog\/wp-content\/uploads\/2015\/09\/Stepienybarno-stepien-y-barno-blog-plataforma-arquitectura-le-corbusier-316x90.jpg 316w\" sizes=\"(max-width: 500px) 100vw, 500px\" \/><\/a><\/p>\n<p><span style=\"font-weight: normal;\">Jos\u00e9 Tom\u00e1s Franco Desde <\/span><a style=\"font-weight: normal;\" href=\"http:\/\/www.plataformaarquitectura.cl\/\">Plataforma Arquitectura<\/a><!--more--><\/p>\n<p>\u201cMuchos art\u00edculos de investigaci\u00f3n, maestr\u00eda y tesis doctorales se han realizado en relaci\u00f3n a \u00ablo que realmente ve\u00eda Le Corbusier\u00bb. En este art\u00edculo no hay discusi\u00f3n, no hay nuevas interpretaciones. Son s\u00f3lo bocetos, frases sueltas, y una misi\u00f3n:\u00a0intentar\u00a0ver lo que ve\u00eda\u00a0<a href=\"http:\/\/www.plataformaarquitectura.cl\/cl\/tag\/le-corbusier\">Le Corbusier<\/a>, o mejor dicho, lo que decidi\u00f3 (y no decidi\u00f3) ver,\u00a0y lo que decidi\u00f3 transformar.<\/p>\n<p>El\u00a0<a href=\"http:\/\/www.plataformaarquitectura.cl\/cl\/tag\/paisaje\">paisaje<\/a> tiene una importante presencia en los croquis\u00a0de\u00a0<a href=\"http:\/\/www.plataformaarquitectura.cl\/cl\/tag\/le-corbusier\">Le Corbusier<\/a>. Es una constante que define distintos tipos de dise\u00f1o, diferentes entre s\u00ed. La ruta que realizaremos\u00a0muestra los\u00a0cinco temas principales de este conjunto:<em> <\/em><em>la naturaleza, el horizonte, la m\u00e1quina, la ventana y la terraza<\/em>. El\u00a0<a href=\"http:\/\/www.plataformaarquitectura.cl\/cl\/tag\/paisaje\">paisaje<\/a> como una herramienta de dise\u00f1o arquitect\u00f3nico.<\/p>\n<p><em><strong>\u00abUna personalidad respetable estaba, entretanto, presente, era\u00a0el\u00a0<a href=\"http:\/\/www.plataformaarquitectura.cl\/cl\/tag\/paisaje\">paisaje<\/a>, los cuatro horizontes. Son ellos\u00a0los que daban\u00a0las \u00f3rdenes\u00bb.<\/strong><\/em><strong><em> <\/em><\/strong><\/p>\n<h3>La\u00a0Natureza<\/h3>\n<p>Los promontorios y las \u00abformas ac\u00fasticas\u00bb (la vista desde abajo)<strong> <\/strong>(\u2026)\u201d<\/p>\n<p><strong> <\/strong><\/p>\n<blockquote>\n<p align=\"center\">Acceder al art\u00edculo,\u00a0<a href=\"http:\/\/www.plataformaarquitectura.cl\/cl\/773022\/los-ojos-de-le-corbusier-el-paisaje-representado-en-croquis\" target=\"_blank\">AQU\u00cd<\/a><\/p>\n<\/blockquote>\n<p><a href=\"http:\/\/www.lacol.org\/\"><\/a><\/p>\n<p><em><span style=\"color: #888888;\">Noticia seleccionada por el Canal de arquitectura STEPIENYBARNO.<\/span><\/em><\/p>\n<p><a href=\"https:\/\/twitter.com\/stepienybarno\" target=\"_blank\"><em>STEPIENYBARNO EN TWITTER _ @stepienybarno<\/em><\/a><\/p>\n<p><a href=\"http:\/\/www.linkedin.com\/company\/stepienybarno\" target=\"_blank\"><em>STEPIENYBARNO EN LINKEDIN<\/em><\/a><\/p>\n<p><a href=\"https:\/\/www.facebook.com\/pages\/BLOG-DE-STEPIENYBARNO\/78001079029\" target=\"_blank\"><em>STEPIENYBARNO EN FACEBOOK<\/em><\/a><\/p>\n<p><em><span style=\"color: #888888;\">*Stepienybarno est\u00e1 formado por Agnieszka Stepien y Lorenzo Barn\u00f3 y desde mayo del 2009 estamos en la red con\u00a0 la presente publicaci\u00f3n digital (Blog) de arquitectura.<\/span><\/em><\/p>\n<p><em><span style=\"color: #888888;\">Nuestra actividad se sustenta en tres pilares b\u00e1sicos: la investigaci\u00f3n, la publicaci\u00f3n (comunicaci\u00f3n y difusi\u00f3n) y la redacci\u00f3n de proyectos de arquitectura.<\/span><\/em><\/p>\n<p><em><span style=\"color: #888888;\">A su vez, somos socios cofundadores de<\/span><\/em><em> <\/em><a href=\"http:\/\/sinergiasostenible.org\/\" target=\"_blank\"><em>SINERGIA SOSTENIBLE<\/em><\/a><em><span style=\"color: #888888;\">, redactores de<\/span><\/em><em> <\/em><a href=\"http:\/\/www.laciudadviva.org\/blogs\/?author=45\" target=\"_blank\"><em>LA CIUDAD VIVA<\/em><\/a><em> <\/em><span style=\"color: #888888;\"><em>y directores del blog de<\/em><em> <\/em><\/span><a href=\"http:\/\/blogfundacion.arquia.es\/\" target=\"_blank\"><em>FUNDACI\u00d3N ARQUIA<span style=\"color: #888888;\">.<\/span><\/em><\/a><\/p>\n<p><em><span style=\"color: #888888;\">* Los editores de esta publicaci\u00f3n digital no nos hacemos cargo de de los comentarios y\u00a0 conceptos vertidos en los textos firmados por otras personas, siendo \u00e9stos de responsabilidad exclusiva de sus autores.<\/span><\/em><\/p>\n<p><em><span style=\"color: #888888;\">* Tu comentario podr\u00e1 ser moderado, por lo tanto, aunque aparezca inmediatamente al ser publicado en la entrada, los editores de esta publicaci\u00f3n digital nos reservamos el derecho tanto de editarlo (si fuera necesario, para hacerlo m\u00e1s legible) como de eliminarlo en el caso de que se usen expresiones incorrectas (descalificaciones, palabras malsonantes\u2026). A su vez, si quieres comentar desde el anonimato puedes hacerlo, aunque, nosotros personalmente, agradecemos que tod@s nos podamos identificar.<\/span><\/em><\/p>\n","protected":false},"excerpt":{"rendered":"<p>Jos\u00e9 Tom\u00e1s Franco Desde Plataforma Arquitectura(m\u00e1s&#8230;)<\/p>\n","protected":false},"author":2,"featured_media":0,"comment_status":"open","ping_status":"closed","sticky":false,"template":"","format":"standard","meta":{"om_disable_all_campaigns":false,"_monsterinsights_skip_tracking":false,"_monsterinsights_sitenote_active":false,"_monsterinsights_sitenote_note":"","_monsterinsights_sitenote_category":0,"_uf_show_specific_survey":0,"_uf_disable_surveys":false,"episode_type":"","audio_file":"","cover_image":"","cover_image_id":"","duration":"","filesize":"","date_recorded":"","explicit":"","block":"","filesize_raw":"","footnotes":""},"categories":[244],"tags":[2189,921],"series":[],"class_list":["post-18399","post","type-post","status-publish","format-standard","hentry","category-canal-de-arquitectura","tag-jose-tomas-franco","tag-plataforma-arquitectura"],"aioseo_notices":[],"episode_featured_image":false,"episode_player_image":"https:\/\/stepienybarno.es\/blog\/wp-content\/uploads\/2020\/11\/stepienybarno-podcast-scaled.jpg","download_link":"","player_link":"","audio_player":false,"episode_data":{"playerMode":"dark","subscribeUrls":[],"rssFeedUrl":"https:\/\/stepienybarno.es\/blog\/feed\/podcast\/podcast-de-stepienybarno","embedCode":"<blockquote class=\"wp-embedded-content\" data-secret=\"Lr7o9SJWnw\"><a href=\"https:\/\/stepienybarno.es\/blog\/2015\/09\/04\/los-ojos-de-le-corbusier-el-paisaje-representado-en-croquis\/\">LOS OJOS DE LE CORBUSIER: EL PAISAJE REPRESENTADO EN CROQUIS<\/a><\/blockquote><iframe sandbox=\"allow-scripts\" security=\"restricted\" src=\"https:\/\/stepienybarno.es\/blog\/2015\/09\/04\/los-ojos-de-le-corbusier-el-paisaje-representado-en-croquis\/embed\/#?secret=Lr7o9SJWnw\" width=\"500\" height=\"350\" title=\"\u00abLOS OJOS DE LE CORBUSIER: EL PAISAJE REPRESENTADO EN CROQUIS\u00bb \u2014 Blog de STEPIEN Y BARNO - publicaci\u00f3n digital sobre arquitectura\" data-secret=\"Lr7o9SJWnw\" frameborder=\"0\" marginwidth=\"0\" marginheight=\"0\" scrolling=\"no\" class=\"wp-embedded-content\"><\/iframe><script type=\"text\/javascript\">\n\/* <![CDATA[ *\/\n\/*! This file is auto-generated *\/\n!function(d,l){\"use strict\";l.querySelector&&d.addEventListener&&\"undefined\"!=typeof URL&&(d.wp=d.wp||{},d.wp.receiveEmbedMessage||(d.wp.receiveEmbedMessage=function(e){var t=e.data;if((t||t.secret||t.message||t.value)&&!\/[^a-zA-Z0-9]\/.test(t.secret)){for(var s,r,n,a=l.querySelectorAll('iframe[data-secret=\"'+t.secret+'\"]'),o=l.querySelectorAll('blockquote[data-secret=\"'+t.secret+'\"]'),c=new RegExp(\"^https?:$\",\"i\"),i=0;i<o.length;i++)o[i].style.display=\"none\";for(i=0;i<a.length;i++)s=a[i],e.source===s.contentWindow&&(s.removeAttribute(\"style\"),\"height\"===t.message?(1e3<(r=parseInt(t.value,10))?r=1e3:~~r<200&&(r=200),s.height=r):\"link\"===t.message&&(r=new URL(s.getAttribute(\"src\")),n=new URL(t.value),c.test(n.protocol))&&n.host===r.host&&l.activeElement===s&&(d.top.location.href=t.value))}},d.addEventListener(\"message\",d.wp.receiveEmbedMessage,!1),l.addEventListener(\"DOMContentLoaded\",function(){for(var e,t,s=l.querySelectorAll(\"iframe.wp-embedded-content\"),r=0;r<s.length;r++)(t=(e=s[r]).getAttribute(\"data-secret\"))||(t=Math.random().toString(36).substring(2,12),e.src+=\"#?secret=\"+t,e.setAttribute(\"data-secret\",t)),e.contentWindow.postMessage({message:\"ready\",secret:t},\"*\")},!1)))}(window,document);\n\/* ]]> *\/\n<\/script>\n"},"_links":{"self":[{"href":"https:\/\/stepienybarno.es\/blog\/wp-json\/wp\/v2\/posts\/18399"}],"collection":[{"href":"https:\/\/stepienybarno.es\/blog\/wp-json\/wp\/v2\/posts"}],"about":[{"href":"https:\/\/stepienybarno.es\/blog\/wp-json\/wp\/v2\/types\/post"}],"author":[{"embeddable":true,"href":"https:\/\/stepienybarno.es\/blog\/wp-json\/wp\/v2\/users\/2"}],"replies":[{"embeddable":true,"href":"https:\/\/stepienybarno.es\/blog\/wp-json\/wp\/v2\/comments?post=18399"}],"version-history":[{"count":4,"href":"https:\/\/stepienybarno.es\/blog\/wp-json\/wp\/v2\/posts\/18399\/revisions"}],"predecessor-version":[{"id":18402,"href":"https:\/\/stepienybarno.es\/blog\/wp-json\/wp\/v2\/posts\/18399\/revisions\/18402"}],"wp:attachment":[{"href":"https:\/\/stepienybarno.es\/blog\/wp-json\/wp\/v2\/media?parent=18399"}],"wp:term":[{"taxonomy":"category","embeddable":true,"href":"https:\/\/stepienybarno.es\/blog\/wp-json\/wp\/v2\/categories?post=18399"},{"taxonomy":"post_tag","embeddable":true,"href":"https:\/\/stepienybarno.es\/blog\/wp-json\/wp\/v2\/tags?post=18399"},{"taxonomy":"series","embeddable":true,"href":"https:\/\/stepienybarno.es\/blog\/wp-json\/wp\/v2\/series?post=18399"}],"curies":[{"name":"wp","href":"https:\/\/api.w.org\/{rel}","templated":true}]}}