{"id":18414,"date":"2015-09-08T09:37:35","date_gmt":"2015-09-08T07:37:35","guid":{"rendered":"https:\/\/www.stepienybarno.es\/blog\/?p=18414"},"modified":"2015-09-08T09:37:35","modified_gmt":"2015-09-08T07:37:35","slug":"okupa-la-calle-crea-una-plaza-okuplaza","status":"publish","type":"post","link":"https:\/\/stepienybarno.es\/blog\/2015\/09\/08\/okupa-la-calle-crea-una-plaza-okuplaza\/","title":{"rendered":"OKUPA LA CALLE, CREA UNA PLAZA: #OKUPLAZA"},"content":{"rendered":"<p><a href=\"https:\/\/stepienybarno.es\/blog\/wp-content\/uploads\/2015\/09\/Stepienybarno-stepien-y-barno-blog-smartcitizens.jpg\"><img loading=\"lazy\" decoding=\"async\" class=\"aligncenter size-full wp-image-18415\" title=\"Stepienybarno-stepien-y-barno-blog-smartcitizens\" src=\"https:\/\/stepienybarno.es\/blog\/wp-content\/uploads\/2015\/09\/Stepienybarno-stepien-y-barno-blog-smartcitizens.jpg\" alt=\"Stepienybarno-stepien-y-barno-blog-smartcitizens\" width=\"500\" height=\"233\" srcset=\"https:\/\/stepienybarno.es\/blog\/wp-content\/uploads\/2015\/09\/Stepienybarno-stepien-y-barno-blog-smartcitizens.jpg 500w, https:\/\/stepienybarno.es\/blog\/wp-content\/uploads\/2015\/09\/Stepienybarno-stepien-y-barno-blog-smartcitizens-180x84.jpg 180w, https:\/\/stepienybarno.es\/blog\/wp-content\/uploads\/2015\/09\/Stepienybarno-stepien-y-barno-blog-smartcitizens-316x147.jpg 316w\" sizes=\"(max-width: 500px) 100vw, 500px\" \/><\/a><\/p>\n<p>Por <a title=\"Ver todas las entradas de smartcitizenscc\" href=\"http:\/\/smartcitizens.cc\/\" target=\"_blank\">smartcitizenscc<\/a><\/p>\n<p><!--more--><\/p>\n<p>\u201cEn Chile, las calles se transforman en espacios p\u00fablicos durante la noche:\u00a0<strong>Okuplaza son una serie de intervenciones urbanas ef\u00edmeras \u00a0coordinadas por el colectivo<\/strong><strong> <\/strong><strong><a href=\"http:\/\/www.ciudademergente.org\/\">Ciudad Emergente<\/a><\/strong><strong> <\/strong><strong>en la Valpara\u00edso y Santiago de Chile.<\/strong> La primera toma el nombre de Okuplaza C\u00edvica y estuvo dirigida a dar vida a un gran teatro expositivo; mientras que la segunda, Okuplaza San Diego, estuvo centrada en posicionar un cambio de largo plazo en la forma de habitar el eje San Diego-Bandera en la comuna de Santiago Centro de la capital chilena.<\/p>\n<p>La intervenci\u00f3n\u00a0<strong><a href=\"http:\/\/www.ciudademergente.org\/okuplaza\/okuplaza-san-diego\/\" target=\"_blank\">Okuplaza San Diego<\/a> es un proyecto impulsado por la\u00a0<a href=\"http:\/\/www.ciudademergente.org\/\" target=\"_blank\">Fundaci\u00f3n Ciudad Emergente<\/a>junto a la\u00a0<a href=\"http:\/\/www.udd.cl\/\" target=\"_blank\">Universidad del Desarrollo<\/a><\/strong> y se enmarca dentro del contexto del workshop anual de la Escuela de Arquitectura de la\u00a0<a href=\"http:\/\/www.udd.cl\/\" target=\"_blank\">Universidad del Desarrollo<\/a> y es desarrollado en conjunto con un equipo docente de la UDD, la\u00a0<a href=\"http:\/\/www.ciudademergente.org\/okuplaza\/www.municipalidaddesantiago.cl\/%E2%80%8E\" target=\"_blank\">Ilustre Municipalidad de Santiago<\/a> y la Secretar\u00eda Ministerial de Transporte y Telecomunicaciones, la empresa\u00a0<a href=\"https:\/\/www.facebook.com\/TecnologiaSustentableLtda\" target=\"_blank\">Tecnolog\u00eda Sustentable<\/a> y la organizaci\u00f3n Plantabanda, entre otros.<\/p>\n<p><strong>Okuplaza C\u00edvica en Valparaiso,<\/strong> en cambio, se realiz\u00f3 en base a materiales reciclados \u00a0y andamios reutilizados\u00a0en el marco del \u00a0<a href=\"http:\/\/www.cultura.gob.cl\/eventos-actividades\/festival-de-las-artes-de-valparaiso-transforma-las-plazas-sotomayor-y-justicia-en-el-barrio-de-los-ninos\/\" target=\"_blank\">Festival de las Artes de Valpara\u00edso (FAV)<\/a> y fue una iniciativa que tuvo como principal objetivo dar visibilidad a proyectos de organizaciones ciudadanas de la ciudad de Valpara\u00edso y generar instancias de di\u00e1logo entre los mismos. Fue impulsada por\u00a0<a title=\"Ciudad Emergente\" href=\"http:\/\/www.ciudademergente.org\/\" target=\"_blank\">Ciudad Emergente<\/a> en conjunto con la\u00a0<a href=\"http:\/\/www.ead.pucv.cl\/\" target=\"_blank\">Escuela de Dise\u00f1o de la Universidad Cat\u00f3lica de Valpara\u00edso<\/a> y el\u00a0<a href=\"http:\/\/www.cultura.gob.cl\/\" target=\"_blank\">Consejo Nacional de la Cultura y las Artes<\/a>. (\u2026)\u201d<\/p>\n<p><strong> <\/strong><\/p>\n<blockquote>\n<p align=\"center\">Acceder al art\u00edculo,\u00a0<a href=\"http:\/\/smartcitizens.cc\/2014\/04\/18\/okupa-la-calle-crea-una-plaza-okuplaza\/\" target=\"_blank\">AQU\u00cd<\/a><\/p>\n<\/blockquote>\n<p><a href=\"http:\/\/www.lacol.org\/\"><\/a><\/p>\n<p><em><span style=\"color: #888888;\">Noticia seleccionada por el Canal de arquitectura STEPIENYBARNO.<\/span><\/em><\/p>\n<p><a href=\"https:\/\/twitter.com\/stepienybarno\" target=\"_blank\"><em>STEPIENYBARNO EN TWITTER _ @stepienybarno<\/em><\/a><\/p>\n<p><a href=\"http:\/\/www.linkedin.com\/company\/stepienybarno\" target=\"_blank\"><em>STEPIENYBARNO EN LINKEDIN<\/em><\/a><\/p>\n<p><a href=\"https:\/\/www.facebook.com\/pages\/BLOG-DE-STEPIENYBARNO\/78001079029\" target=\"_blank\"><em>STEPIENYBARNO EN FACEBOOK<\/em><\/a><\/p>\n<p><em><span style=\"color: #888888;\">*Stepienybarno est\u00e1 formado por Agnieszka Stepien y Lorenzo Barn\u00f3 y desde mayo del 2009 estamos en la red con\u00a0 la presente publicaci\u00f3n digital (Blog) de arquitectura.<\/span><\/em><\/p>\n<p><em><span style=\"color: #888888;\">Nuestra actividad se sustenta en tres pilares b\u00e1sicos: la investigaci\u00f3n, la publicaci\u00f3n (comunicaci\u00f3n y difusi\u00f3n) y la redacci\u00f3n de proyectos de arquitectura.<\/span><\/em><\/p>\n<p><em><span style=\"color: #888888;\">A su vez, somos socios cofundadores de<\/span><\/em><em> <\/em><a href=\"http:\/\/sinergiasostenible.org\/\" target=\"_blank\"><em>SINERGIA SOSTENIBLE<\/em><\/a><em><span style=\"color: #888888;\">, redactores de<\/span><\/em><em> <\/em><a href=\"http:\/\/www.laciudadviva.org\/blogs\/?author=45\" target=\"_blank\"><em>LA CIUDAD VIVA<\/em><\/a><span style=\"color: #888888;\"><em> <\/em><em>y directores del blog de<\/em><em> <\/em><\/span><a href=\"http:\/\/blogfundacion.arquia.es\/\" target=\"_blank\"><em>FUNDACI\u00d3N ARQUIA<span style=\"color: #888888;\">.<\/span><\/em><\/a><\/p>\n<p><em><span style=\"color: #888888;\">* Los editores de esta publicaci\u00f3n digital no nos hacemos cargo de de los comentarios y\u00a0 conceptos vertidos en los textos firmados por otras personas, siendo \u00e9stos de responsabilidad exclusiva de sus autores.<\/span><\/em><\/p>\n<p><em><span style=\"color: #888888;\">* Tu comentario podr\u00e1 ser moderado, por lo tanto, aunque aparezca inmediatamente al ser publicado en la entrada, los editores de esta publicaci\u00f3n digital nos reservamos el derecho tanto de editarlo (si fuera necesario, para hacerlo m\u00e1s legible) como de eliminarlo en el caso de que se usen expresiones incorrectas (descalificaciones, palabras malsonantes\u2026). A su vez, si quieres comentar desde el anonimato puedes hacerlo, aunque, nosotros personalmente, agradecemos que tod@s nos podamos identificar.<\/span><\/em><\/p>\n","protected":false},"excerpt":{"rendered":"<p>Por smartcitizenscc<\/p>\n<p>(m\u00e1s&#8230;)<\/p>\n","protected":false},"author":2,"featured_media":0,"comment_status":"open","ping_status":"closed","sticky":false,"template":"","format":"standard","meta":{"om_disable_all_campaigns":false,"_monsterinsights_skip_tracking":false,"_monsterinsights_sitenote_active":false,"_monsterinsights_sitenote_note":"","_monsterinsights_sitenote_category":0,"_uf_show_specific_survey":0,"_uf_disable_surveys":false,"episode_type":"","audio_file":"","cover_image":"","cover_image_id":"","duration":"","filesize":"","date_recorded":"","explicit":"","block":"","filesize_raw":"","footnotes":""},"categories":[244],"tags":[3653],"series":[],"class_list":["post-18414","post","type-post","status-publish","format-standard","hentry","category-canal-de-arquitectura","tag-smartcitizenscc"],"aioseo_notices":[],"episode_featured_image":false,"episode_player_image":"https:\/\/stepienybarno.es\/blog\/wp-content\/uploads\/2020\/11\/stepienybarno-podcast-scaled.jpg","download_link":"","player_link":"","audio_player":false,"episode_data":{"playerMode":"dark","subscribeUrls":[],"rssFeedUrl":"https:\/\/stepienybarno.es\/blog\/feed\/podcast\/podcast-de-stepienybarno","embedCode":"<blockquote class=\"wp-embedded-content\" data-secret=\"xFYFsEabtO\"><a href=\"https:\/\/stepienybarno.es\/blog\/2015\/09\/08\/okupa-la-calle-crea-una-plaza-okuplaza\/\">OKUPA LA CALLE, CREA UNA PLAZA: #OKUPLAZA<\/a><\/blockquote><iframe sandbox=\"allow-scripts\" security=\"restricted\" src=\"https:\/\/stepienybarno.es\/blog\/2015\/09\/08\/okupa-la-calle-crea-una-plaza-okuplaza\/embed\/#?secret=xFYFsEabtO\" width=\"500\" height=\"350\" title=\"\u00abOKUPA LA CALLE, CREA UNA PLAZA: #OKUPLAZA\u00bb \u2014 Blog de STEPIEN Y BARNO - publicaci\u00f3n digital sobre arquitectura\" data-secret=\"xFYFsEabtO\" frameborder=\"0\" marginwidth=\"0\" marginheight=\"0\" scrolling=\"no\" class=\"wp-embedded-content\"><\/iframe><script type=\"text\/javascript\">\n\/* <![CDATA[ *\/\n\/*! This file is auto-generated *\/\n!function(d,l){\"use strict\";l.querySelector&&d.addEventListener&&\"undefined\"!=typeof URL&&(d.wp=d.wp||{},d.wp.receiveEmbedMessage||(d.wp.receiveEmbedMessage=function(e){var t=e.data;if((t||t.secret||t.message||t.value)&&!\/[^a-zA-Z0-9]\/.test(t.secret)){for(var s,r,n,a=l.querySelectorAll('iframe[data-secret=\"'+t.secret+'\"]'),o=l.querySelectorAll('blockquote[data-secret=\"'+t.secret+'\"]'),c=new RegExp(\"^https?:$\",\"i\"),i=0;i<o.length;i++)o[i].style.display=\"none\";for(i=0;i<a.length;i++)s=a[i],e.source===s.contentWindow&&(s.removeAttribute(\"style\"),\"height\"===t.message?(1e3<(r=parseInt(t.value,10))?r=1e3:~~r<200&&(r=200),s.height=r):\"link\"===t.message&&(r=new URL(s.getAttribute(\"src\")),n=new URL(t.value),c.test(n.protocol))&&n.host===r.host&&l.activeElement===s&&(d.top.location.href=t.value))}},d.addEventListener(\"message\",d.wp.receiveEmbedMessage,!1),l.addEventListener(\"DOMContentLoaded\",function(){for(var e,t,s=l.querySelectorAll(\"iframe.wp-embedded-content\"),r=0;r<s.length;r++)(t=(e=s[r]).getAttribute(\"data-secret\"))||(t=Math.random().toString(36).substring(2,12),e.src+=\"#?secret=\"+t,e.setAttribute(\"data-secret\",t)),e.contentWindow.postMessage({message:\"ready\",secret:t},\"*\")},!1)))}(window,document);\n\/* ]]> *\/\n<\/script>\n"},"_links":{"self":[{"href":"https:\/\/stepienybarno.es\/blog\/wp-json\/wp\/v2\/posts\/18414"}],"collection":[{"href":"https:\/\/stepienybarno.es\/blog\/wp-json\/wp\/v2\/posts"}],"about":[{"href":"https:\/\/stepienybarno.es\/blog\/wp-json\/wp\/v2\/types\/post"}],"author":[{"embeddable":true,"href":"https:\/\/stepienybarno.es\/blog\/wp-json\/wp\/v2\/users\/2"}],"replies":[{"embeddable":true,"href":"https:\/\/stepienybarno.es\/blog\/wp-json\/wp\/v2\/comments?post=18414"}],"version-history":[{"count":2,"href":"https:\/\/stepienybarno.es\/blog\/wp-json\/wp\/v2\/posts\/18414\/revisions"}],"predecessor-version":[{"id":18417,"href":"https:\/\/stepienybarno.es\/blog\/wp-json\/wp\/v2\/posts\/18414\/revisions\/18417"}],"wp:attachment":[{"href":"https:\/\/stepienybarno.es\/blog\/wp-json\/wp\/v2\/media?parent=18414"}],"wp:term":[{"taxonomy":"category","embeddable":true,"href":"https:\/\/stepienybarno.es\/blog\/wp-json\/wp\/v2\/categories?post=18414"},{"taxonomy":"post_tag","embeddable":true,"href":"https:\/\/stepienybarno.es\/blog\/wp-json\/wp\/v2\/tags?post=18414"},{"taxonomy":"series","embeddable":true,"href":"https:\/\/stepienybarno.es\/blog\/wp-json\/wp\/v2\/series?post=18414"}],"curies":[{"name":"wp","href":"https:\/\/api.w.org\/{rel}","templated":true}]}}