{"id":18552,"date":"2015-09-28T21:02:39","date_gmt":"2015-09-28T19:02:39","guid":{"rendered":"https:\/\/www.stepienybarno.es\/blog\/?p=18552"},"modified":"2015-09-28T21:02:39","modified_gmt":"2015-09-28T19:02:39","slug":"stepienybarno-participara-en-el-pecharkucha15","status":"publish","type":"post","link":"https:\/\/stepienybarno.es\/blog\/2015\/09\/28\/stepienybarno-participara-en-el-pecharkucha15\/","title":{"rendered":"STEPIENYBARNO PARTICIPAR\u00c1 EN EL PECHARKUCHA15"},"content":{"rendered":"<p style=\"text-align: center;\"><a href=\"https:\/\/stepienybarno.es\/blog\/wp-content\/uploads\/2015\/09\/Stepienybarno-blog-PechARKucha-15-@COAVNavarra-coavn.jpg\"><\/a><a href=\"https:\/\/stepienybarno.es\/blog\/wp-content\/uploads\/2015\/09\/PECHA-KUTXA-STEPIENYBARNO.png\"><img loading=\"lazy\" decoding=\"async\" class=\"aligncenter size-full wp-image-18554\" title=\"PECHA-KUTXA-STEPIENYBARNO\" src=\"https:\/\/stepienybarno.es\/blog\/wp-content\/uploads\/2015\/09\/PECHA-KUTXA-STEPIENYBARNO.png\" alt=\"PECHA-KUTXA-STEPIENYBARNO\" width=\"350\" height=\"329\" srcset=\"https:\/\/stepienybarno.es\/blog\/wp-content\/uploads\/2015\/09\/PECHA-KUTXA-STEPIENYBARNO.png 350w, https:\/\/stepienybarno.es\/blog\/wp-content\/uploads\/2015\/09\/PECHA-KUTXA-STEPIENYBARNO-180x169.png 180w, https:\/\/stepienybarno.es\/blog\/wp-content\/uploads\/2015\/09\/PECHA-KUTXA-STEPIENYBARNO-316x297.png 316w\" sizes=\"(max-width: 350px) 100vw, 350px\" \/><\/a><\/p>\n<p>Gracias a la gentil invitaci\u00f3n del COAVN_Navarra Stepienybarno estar\u00e1 \u00a0presente en esta fiesta de la arquitectura. Hace tiempo participamos en varios Pecha Kutxas, incluso como organizadores, y es un evento al que le tenemos especial cari\u00f1o.<\/p>\n<p>La lista de ponentes creemos que est\u00e1 muy bien y a buen seguro que pasemos un rato genial.<\/p>\n<p><!--more--><\/p>\n<blockquote><p><strong>PONENTES:<\/strong><\/p>\n<p><strong>STEPIENYBARNO<\/strong><\/p>\n<p>La Nueva Era Digital<\/p>\n<p><strong>EDURNE RAM\u00cdREZ<\/strong><\/p>\n<p>Unoauna. Dise\u00f1o y creaci\u00f3n de piezas tejidas \u00fanicas<\/p>\n<p><strong>ASER LONG\u00c1S<\/strong><\/p>\n<p>Arquitectura, escultura, mobiliario<\/p>\n<p><strong>SARA L\u00d3PEZ LAGUNAS<\/strong><\/p>\n<p>MiroMiro. De tiendas\u00a0<em>on line<\/em><\/p>\n<p><strong>MIREN Y EDURNE P\u00c9REZ D\u00cdAZ DE ARCAYA<\/strong><\/p>\n<p>Idea, proyecto y ejecuci\u00f3n de un \u00e1lbum ilustrado<\/p>\n<p><strong>ENRIQUE KAHLE<\/strong><\/p>\n<p>DVelas. Mobiliario inspirado en la navegaci\u00f3n<\/p>\n<p><strong>MIREN KONTXESI VICENTE ISIEGAS<\/strong><\/p>\n<p>Trayectorias\/ Ibilbideak<\/p>\n<p><strong>ANA GARC\u00cdA D\u00cdEZ<\/strong><\/p>\n<p>Escenograf\u00edas<\/p>\n<p><strong>RAUL MONTERO Y EMILIO PARDO<\/strong><\/p>\n<p>Radicales libres<\/p>\n<p><strong>EDURNE IRIARTE<\/strong><\/p>\n<p>C\u00f3mo me convert\u00ed en dibujante urbana<\/p>\n<p><strong>PACO POL\u00c1N<\/strong><\/p>\n<p>Muertes construidas<\/p><\/blockquote>\n<blockquote>\n<p style=\"text-align: center;\"><strong><span style=\"color: #ff0000;\">M\u00e1s sobre el evento, <a href=\"http:\/\/www.coavna.com\/pecharkucha15\/\">AQU\u00cd.<\/a><\/span><\/strong><\/p>\n<\/blockquote>\n<p style=\"text-align: center;\"><img loading=\"lazy\" decoding=\"async\" class=\"aligncenter\" style=\"color: #0000ee; text-align: center;\" title=\"Stepienybarno-blog- PechARKucha 15- @COAVNavarra -coavn\" src=\"https:\/\/stepienybarno.es\/blog\/wp-content\/uploads\/2015\/09\/Stepienybarno-blog-PechARKucha-15-@COAVNavarra-coavn-494x700.jpg\" alt=\"Stepienybarno-blog- PechARKucha 15- @COAVNavarra -coavn\" width=\"494\" height=\"700\" \/><\/p>\n<p>* <span style=\"color: #808080;\">Este art\u00edculo ha sido escrito con car\u00e1cter divulgativo y sin ning\u00fan tipo de \u00e1nimo de lucro. As\u00ed que, si te apetece compartirlo en cualquier otro medio, estaremos encantados de que lo hagas siempre y cuando cites el lugar donde lo has encontrado.<\/span><\/p>\n<p><a href=\"https:\/\/twitter.com\/stepienybarno\"><span style=\"color: #808080;\">STEPIENYBARNO EN TWITTER _ @stepienybarno<\/span><\/a><\/p>\n<p><a href=\"http:\/\/www.linkedin.com\/company\/stepienybarno\"><span style=\"color: #808080;\">STEPIENYBARNO EN LINKEDIN<\/span><\/a><\/p>\n<p><a href=\"https:\/\/www.facebook.com\/pages\/BLOG-DE-STEPIENYBARNO\/78001079029\"><span style=\"color: #808080;\">STEPIENYBARNO EN FACEBOOK<\/span><\/a><\/p>\n<p><span style=\"color: #808080;\">* Stepienybarno est\u00e1 formado por Agnieszka Stepien y Lorenzo Barn\u00f3 y desde mayo del 2009 estamos en la red con\u00a0 la presente publicaci\u00f3n digital (Blog) de arquitectura.<\/span><\/p>\n<p><span style=\"color: #808080;\">Nuestra actividad se sustenta en tres pilares b\u00e1sicos: la investigaci\u00f3n, la publicaci\u00f3n y la redacci\u00f3n de proyectos de arquitectura.<\/span><\/p>\n<p align=\"left\"><span style=\"color: #808080;\">A su vez, somos socios cofundadores de <a href=\"http:\/\/sinergiasostenible.org\/\">SINERGIA SOSTENIBLE<\/a>, redactores de <a href=\"http:\/\/www.laciudadviva.org\/blogs\/?author=45\">LA CIUDAD VIVA<\/a> y directores del blog de FUNDACI\u00d3N ARQUIA.<\/span><\/p>\n<p><span style=\"color: #808080;\">* Los editores de esta publicaci\u00f3n digital no nos hacemos cargo de de los comentarios y\u00a0 conceptos vertidos en los textos firmados por otras personas, siendo \u00e9stos de responsabilidad exclusiva de sus autores.<\/span><\/p>\n<p><span style=\"color: #808080;\">* Tu comentario pudiera ser moderado, por lo tanto, aunque aparezca inmediatamente al ser publicado en la entrada, los editores de esta publicaci\u00f3n digital nos reservamos el derecho tanto de editarlo (si fuera necesario, para hacerlo m\u00e1s legible) como de eliminarlo en el caso de que se usen expresiones incorrectas (descalificaciones, palabras malsonantes\u2026). A su vez, si quieres comentar desde el anonimato puedes hacerlo, aunque, nosotros personalmente, agradecemos que tod@s nos podamos identificar.<\/span><\/p>\n<div><\/div>\n","protected":false},"excerpt":{"rendered":"<p>Gracias a la gentil invitaci\u00f3n del COAVN_Navarra Stepienybarno estar\u00e1  presente en esta fiesta de la arquitectura. Hace tiempo participamos en varios Pecha Kutxas, incluso como organizadores, y es un evento al que le tenemos especial cari\u00f1o.<\/p>\n<p>La lista de ponentes creemos que est\u00e1 muy bien y a buen seguro que pasemos un rato genial.<\/p>\n<p>(m\u00e1s&#8230;)<\/p>\n","protected":false},"author":2,"featured_media":0,"comment_status":"open","ping_status":"closed","sticky":false,"template":"","format":"standard","meta":{"om_disable_all_campaigns":false,"_monsterinsights_skip_tracking":false,"_monsterinsights_sitenote_active":false,"_monsterinsights_sitenote_note":"","_monsterinsights_sitenote_category":0,"_uf_show_specific_survey":0,"_uf_disable_surveys":false,"episode_type":"","audio_file":"","cover_image":"","cover_image_id":"","duration":"","filesize":"","date_recorded":"","explicit":"","block":"","filesize_raw":"","footnotes":""},"categories":[34,22],"tags":[],"series":[],"class_list":["post-18552","post","type-post","status-publish","format-standard","hentry","category-actualidad","category-identidad-digital-syb"],"aioseo_notices":[],"episode_featured_image":false,"episode_player_image":"https:\/\/stepienybarno.es\/blog\/wp-content\/uploads\/2020\/11\/stepienybarno-podcast-scaled.jpg","download_link":"","player_link":"","audio_player":false,"episode_data":{"playerMode":"dark","subscribeUrls":[],"rssFeedUrl":"https:\/\/stepienybarno.es\/blog\/feed\/podcast\/podcast-de-stepienybarno","embedCode":"<blockquote class=\"wp-embedded-content\" data-secret=\"PMW5hbfxbQ\"><a href=\"https:\/\/stepienybarno.es\/blog\/2015\/09\/28\/stepienybarno-participara-en-el-pecharkucha15\/\">STEPIENYBARNO PARTICIPAR\u00c1 EN EL PECHARKUCHA15<\/a><\/blockquote><iframe sandbox=\"allow-scripts\" security=\"restricted\" src=\"https:\/\/stepienybarno.es\/blog\/2015\/09\/28\/stepienybarno-participara-en-el-pecharkucha15\/embed\/#?secret=PMW5hbfxbQ\" width=\"500\" height=\"350\" title=\"\u00abSTEPIENYBARNO PARTICIPAR\u00c1 EN EL PECHARKUCHA15\u00bb \u2014 Blog de STEPIEN Y BARNO - publicaci\u00f3n digital sobre arquitectura\" data-secret=\"PMW5hbfxbQ\" frameborder=\"0\" marginwidth=\"0\" marginheight=\"0\" scrolling=\"no\" class=\"wp-embedded-content\"><\/iframe><script type=\"text\/javascript\">\n\/* <![CDATA[ *\/\n\/*! This file is auto-generated *\/\n!function(d,l){\"use strict\";l.querySelector&&d.addEventListener&&\"undefined\"!=typeof URL&&(d.wp=d.wp||{},d.wp.receiveEmbedMessage||(d.wp.receiveEmbedMessage=function(e){var t=e.data;if((t||t.secret||t.message||t.value)&&!\/[^a-zA-Z0-9]\/.test(t.secret)){for(var s,r,n,a=l.querySelectorAll('iframe[data-secret=\"'+t.secret+'\"]'),o=l.querySelectorAll('blockquote[data-secret=\"'+t.secret+'\"]'),c=new RegExp(\"^https?:$\",\"i\"),i=0;i<o.length;i++)o[i].style.display=\"none\";for(i=0;i<a.length;i++)s=a[i],e.source===s.contentWindow&&(s.removeAttribute(\"style\"),\"height\"===t.message?(1e3<(r=parseInt(t.value,10))?r=1e3:~~r<200&&(r=200),s.height=r):\"link\"===t.message&&(r=new URL(s.getAttribute(\"src\")),n=new URL(t.value),c.test(n.protocol))&&n.host===r.host&&l.activeElement===s&&(d.top.location.href=t.value))}},d.addEventListener(\"message\",d.wp.receiveEmbedMessage,!1),l.addEventListener(\"DOMContentLoaded\",function(){for(var e,t,s=l.querySelectorAll(\"iframe.wp-embedded-content\"),r=0;r<s.length;r++)(t=(e=s[r]).getAttribute(\"data-secret\"))||(t=Math.random().toString(36).substring(2,12),e.src+=\"#?secret=\"+t,e.setAttribute(\"data-secret\",t)),e.contentWindow.postMessage({message:\"ready\",secret:t},\"*\")},!1)))}(window,document);\n\/* ]]> *\/\n<\/script>\n"},"_links":{"self":[{"href":"https:\/\/stepienybarno.es\/blog\/wp-json\/wp\/v2\/posts\/18552"}],"collection":[{"href":"https:\/\/stepienybarno.es\/blog\/wp-json\/wp\/v2\/posts"}],"about":[{"href":"https:\/\/stepienybarno.es\/blog\/wp-json\/wp\/v2\/types\/post"}],"author":[{"embeddable":true,"href":"https:\/\/stepienybarno.es\/blog\/wp-json\/wp\/v2\/users\/2"}],"replies":[{"embeddable":true,"href":"https:\/\/stepienybarno.es\/blog\/wp-json\/wp\/v2\/comments?post=18552"}],"version-history":[{"count":2,"href":"https:\/\/stepienybarno.es\/blog\/wp-json\/wp\/v2\/posts\/18552\/revisions"}],"predecessor-version":[{"id":18556,"href":"https:\/\/stepienybarno.es\/blog\/wp-json\/wp\/v2\/posts\/18552\/revisions\/18556"}],"wp:attachment":[{"href":"https:\/\/stepienybarno.es\/blog\/wp-json\/wp\/v2\/media?parent=18552"}],"wp:term":[{"taxonomy":"category","embeddable":true,"href":"https:\/\/stepienybarno.es\/blog\/wp-json\/wp\/v2\/categories?post=18552"},{"taxonomy":"post_tag","embeddable":true,"href":"https:\/\/stepienybarno.es\/blog\/wp-json\/wp\/v2\/tags?post=18552"},{"taxonomy":"series","embeddable":true,"href":"https:\/\/stepienybarno.es\/blog\/wp-json\/wp\/v2\/series?post=18552"}],"curies":[{"name":"wp","href":"https:\/\/api.w.org\/{rel}","templated":true}]}}