{"id":18610,"date":"2015-10-05T19:32:58","date_gmt":"2015-10-05T17:32:58","guid":{"rendered":"https:\/\/www.stepienybarno.es\/blog\/?p=18610"},"modified":"2015-10-05T11:13:27","modified_gmt":"2015-10-05T09:13:27","slug":"%c2%bfpara-que-vale-una-escuela-de-arquitectura","status":"publish","type":"post","link":"https:\/\/stepienybarno.es\/blog\/2015\/10\/05\/%c2%bfpara-que-vale-una-escuela-de-arquitectura\/","title":{"rendered":"\u00bfPARA QU\u00c9 VALE UNA ESCUELA DE ARQUITECTURA?"},"content":{"rendered":"<p><a href=\"https:\/\/stepienybarno.es\/blog\/wp-content\/uploads\/2015\/10\/stepienybarno-blog-stepien-y-barno-arquitectura-santiago-de-molina-fundacion-arquia.jpg\"><img loading=\"lazy\" decoding=\"async\" class=\"aligncenter size-medium wp-image-18611\" title=\"stepienybarno-blog-stepien-y-barno-arquitectura-santiago-de-molina-fundacion-arquia\" src=\"https:\/\/stepienybarno.es\/blog\/wp-content\/uploads\/2015\/10\/stepienybarno-blog-stepien-y-barno-arquitectura-santiago-de-molina-fundacion-arquia-350x233.jpg\" alt=\"stepienybarno-blog-stepien-y-barno-arquitectura-santiago-de-molina-fundacion-arquia\" width=\"350\" height=\"233\" \/><\/a><\/p>\n<p>Por Santiago de Molina Desde <a href=\"http:\/\/blogfundacion.arquia.es\/\" target=\"_blank\">Blog Fundaci\u00f3n Arquia<\/a><\/p>\n<p><strong><!--more--><\/strong><\/p>\n<p><strong>\u201c<\/strong><strong>Estos d\u00edas est\u00e1n entregando su trabajo final de Grado o de Carrera cientos (miles) de estudiantes por toda nuestra geograf\u00eda<\/strong>. En los pocos instantes en los que este \u00faltimo proyecto les ha dejado desocupada la cabeza, entre horas sin fin de insomnio y esfuerzo, seguramente les ha dado tiempo a plantearse el sentido de esos desvelos. Tanto, al menos, como a preguntarse por su\u00a0<strong>futuro.<\/strong><\/p>\n<p>Es de temer que no hayan encontrado una respuesta f\u00e1cil a ninguna de esas cuestiones. De hecho, seguramente la pregunta sobre\u00a0<strong>la utilidad de sus estudios y de las propias escuelas de Arquitectura<\/strong> ha latido estos d\u00edas sobre las cabezas de esos estudiantes con m\u00e1s intensidad que sobre las cabezas de los rectores de sus universidades.<\/p>\n<p><strong>Las escuelas de Arquitectura han sido tradicionalmente consideradas unas anormalidades<\/strong> tristemente soportables en una estructura acad\u00e9mica con predisposici\u00f3n a entender y estabular con sencillez los par\u00e1metros de la ingenier\u00eda o la econom\u00eda. Las escuelas de arquitectura planteando sus inexplicables excepciones y luciendo su\u00a0<strong>aparente imposibilidad de entrar en sistemas de parametrizaci\u00f3n acad\u00e9mica<\/strong>, son una indeseable fuente de sorpresas para un cuadro excel depositado sobre el cuarteado escritorio de un despacho tapizado en caoba y cuero.<strong> (\u2026)\u201d<\/strong><\/p>\n<blockquote>\n<p align=\"center\">Acceder al art\u00edculo, <a href=\"http:\/\/blogfundacion.arquia.es\/2015\/09\/para-que-vale-una-escuela-de-arquitectura\/\" target=\"_blank\">AQU\u00cd<\/a><\/p>\n<\/blockquote>\n<p><span style=\"color: #888888;\"> <em>Noticia seleccionada por el Canal de arquitectura STEPIENYBARNO.<\/em><\/span><\/p>\n<p><a href=\"https:\/\/twitter.com\/stepienybarno\" target=\"_blank\"><em>STEPIENYBARNO EN TWITTER _ @stepienybarno<\/em><\/a><\/p>\n<p><a href=\"http:\/\/www.linkedin.com\/company\/stepienybarno\" target=\"_blank\"><em>STEPIENYBARNO EN LINKEDIN<\/em><\/a><\/p>\n<p><a href=\"https:\/\/www.facebook.com\/pages\/BLOG-DE-STEPIENYBARNO\/78001079029\" target=\"_blank\"><em>STEPIENYBARNO EN FACEBOOK<\/em><\/a><\/p>\n<p><em><span style=\"color: #888888;\">*Stepienybarno est\u00e1 formado por Agnieszka Stepien y Lorenzo Barn\u00f3 y desde mayo del 2009 estamos en la red con\u00a0 la presente publicaci\u00f3n digital (Blog) de arquitectura.<\/span><\/em><\/p>\n<p><em><span style=\"color: #888888;\">Nuestra actividad se sustenta en tres pilares b\u00e1sicos: la investigaci\u00f3n, la publicaci\u00f3n (comunicaci\u00f3n y difusi\u00f3n) y la redacci\u00f3n de proyectos de arquitectura.<\/span><\/em><\/p>\n<p><span style=\"color: #888888;\"><em>A su vez, somos socios cofundadores de<\/em><em> <\/em><\/span><a href=\"http:\/\/sinergiasostenible.org\/\" target=\"_blank\"><em>SINERGIA SOSTENIBLE<\/em><\/a><span style=\"color: #888888;\"><em>, redactores de<\/em><em> <\/em><\/span><a href=\"http:\/\/www.laciudadviva.org\/blogs\/?author=45\" target=\"_blank\"><em>LA CIUDAD VIVA<\/em><\/a><span style=\"color: #888888;\"><em> <\/em><em>y directores del blog de<\/em><\/span><em> <\/em><a href=\"http:\/\/blogfundacion.arquia.es\/\" target=\"_blank\"><em>FUNDACI\u00d3N ARQUIA<span style=\"color: #888888;\">.<\/span><\/em><\/a><\/p>\n<p><em><span style=\"color: #888888;\">* Los editores de esta publicaci\u00f3n digital no nos hacemos cargo de de los comentarios y\u00a0 conceptos vertidos en los textos firmados por otras personas, siendo \u00e9stos de responsabilidad exclusiva de sus autores.<\/span><\/em><\/p>\n<p><em><span style=\"color: #888888;\">* Tu comentario podr\u00e1 ser moderado, por lo tanto, aunque aparezca inmediatamente al ser publicado en la entrada, los editores de esta publicaci\u00f3n digital nos reservamos el derecho tanto de editarlo (si fuera necesario, para hacerlo m\u00e1s legible) como de eliminarlo en el caso de que se usen expresiones incorrectas (descalificaciones, palabras malsonantes\u2026). A su vez, si quieres comentar desde el anonimato puedes hacerlo, aunque, nosotros personalmente, agradecemos que tod@s nos podamos identificar.<\/span><\/em><\/p>\n","protected":false},"excerpt":{"rendered":"<p>Por Santiago de Molina Desde Blog Fundaci\u00f3n Arquia<\/p>\n<p>(m\u00e1s&#8230;)<\/p>\n","protected":false},"author":2,"featured_media":0,"comment_status":"open","ping_status":"closed","sticky":false,"template":"","format":"standard","meta":{"om_disable_all_campaigns":false,"_monsterinsights_skip_tracking":false,"_monsterinsights_sitenote_active":false,"_monsterinsights_sitenote_note":"","_monsterinsights_sitenote_category":0,"_uf_show_specific_survey":0,"_uf_disable_surveys":false,"episode_type":"","audio_file":"","cover_image":"","cover_image_id":"","duration":"","filesize":"","date_recorded":"","explicit":"","block":"","filesize_raw":"","footnotes":""},"categories":[244],"tags":[3320,187],"series":[],"class_list":["post-18610","post","type-post","status-publish","format-standard","hentry","category-canal-de-arquitectura","tag-blog-fundacion-arquia","tag-santiago-de-molina"],"aioseo_notices":[],"episode_featured_image":false,"episode_player_image":"https:\/\/stepienybarno.es\/blog\/wp-content\/uploads\/2020\/11\/stepienybarno-podcast-scaled.jpg","download_link":"","player_link":"","audio_player":false,"episode_data":{"playerMode":"dark","subscribeUrls":[],"rssFeedUrl":"https:\/\/stepienybarno.es\/blog\/feed\/podcast\/podcast-de-stepienybarno","embedCode":"<blockquote class=\"wp-embedded-content\" data-secret=\"PTnn9hxfGt\"><a href=\"https:\/\/stepienybarno.es\/blog\/2015\/10\/05\/%c2%bfpara-que-vale-una-escuela-de-arquitectura\/\">\u00bfPARA QU\u00c9 VALE UNA ESCUELA DE ARQUITECTURA?<\/a><\/blockquote><iframe sandbox=\"allow-scripts\" security=\"restricted\" src=\"https:\/\/stepienybarno.es\/blog\/2015\/10\/05\/%c2%bfpara-que-vale-una-escuela-de-arquitectura\/embed\/#?secret=PTnn9hxfGt\" width=\"500\" height=\"350\" title=\"\u00ab\u00bfPARA QU\u00c9 VALE UNA ESCUELA DE ARQUITECTURA?\u00bb \u2014 Blog de STEPIEN Y BARNO - publicaci\u00f3n digital sobre arquitectura\" data-secret=\"PTnn9hxfGt\" frameborder=\"0\" marginwidth=\"0\" marginheight=\"0\" scrolling=\"no\" class=\"wp-embedded-content\"><\/iframe><script type=\"text\/javascript\">\n\/* <![CDATA[ *\/\n\/*! This file is auto-generated *\/\n!function(d,l){\"use strict\";l.querySelector&&d.addEventListener&&\"undefined\"!=typeof URL&&(d.wp=d.wp||{},d.wp.receiveEmbedMessage||(d.wp.receiveEmbedMessage=function(e){var t=e.data;if((t||t.secret||t.message||t.value)&&!\/[^a-zA-Z0-9]\/.test(t.secret)){for(var s,r,n,a=l.querySelectorAll('iframe[data-secret=\"'+t.secret+'\"]'),o=l.querySelectorAll('blockquote[data-secret=\"'+t.secret+'\"]'),c=new RegExp(\"^https?:$\",\"i\"),i=0;i<o.length;i++)o[i].style.display=\"none\";for(i=0;i<a.length;i++)s=a[i],e.source===s.contentWindow&&(s.removeAttribute(\"style\"),\"height\"===t.message?(1e3<(r=parseInt(t.value,10))?r=1e3:~~r<200&&(r=200),s.height=r):\"link\"===t.message&&(r=new URL(s.getAttribute(\"src\")),n=new URL(t.value),c.test(n.protocol))&&n.host===r.host&&l.activeElement===s&&(d.top.location.href=t.value))}},d.addEventListener(\"message\",d.wp.receiveEmbedMessage,!1),l.addEventListener(\"DOMContentLoaded\",function(){for(var e,t,s=l.querySelectorAll(\"iframe.wp-embedded-content\"),r=0;r<s.length;r++)(t=(e=s[r]).getAttribute(\"data-secret\"))||(t=Math.random().toString(36).substring(2,12),e.src+=\"#?secret=\"+t,e.setAttribute(\"data-secret\",t)),e.contentWindow.postMessage({message:\"ready\",secret:t},\"*\")},!1)))}(window,document);\n\/* ]]> *\/\n<\/script>\n"},"_links":{"self":[{"href":"https:\/\/stepienybarno.es\/blog\/wp-json\/wp\/v2\/posts\/18610"}],"collection":[{"href":"https:\/\/stepienybarno.es\/blog\/wp-json\/wp\/v2\/posts"}],"about":[{"href":"https:\/\/stepienybarno.es\/blog\/wp-json\/wp\/v2\/types\/post"}],"author":[{"embeddable":true,"href":"https:\/\/stepienybarno.es\/blog\/wp-json\/wp\/v2\/users\/2"}],"replies":[{"embeddable":true,"href":"https:\/\/stepienybarno.es\/blog\/wp-json\/wp\/v2\/comments?post=18610"}],"version-history":[{"count":2,"href":"https:\/\/stepienybarno.es\/blog\/wp-json\/wp\/v2\/posts\/18610\/revisions"}],"predecessor-version":[{"id":18613,"href":"https:\/\/stepienybarno.es\/blog\/wp-json\/wp\/v2\/posts\/18610\/revisions\/18613"}],"wp:attachment":[{"href":"https:\/\/stepienybarno.es\/blog\/wp-json\/wp\/v2\/media?parent=18610"}],"wp:term":[{"taxonomy":"category","embeddable":true,"href":"https:\/\/stepienybarno.es\/blog\/wp-json\/wp\/v2\/categories?post=18610"},{"taxonomy":"post_tag","embeddable":true,"href":"https:\/\/stepienybarno.es\/blog\/wp-json\/wp\/v2\/tags?post=18610"},{"taxonomy":"series","embeddable":true,"href":"https:\/\/stepienybarno.es\/blog\/wp-json\/wp\/v2\/series?post=18610"}],"curies":[{"name":"wp","href":"https:\/\/api.w.org\/{rel}","templated":true}]}}