{"id":18620,"date":"2015-10-06T09:46:45","date_gmt":"2015-10-06T07:46:45","guid":{"rendered":"https:\/\/www.stepienybarno.es\/blog\/?p=18620"},"modified":"2015-10-06T09:46:45","modified_gmt":"2015-10-06T07:46:45","slug":"los-10-patitos-feos-de-la-arquitectura-edificios-polemicos-que-ahora-veneramos","status":"publish","type":"post","link":"https:\/\/stepienybarno.es\/blog\/2015\/10\/06\/los-10-patitos-feos-de-la-arquitectura-edificios-polemicos-que-ahora-veneramos\/","title":{"rendered":"LOS 10 PATITOS FEOS DE LA ARQUITECTURA: EDIFICIOS POL\u00c9MICOS QUE AHORA VENERAMOS"},"content":{"rendered":"<p><a href=\"https:\/\/stepienybarno.es\/blog\/wp-content\/uploads\/2015\/10\/stepienybarno-blog-stepien-y-barno-arquitectura-habitissimo-torre.eiffel.jpg\"><img loading=\"lazy\" decoding=\"async\" class=\"aligncenter size-medium wp-image-18622\" title=\"stepienybarno-blog-stepien-y-barno-arquitectura-habitissimo-torre.eiffel\" src=\"https:\/\/stepienybarno.es\/blog\/wp-content\/uploads\/2015\/10\/stepienybarno-blog-stepien-y-barno-arquitectura-habitissimo-torre.eiffel-350x198.jpg\" alt=\"stepienybarno-blog-stepien-y-barno-arquitectura-habitissimo-torre.eiffel\" width=\"350\" height=\"198\" \/><\/a><\/p>\n<p>Desde <a href=\"http:\/\/www.habitissimo.es\/\" target=\"_blank\">Habitissimo<\/a><\/p>\n<p><strong><!--more--><\/strong><\/p>\n<p>\u201cGrandes, grotescos, extra\u00f1os y poco funcionales. A lo largo de la<strong> <\/strong><strong>historia de la arquitectura<\/strong> se han levantado edificios que en su d\u00eda provocaron que miles de personas se echaran las manos a la cabeza. Edificios que, m\u00e1s tarde, han pasado a la posteridad como aut\u00e9nticos\u00a0<strong>iconos de la construcci\u00f3n<\/strong> pero que en su momento fueron el blanco de todas las cr\u00edticas. \u00bfQuieres saber cu\u00e1les son estos\u00a0<strong>edificios pol\u00e9micos<\/strong> convertidos hoy en\u00a0<strong>hitos arquitect\u00f3nicos<\/strong>? \u00a0No te despistes, atento.<\/p>\n<p><strong><em>LA TORRE EIFFEL, UN MONT\u00d3N DE POL\u00c9MICO HIERRO<\/em><\/strong><\/p>\n<p>La\u00a0<strong>Torre Eiffel<\/strong>, s\u00ed, el edificio m\u00e1s representativo y emblem\u00e1tico de<strong> <\/strong><strong>Par\u00eds<\/strong> y uno de los m\u00e1s importantes del mundo, fue al principio objeto de numerosas cr\u00edticas. De hecho, suscit\u00f3 una gran pol\u00e9mica antes de estar terminada, incluso antes de comenzar su construcci\u00f3n. La torre, que muchos definieron como \u00abfarola tr\u00e1gica\u00bb o\u00a0\u00abesqueleto de atalaya\u00bb, recibi\u00f3 mort\u00edferos dardos de artistas y escritores, tanto ella como su art\u00edfice,\u00a0<strong>Gustave Eiffel<\/strong>. Los argumentos que se esgrim\u00edan eran diversos y variados. Entre ellos, una preocupaci\u00f3n global: que este gran amasijo de hierro arruinara la elegante baja altura de la ciudad tras el<strong> <\/strong><strong>plan Haussmann<\/strong>. Durante el tiempo que dur\u00f3 la construcci\u00f3n, las referencias a esta \u00abdiab\u00f3lica\u00bb\u00a0obra eran constantes, ya fuera criticando tanto la<strong>estructura <\/strong>como la decisi\u00f3n del Ayuntamiento. No obstante, la pol\u00e9mica termin\u00f3 cuando, una vez acabada, la Torre Eiffel comenz\u00f3 a cosechar un gran \u00e9xito de p\u00fablico. No es para menos: desde\u00a0<strong>1889<\/strong>, momento en que el se abri\u00f3 oficialmente a los visitantes, m\u00e1s de\u00a0<strong>300 millones de personas la han visitado<\/strong>.<strong> (\u2026)\u201d<\/strong><\/p>\n<p><strong> <\/strong><\/p>\n<p><strong> <\/strong><\/p>\n<blockquote>\n<p align=\"center\">Acceder a la informaci\u00f3n, <a href=\"http:\/\/www.habitissimo.es\/ideas\/los-10-edificios-mas-polemicos-de-la-historia-de-la-arquitectura\" target=\"_blank\">AQU\u00cd<\/a><\/p>\n<\/blockquote>\n<p><a href=\"http:\/\/www.lacol.org\/\"><\/a><\/p>\n<p><em><span style=\"color: #888888;\">Noticia seleccionada por el Canal de arquitectura STEPIENYBARNO.<\/span><\/em><\/p>\n<p><a href=\"https:\/\/twitter.com\/stepienybarno\" target=\"_blank\"><em>STEPIENYBARNO EN TWITTER _ @stepienybarno<\/em><\/a><\/p>\n<p><a href=\"http:\/\/www.linkedin.com\/company\/stepienybarno\" target=\"_blank\"><em>STEPIENYBARNO EN LINKEDIN<\/em><\/a><\/p>\n<p><a href=\"https:\/\/www.facebook.com\/pages\/BLOG-DE-STEPIENYBARNO\/78001079029\" target=\"_blank\"><em>STEPIENYBARNO EN FACEBOOK<\/em><\/a><\/p>\n<p><em><span style=\"color: #888888;\">*Stepienybarno est\u00e1 formado por Agnieszka Stepien y Lorenzo Barn\u00f3 y desde mayo del 2009 estamos en la red con\u00a0 la presente publicaci\u00f3n digital (Blog) de arquitectura.<\/span><\/em><\/p>\n<p><em><span style=\"color: #888888;\">Nuestra actividad se sustenta en tres pilares b\u00e1sicos: la investigaci\u00f3n, la publicaci\u00f3n (comunicaci\u00f3n y difusi\u00f3n) y la redacci\u00f3n de proyectos de arquitectura.<\/span><\/em><\/p>\n<p><span style=\"color: #888888;\"><em>A su vez, somos socios cofundadores de<\/em><em> <\/em><\/span><a href=\"http:\/\/sinergiasostenible.org\/\" target=\"_blank\"><em>SINERGIA SOSTENIBLE<\/em><\/a><span style=\"color: #888888;\"><em>, redactores de<\/em><em> <\/em><\/span><a href=\"http:\/\/www.laciudadviva.org\/blogs\/?author=45\" target=\"_blank\"><em>LA CIUDAD VIVA<\/em><\/a><em> <\/em><em><span style=\"color: #888888;\">y directores del blog de<\/span><\/em><em> <\/em><a href=\"http:\/\/blogfundacion.arquia.es\/\" target=\"_blank\"><em>FUNDACI\u00d3N ARQUIA<span style=\"color: #888888;\">.<\/span><\/em><\/a><\/p>\n<p><em><span style=\"color: #888888;\">* Los editores de esta publicaci\u00f3n digital no nos hacemos cargo de de los comentarios y\u00a0 conceptos vertidos en los textos firmados por otras personas, siendo \u00e9stos de responsabilidad exclusiva de sus autores.<\/span><\/em><\/p>\n<p><em><span style=\"color: #888888;\">* Tu comentario podr\u00e1 ser moderado, por lo tanto, aunque aparezca inmediatamente al ser publicado en la entrada, los editores de esta publicaci\u00f3n digital nos reservamos el derecho tanto de editarlo (si fuera necesario, para hacerlo m\u00e1s legible) como de eliminarlo en el caso de que se usen expresiones incorrectas (descalificaciones, palabras malsonantes\u2026). A su vez, si quieres comentar desde el anonimato puedes hacerlo, aunque, nosotros personalmente, agradecemos que tod@s nos podamos identificar.<\/span><\/em><\/p>\n","protected":false},"excerpt":{"rendered":"<p>Desde Habitissimo<\/p>\n<p>(m\u00e1s&#8230;)<\/p>\n","protected":false},"author":2,"featured_media":0,"comment_status":"open","ping_status":"closed","sticky":false,"template":"","format":"standard","meta":{"om_disable_all_campaigns":false,"_monsterinsights_skip_tracking":false,"_monsterinsights_sitenote_active":false,"_monsterinsights_sitenote_note":"","_monsterinsights_sitenote_category":0,"_uf_show_specific_survey":0,"_uf_disable_surveys":false,"episode_type":"","audio_file":"","cover_image":"","cover_image_id":"","duration":"","filesize":"","date_recorded":"","explicit":"","block":"","filesize_raw":"","footnotes":""},"categories":[244],"tags":[3696],"series":[],"class_list":["post-18620","post","type-post","status-publish","format-standard","hentry","category-canal-de-arquitectura","tag-habitissimo"],"aioseo_notices":[],"episode_featured_image":false,"episode_player_image":"https:\/\/stepienybarno.es\/blog\/wp-content\/uploads\/2020\/11\/stepienybarno-podcast-scaled.jpg","download_link":"","player_link":"","audio_player":false,"episode_data":{"playerMode":"dark","subscribeUrls":[],"rssFeedUrl":"https:\/\/stepienybarno.es\/blog\/feed\/podcast\/podcast-de-stepienybarno","embedCode":"<blockquote class=\"wp-embedded-content\" data-secret=\"d9F5asv5ID\"><a href=\"https:\/\/stepienybarno.es\/blog\/2015\/10\/06\/los-10-patitos-feos-de-la-arquitectura-edificios-polemicos-que-ahora-veneramos\/\">LOS 10 PATITOS FEOS DE LA ARQUITECTURA: EDIFICIOS POL\u00c9MICOS QUE AHORA VENERAMOS<\/a><\/blockquote><iframe sandbox=\"allow-scripts\" security=\"restricted\" src=\"https:\/\/stepienybarno.es\/blog\/2015\/10\/06\/los-10-patitos-feos-de-la-arquitectura-edificios-polemicos-que-ahora-veneramos\/embed\/#?secret=d9F5asv5ID\" width=\"500\" height=\"350\" title=\"\u00abLOS 10 PATITOS FEOS DE LA ARQUITECTURA: EDIFICIOS POL\u00c9MICOS QUE AHORA VENERAMOS\u00bb \u2014 Blog de STEPIEN Y BARNO - publicaci\u00f3n digital sobre arquitectura\" data-secret=\"d9F5asv5ID\" frameborder=\"0\" marginwidth=\"0\" marginheight=\"0\" scrolling=\"no\" class=\"wp-embedded-content\"><\/iframe><script type=\"text\/javascript\">\n\/* <![CDATA[ *\/\n\/*! This file is auto-generated *\/\n!function(d,l){\"use strict\";l.querySelector&&d.addEventListener&&\"undefined\"!=typeof URL&&(d.wp=d.wp||{},d.wp.receiveEmbedMessage||(d.wp.receiveEmbedMessage=function(e){var t=e.data;if((t||t.secret||t.message||t.value)&&!\/[^a-zA-Z0-9]\/.test(t.secret)){for(var s,r,n,a=l.querySelectorAll('iframe[data-secret=\"'+t.secret+'\"]'),o=l.querySelectorAll('blockquote[data-secret=\"'+t.secret+'\"]'),c=new RegExp(\"^https?:$\",\"i\"),i=0;i<o.length;i++)o[i].style.display=\"none\";for(i=0;i<a.length;i++)s=a[i],e.source===s.contentWindow&&(s.removeAttribute(\"style\"),\"height\"===t.message?(1e3<(r=parseInt(t.value,10))?r=1e3:~~r<200&&(r=200),s.height=r):\"link\"===t.message&&(r=new URL(s.getAttribute(\"src\")),n=new URL(t.value),c.test(n.protocol))&&n.host===r.host&&l.activeElement===s&&(d.top.location.href=t.value))}},d.addEventListener(\"message\",d.wp.receiveEmbedMessage,!1),l.addEventListener(\"DOMContentLoaded\",function(){for(var e,t,s=l.querySelectorAll(\"iframe.wp-embedded-content\"),r=0;r<s.length;r++)(t=(e=s[r]).getAttribute(\"data-secret\"))||(t=Math.random().toString(36).substring(2,12),e.src+=\"#?secret=\"+t,e.setAttribute(\"data-secret\",t)),e.contentWindow.postMessage({message:\"ready\",secret:t},\"*\")},!1)))}(window,document);\n\/* ]]> *\/\n<\/script>\n"},"_links":{"self":[{"href":"https:\/\/stepienybarno.es\/blog\/wp-json\/wp\/v2\/posts\/18620"}],"collection":[{"href":"https:\/\/stepienybarno.es\/blog\/wp-json\/wp\/v2\/posts"}],"about":[{"href":"https:\/\/stepienybarno.es\/blog\/wp-json\/wp\/v2\/types\/post"}],"author":[{"embeddable":true,"href":"https:\/\/stepienybarno.es\/blog\/wp-json\/wp\/v2\/users\/2"}],"replies":[{"embeddable":true,"href":"https:\/\/stepienybarno.es\/blog\/wp-json\/wp\/v2\/comments?post=18620"}],"version-history":[{"count":2,"href":"https:\/\/stepienybarno.es\/blog\/wp-json\/wp\/v2\/posts\/18620\/revisions"}],"predecessor-version":[{"id":18624,"href":"https:\/\/stepienybarno.es\/blog\/wp-json\/wp\/v2\/posts\/18620\/revisions\/18624"}],"wp:attachment":[{"href":"https:\/\/stepienybarno.es\/blog\/wp-json\/wp\/v2\/media?parent=18620"}],"wp:term":[{"taxonomy":"category","embeddable":true,"href":"https:\/\/stepienybarno.es\/blog\/wp-json\/wp\/v2\/categories?post=18620"},{"taxonomy":"post_tag","embeddable":true,"href":"https:\/\/stepienybarno.es\/blog\/wp-json\/wp\/v2\/tags?post=18620"},{"taxonomy":"series","embeddable":true,"href":"https:\/\/stepienybarno.es\/blog\/wp-json\/wp\/v2\/series?post=18620"}],"curies":[{"name":"wp","href":"https:\/\/api.w.org\/{rel}","templated":true}]}}