{"id":18701,"date":"2015-10-12T13:24:25","date_gmt":"2015-10-12T11:24:25","guid":{"rendered":"https:\/\/www.stepienybarno.es\/blog\/?p=18701"},"modified":"2015-10-12T13:41:28","modified_gmt":"2015-10-12T11:41:28","slug":"nuevas-guias-de-arquitectura","status":"publish","type":"post","link":"https:\/\/stepienybarno.es\/blog\/2015\/10\/12\/nuevas-guias-de-arquitectura\/","title":{"rendered":"NUEVAS GU\u00cdAS DE ARQUITECTURA"},"content":{"rendered":"<blockquote>\n<p align=\"left\">\n<p style=\"text-align: center;\"><a href=\"https:\/\/stepienybarno.es\/blog\/wp-content\/uploads\/2015\/10\/0.arquitectura-galicia-asturias-stepienybarno.png\"><img loading=\"lazy\" decoding=\"async\" class=\"aligncenter size-full wp-image-18702\" title=\"0.arquitectura-galicia-asturias-stepienybarno\" src=\"https:\/\/stepienybarno.es\/blog\/wp-content\/uploads\/2015\/10\/0.arquitectura-galicia-asturias-stepienybarno.png\" alt=\"0.arquitectura-galicia-asturias-stepienybarno\" width=\"350\" height=\"156\" srcset=\"https:\/\/stepienybarno.es\/blog\/wp-content\/uploads\/2015\/10\/0.arquitectura-galicia-asturias-stepienybarno.png 350w, https:\/\/stepienybarno.es\/blog\/wp-content\/uploads\/2015\/10\/0.arquitectura-galicia-asturias-stepienybarno-180x80.png 180w, https:\/\/stepienybarno.es\/blog\/wp-content\/uploads\/2015\/10\/0.arquitectura-galicia-asturias-stepienybarno-316x141.png 316w\" sizes=\"(max-width: 350px) 100vw, 350px\" \/><\/a><\/p>\n<p align=\"left\">Hace unos d\u00edas Luis M. Santalla Blanco nos hac\u00eda llegar esta informaci\u00f3n que nos parece interesante compartir con tod@s vosotr@s.<\/p>\n<p align=\"left\"><!--more--><\/p>\n<p align=\"left\">\n<p align=\"left\">Desde hace cuatro a\u00f1os han estado gest\u00e1ndose poco a poco, en manos de estudiantes de arquitectura de la Coru\u00f1a. Un grupo variado de gente con una intenci\u00f3n com\u00fan, <strong>acercar la arquitectura a la gente.<\/strong> Una premisa muy poco novedosa. Donde se encuentra la innovaci\u00f3n es en el m\u00e9todo y en la forma f\u00edsica final, as\u00ed como en las oportunidades que esto genera.<\/p>\n<p style=\"text-align: center;\"><a href=\"https:\/\/stepienybarno.es\/blog\/wp-content\/uploads\/2015\/10\/1-logo_principal-negro-350.jpg\"><img loading=\"lazy\" decoding=\"async\" class=\"aligncenter size-full wp-image-18703\" title=\"1 logo_principal negro 350\" src=\"https:\/\/stepienybarno.es\/blog\/wp-content\/uploads\/2015\/10\/1-logo_principal-negro-350.jpg\" alt=\"1 logo_principal negro 350\" width=\"200\" height=\"204\" srcset=\"https:\/\/stepienybarno.es\/blog\/wp-content\/uploads\/2015\/10\/1-logo_principal-negro-350.jpg 200w, https:\/\/stepienybarno.es\/blog\/wp-content\/uploads\/2015\/10\/1-logo_principal-negro-350-176x180.jpg 176w\" sizes=\"(max-width: 200px) 100vw, 200px\" \/><\/a><\/p>\n<p align=\"left\">En un primer momento se hizo p\u00fablica <strong>arquitecturadegalicia.eu<\/strong>, un repositorio de obras contempor\u00e1neas que d\u00eda a d\u00eda fue a\u00f1adiendo obras, documentaci\u00f3n relacionada, bibliograf\u00eda e im\u00e1genes, hasta tener una base de datos de 760 obras clasificadas.<\/p>\n<p align=\"left\">\n<p align=\"left\">Este a\u00f1o ha salido a la luz el proyecto <strong>arquitecturadeasturias.com<\/strong>, con el mismo formato y las mismas intenciones, ya que han sido gestados al mismo tiempo. Progresivamente, los equipos que abiertamente se han formado para dirigir estas web han desarrollado unos m\u00e9todos de clasificaci\u00f3n que van m\u00e1s all\u00e1 del simple art\u00edculo en un blog.<\/p>\n<p style=\"text-align: center;\"><a href=\"https:\/\/stepienybarno.es\/blog\/wp-content\/uploads\/2015\/10\/2-arquitecturadeasturias.png\"><img loading=\"lazy\" decoding=\"async\" class=\"aligncenter size-full wp-image-18704\" title=\"2 arquitecturadeasturias\" src=\"https:\/\/stepienybarno.es\/blog\/wp-content\/uploads\/2015\/10\/2-arquitecturadeasturias.png\" alt=\"2 arquitecturadeasturias\" width=\"200\" height=\"200\" srcset=\"https:\/\/stepienybarno.es\/blog\/wp-content\/uploads\/2015\/10\/2-arquitecturadeasturias.png 200w, https:\/\/stepienybarno.es\/blog\/wp-content\/uploads\/2015\/10\/2-arquitecturadeasturias-180x180.png 180w\" sizes=\"(max-width: 200px) 100vw, 200px\" \/><\/a><\/p>\n<p align=\"left\"><strong>Son bases de datos cada vez m\u00e1s enriquecidas con capacidad para general informaci\u00f3n y ser base para investigaci\u00f3n.<\/strong> La manera de trabajar se basa en <em>fusiontables<\/em>, la herramienta de google, que permite el trabajo con bases de datos y mapas simult\u00e1neamente.<\/p>\n<p align=\"left\">\n<p align=\"left\">El trabajo de estas dos web no se queda ah\u00ed; arquitecturadegalicia.eu ya dispone de <strong>app<\/strong> para Android. Una aplicaci\u00f3n b\u00e1sica y gratuita para aquellos que quieran descubrir todos los proyectos que, poco a poco, se han ido recogiendo.<\/p>\n<p align=\"left\">\n<p align=\"left\">El inter\u00e9s por la difusi\u00f3n de la arquitectura tambi\u00e9n los ha animado a organizar cursos de fotograf\u00eda, el #fotografarq -que ya va por su tercera edici\u00f3n-, donde una charla de fotograf\u00eda se transforma en una visita a diferentes obras, y esta pasada #semanadaarquitectura donde se han realizado juegos de conocimiento a trav\u00e9s de las redes sociales.<\/p>\n<p align=\"left\">\n<p align=\"left\">Todo apunta a que este modelo de web y de funcionamiento se expanda y cree una gran base de datos a una mayor escala. Para todos aquellos interesados en el proyecto, el equipo de AG y AA est\u00e1 dispuesto y abierto a nuevas colaboraciones y a \u201cseguir una reconquista\u201d desde Galicia y Asturias.<\/p>\n<table border=\"0\" cellspacing=\"0\" cellpadding=\"0\">\n<tbody>\n<tr>\n<td width=\"288\" valign=\"top\">\n<p align=\"left\">Arquitectura de Galicia<\/p>\n<p align=\"left\"><a href=\"http:\/\/arquitecturadegalicia.eu\/\">arquitecturadegalicia.eu<\/a><\/p>\n<p align=\"left\">http:\/\/arquitecturadegalicia.eu\/blog\/<\/p>\n<p align=\"left\"><a style=\"line-height: 19px;\" href=\"https:\/\/www.facebook.com\/ArquitecturadeGalicia\">facebook<\/a><\/p>\n<p align=\"left\"><a href=\"http:\/\/twitter.com\/arquigaliciaeu\">twitter<\/a><\/p>\n<p align=\"left\"><a href=\"https:\/\/play.google.com\/store\/apps\/details?id=com.arquitecturadegalicia\">aplicaci\u00f3n   Android<\/a><\/p>\n<p align=\"left\">\n<\/td>\n<td width=\"288\" valign=\"top\">\n<p align=\"left\">Arquitectura de Asturias<\/p>\n<p align=\"left\"><a href=\"http:\/\/arquitecturadeasturias.com\/\">arquitecturadeasturias.com<\/a><\/p>\n<p align=\"left\">http:\/\/arquitecturadeasturias.com\/obras\/<\/p>\n<p align=\"left\"><a style=\"line-height: 19px;\" href=\"https:\/\/www.facebook.com\/arquitecturadeasturias?fref=ts\">facebook<\/a><\/p>\n<\/td>\n<\/tr>\n<\/tbody>\n<\/table>\n<p style=\"text-align: center;\"><a><img loading=\"lazy\" decoding=\"async\" class=\"aligncenter size-full wp-image-18700\" title=\"vivero de empresas santiago - abalo alonso - foto adri+\u00edn capelo\" src=\"https:\/\/stepienybarno.es\/blog\/wp-content\/uploads\/2015\/10\/vivero-de-empresas-santiago-abalo-alonso-foto-adri+\u00edn-capelo.jpg\" alt=\"vivero de empresas santiago - abalo alonso - foto adri+\u00edn capelo\" width=\"620\" height=\"413\" srcset=\"https:\/\/stepienybarno.es\/blog\/wp-content\/uploads\/2015\/10\/vivero-de-empresas-santiago-abalo-alonso-foto-adri+\u00edn-capelo.jpg 620w, https:\/\/stepienybarno.es\/blog\/wp-content\/uploads\/2015\/10\/vivero-de-empresas-santiago-abalo-alonso-foto-adri+\u00edn-capelo-180x120.jpg 180w, https:\/\/stepienybarno.es\/blog\/wp-content\/uploads\/2015\/10\/vivero-de-empresas-santiago-abalo-alonso-foto-adri+\u00edn-capelo-550x366.jpg 550w, https:\/\/stepienybarno.es\/blog\/wp-content\/uploads\/2015\/10\/vivero-de-empresas-santiago-abalo-alonso-foto-adri+\u00edn-capelo-316x210.jpg 316w\" sizes=\"(max-width: 620px) 100vw, 620px\" \/><\/a><\/p>\n<p style=\"text-align: center;\"><span style=\"color: #808080;\">Imagen: Vivero de empresas Santiago<\/span><\/p>\n<p style=\"text-align: center;\"><span style=\"color: #808080;\">Autores: abalo alonso<\/span><\/p>\n<p style=\"text-align: center;\"><span style=\"color: #808080;\">Fotograf\u00eda: \u00a0Adrian\u00a0Capelo<\/span><\/p>\n<\/blockquote>\n<p><span style=\"color: #888888;\">* Este art\u00edculo ha sido escrito con car\u00e1cter divulgativo y sin ning\u00fan tipo de \u00e1nimo de lucro. As\u00ed que, si te apetece compartirlo en cualquier otro medio, estaremos encantados de que lo hagas siempre y cuando cites el lugar donde lo has encontrado.<\/span><\/p>\n<p><a href=\"https:\/\/twitter.com\/stepienybarno\"><span style=\"color: #888888;\">STEPIENYBARNO EN TWITTER _ @stepienybarno<\/span><\/a><\/p>\n<p><a href=\"http:\/\/www.linkedin.com\/company\/stepienybarno\"><span style=\"color: #888888;\">STEPIENYBARNO EN LINKEDIN<\/span><\/a><\/p>\n<p><a href=\"https:\/\/www.facebook.com\/pages\/BLOG-DE-STEPIENYBARNO\/78001079029\"><span style=\"color: #888888;\">STEPIENYBARNO EN FACEBOOK<\/span><\/a><\/p>\n<p><span style=\"color: #888888;\">* Stepienybarno est\u00e1 formado por Agnieszka Stepien y Lorenzo Barn\u00f3 y desde mayo del 2009 estamos en la red con\u00a0 la presente publicaci\u00f3n digital (Blog) de arquitectura.<\/span><\/p>\n<p><span style=\"color: #888888;\">Nuestra actividad se sustenta en tres pilares b\u00e1sicos: la investigaci\u00f3n, la publicaci\u00f3n y la redacci\u00f3n de proyectos de arquitectura.<\/span><\/p>\n<p align=\"left\"><span style=\"color: #888888;\">A su vez, somos socios cofundadores de <a href=\"http:\/\/sinergiasostenible.org\/\">SINERGIA SOSTENIBLE<\/a>, redactores de <a href=\"http:\/\/www.laciudadviva.org\/blogs\/?author=45\">LA CIUDAD VIVA<\/a> y directores del blog de FUNDACI\u00d3N ARQUIA.<\/span><\/p>\n<p><span style=\"color: #888888;\">* Los editores de esta publicaci\u00f3n digital no nos hacemos cargo de de los comentarios y\u00a0 conceptos vertidos en los textos firmados por otras personas, siendo \u00e9stos de responsabilidad exclusiva de sus autores.<\/span><\/p>\n<p><span style=\"color: #888888;\">* Tu comentario pudiera ser moderado, por lo tanto, aunque aparezca inmediatamente al ser publicado en la entrada, los editores de esta publicaci\u00f3n digital nos reservamos el derecho tanto de editarlo (si fuera necesario, para hacerlo m\u00e1s legible) como de eliminarlo en el caso de que se usen expresiones incorrectas (descalificaciones, palabras malsonantes\u2026). A su vez, si quieres comentar desde el anonimato puedes hacerlo, aunque, nosotros personalmente, agradecemos que tod@s nos podamos identificar.<\/span><\/p>\n<p style=\"text-align: center;\"><span style=\"color: #888888;\"><a href=\"https:\/\/stepienybarno.es\/blog\/wp-content\/uploads\/2015\/10\/0.arquitectura-galicia-asturias-stepienybarno1.png\"><img loading=\"lazy\" decoding=\"async\" class=\"aligncenter size-full wp-image-18706\" title=\"0.arquitectura-galicia-asturias-stepienybarno\" src=\"https:\/\/stepienybarno.es\/blog\/wp-content\/uploads\/2015\/10\/0.arquitectura-galicia-asturias-stepienybarno1.png\" alt=\"0.arquitectura-galicia-asturias-stepienybarno\" width=\"350\" height=\"156\" srcset=\"https:\/\/stepienybarno.es\/blog\/wp-content\/uploads\/2015\/10\/0.arquitectura-galicia-asturias-stepienybarno1.png 350w, https:\/\/stepienybarno.es\/blog\/wp-content\/uploads\/2015\/10\/0.arquitectura-galicia-asturias-stepienybarno1-180x80.png 180w, https:\/\/stepienybarno.es\/blog\/wp-content\/uploads\/2015\/10\/0.arquitectura-galicia-asturias-stepienybarno1-316x141.png 316w\" sizes=\"(max-width: 350px) 100vw, 350px\" \/><\/a><br \/>\n<\/span><\/p>\n<p align=\"left\">\n<p align=\"left\"><a href=\"https:\/\/twitter.com\/ArqdAsturias\">twitter<\/a><\/p>\n","protected":false},"excerpt":{"rendered":"<p>Hace unos d\u00edas Luis M. Santalla Blanco nos hac\u00eda llegar esta informaci\u00f3n que nos parece interesante compartir con tod@s vosotr@s.<\/p>\n<p>(m\u00e1s&#8230;)<\/p>\n","protected":false},"author":2,"featured_media":0,"comment_status":"open","ping_status":"closed","sticky":false,"template":"","format":"standard","meta":{"om_disable_all_campaigns":false,"_monsterinsights_skip_tracking":false,"_monsterinsights_sitenote_active":false,"_monsterinsights_sitenote_note":"","_monsterinsights_sitenote_category":0,"_uf_show_specific_survey":0,"_uf_disable_surveys":false,"episode_type":"","audio_file":"","cover_image":"","cover_image_id":"","duration":"","filesize":"","date_recorded":"","explicit":"","block":"","filesize_raw":"","footnotes":""},"categories":[34,244],"tags":[2073,3700],"series":[],"class_list":["post-18701","post","type-post","status-publish","format-standard","hentry","category-actualidad","category-canal-de-arquitectura","tag-abalo-alonso","tag-adrian-capelo"],"aioseo_notices":[],"episode_featured_image":false,"episode_player_image":"https:\/\/stepienybarno.es\/blog\/wp-content\/uploads\/2020\/11\/stepienybarno-podcast-scaled.jpg","download_link":"","player_link":"","audio_player":false,"episode_data":{"playerMode":"dark","subscribeUrls":[],"rssFeedUrl":"https:\/\/stepienybarno.es\/blog\/feed\/podcast\/podcast-de-stepienybarno","embedCode":"<blockquote class=\"wp-embedded-content\" data-secret=\"8lj7sEd6AE\"><a href=\"https:\/\/stepienybarno.es\/blog\/2015\/10\/12\/nuevas-guias-de-arquitectura\/\">NUEVAS GU\u00cdAS DE ARQUITECTURA<\/a><\/blockquote><iframe sandbox=\"allow-scripts\" security=\"restricted\" src=\"https:\/\/stepienybarno.es\/blog\/2015\/10\/12\/nuevas-guias-de-arquitectura\/embed\/#?secret=8lj7sEd6AE\" width=\"500\" height=\"350\" title=\"\u00abNUEVAS GU\u00cdAS DE ARQUITECTURA\u00bb \u2014 Blog de STEPIEN Y BARNO - publicaci\u00f3n digital sobre arquitectura\" data-secret=\"8lj7sEd6AE\" frameborder=\"0\" marginwidth=\"0\" marginheight=\"0\" scrolling=\"no\" class=\"wp-embedded-content\"><\/iframe><script type=\"text\/javascript\">\n\/* <![CDATA[ *\/\n\/*! This file is auto-generated *\/\n!function(d,l){\"use strict\";l.querySelector&&d.addEventListener&&\"undefined\"!=typeof URL&&(d.wp=d.wp||{},d.wp.receiveEmbedMessage||(d.wp.receiveEmbedMessage=function(e){var t=e.data;if((t||t.secret||t.message||t.value)&&!\/[^a-zA-Z0-9]\/.test(t.secret)){for(var s,r,n,a=l.querySelectorAll('iframe[data-secret=\"'+t.secret+'\"]'),o=l.querySelectorAll('blockquote[data-secret=\"'+t.secret+'\"]'),c=new RegExp(\"^https?:$\",\"i\"),i=0;i<o.length;i++)o[i].style.display=\"none\";for(i=0;i<a.length;i++)s=a[i],e.source===s.contentWindow&&(s.removeAttribute(\"style\"),\"height\"===t.message?(1e3<(r=parseInt(t.value,10))?r=1e3:~~r<200&&(r=200),s.height=r):\"link\"===t.message&&(r=new URL(s.getAttribute(\"src\")),n=new URL(t.value),c.test(n.protocol))&&n.host===r.host&&l.activeElement===s&&(d.top.location.href=t.value))}},d.addEventListener(\"message\",d.wp.receiveEmbedMessage,!1),l.addEventListener(\"DOMContentLoaded\",function(){for(var e,t,s=l.querySelectorAll(\"iframe.wp-embedded-content\"),r=0;r<s.length;r++)(t=(e=s[r]).getAttribute(\"data-secret\"))||(t=Math.random().toString(36).substring(2,12),e.src+=\"#?secret=\"+t,e.setAttribute(\"data-secret\",t)),e.contentWindow.postMessage({message:\"ready\",secret:t},\"*\")},!1)))}(window,document);\n\/* ]]> *\/\n<\/script>\n"},"_links":{"self":[{"href":"https:\/\/stepienybarno.es\/blog\/wp-json\/wp\/v2\/posts\/18701"}],"collection":[{"href":"https:\/\/stepienybarno.es\/blog\/wp-json\/wp\/v2\/posts"}],"about":[{"href":"https:\/\/stepienybarno.es\/blog\/wp-json\/wp\/v2\/types\/post"}],"author":[{"embeddable":true,"href":"https:\/\/stepienybarno.es\/blog\/wp-json\/wp\/v2\/users\/2"}],"replies":[{"embeddable":true,"href":"https:\/\/stepienybarno.es\/blog\/wp-json\/wp\/v2\/comments?post=18701"}],"version-history":[{"count":8,"href":"https:\/\/stepienybarno.es\/blog\/wp-json\/wp\/v2\/posts\/18701\/revisions"}],"predecessor-version":[{"id":18710,"href":"https:\/\/stepienybarno.es\/blog\/wp-json\/wp\/v2\/posts\/18701\/revisions\/18710"}],"wp:attachment":[{"href":"https:\/\/stepienybarno.es\/blog\/wp-json\/wp\/v2\/media?parent=18701"}],"wp:term":[{"taxonomy":"category","embeddable":true,"href":"https:\/\/stepienybarno.es\/blog\/wp-json\/wp\/v2\/categories?post=18701"},{"taxonomy":"post_tag","embeddable":true,"href":"https:\/\/stepienybarno.es\/blog\/wp-json\/wp\/v2\/tags?post=18701"},{"taxonomy":"series","embeddable":true,"href":"https:\/\/stepienybarno.es\/blog\/wp-json\/wp\/v2\/series?post=18701"}],"curies":[{"name":"wp","href":"https:\/\/api.w.org\/{rel}","templated":true}]}}