{"id":18714,"date":"2015-10-12T21:34:34","date_gmt":"2015-10-12T19:34:34","guid":{"rendered":"https:\/\/www.stepienybarno.es\/blog\/?p=18714"},"modified":"2023-06-14T11:34:14","modified_gmt":"2023-06-14T09:34:14","slug":"couples-co-22-mirror-stories-of-spanish-architecture","status":"publish","type":"post","link":"https:\/\/stepienybarno.es\/blog\/2015\/10\/12\/couples-co-22-mirror-stories-of-spanish-architecture\/","title":{"rendered":"COUPLES &#038; CO. 22 MIRROR STORIES OF SPANISH ARCHITECTURE"},"content":{"rendered":"<p style=\"text-align: center;\"><a href=\"https:\/\/stepienybarno.es\/blog\/wp-content\/uploads\/2015\/10\/Stepienybarno-blog-Couples-Co.-22-Spanish-Architecture-EDICIONES-ASIMETRICAS-BRIJUNI.jpg\"><img loading=\"lazy\" decoding=\"async\" class=\"aligncenter size-full wp-image-18715\" title=\"Stepienybarno-blog- Couples &amp; Co. 22-Spanish Architecture-EDICIONES-ASIMETRICAS-BRIJUNI\" src=\"https:\/\/stepienybarno.es\/blog\/wp-content\/uploads\/2015\/10\/Stepienybarno-blog-Couples-Co.-22-Spanish-Architecture-EDICIONES-ASIMETRICAS-BRIJUNI.jpg\" alt=\"Stepienybarno-blog- Couples &amp; Co. 22-Spanish Architecture-EDICIONES-ASIMETRICAS-BRIJUNI\" width=\"350\" height=\"350\" srcset=\"https:\/\/stepienybarno.es\/blog\/wp-content\/uploads\/2015\/10\/Stepienybarno-blog-Couples-Co.-22-Spanish-Architecture-EDICIONES-ASIMETRICAS-BRIJUNI.jpg 350w, https:\/\/stepienybarno.es\/blog\/wp-content\/uploads\/2015\/10\/Stepienybarno-blog-Couples-Co.-22-Spanish-Architecture-EDICIONES-ASIMETRICAS-BRIJUNI-180x180.jpg 180w, https:\/\/stepienybarno.es\/blog\/wp-content\/uploads\/2015\/10\/Stepienybarno-blog-Couples-Co.-22-Spanish-Architecture-EDICIONES-ASIMETRICAS-BRIJUNI-224x224.jpg 224w, https:\/\/stepienybarno.es\/blog\/wp-content\/uploads\/2015\/10\/Stepienybarno-blog-Couples-Co.-22-Spanish-Architecture-EDICIONES-ASIMETRICAS-BRIJUNI-316x316.jpg 316w\" sizes=\"(max-width: 350px) 100vw, 350px\" \/><\/a><\/p>\n<p align=\"left\">Estupendo cat\u00e1logo de la \u00a0exposici\u00f3n colectiva de Berl\u00edn \u00a0que han comisariado Brijuni Arquitectos &#8211; Beatriz Villanueva y Francisco J. Casas- y Teresa S\u00e1nchez de Ler\u00edn.<\/p>\n<p align=\"left\">La edici\u00f3n del libro es exquisita y ha corrido a cargo de Ediciones Asim\u00e9tricas.<\/p>\n<p align=\"left\">Adem\u00e1s, tenemos la suerte de participar con un peque\u00f1o texto dedicado al estudio de arquitectura Vaumm; as\u00ed que \u00a1estamos encantados!<\/p>\n<p align=\"left\"><!--more--><\/p>\n<blockquote>\n<p align=\"left\">\n<p align=\"left\"><strong>Estudios de arquitectura participantes:<\/strong><br \/>\n1.- ANTONIO JIM\u00c9NEZ TORRECILLAS_ Elisa Valero<br \/>\n2.- ARCHIKUBIK _ Jaume Prat<br \/>\n3.- CHURTICHAGA Y DE LA CUADRA SALCEDO_ Andr\u00e9s Perea<br \/>\n4.- CRUZ Y ORTIZ_ Marta Pellegr\u00edn<br \/>\n5.- DJARQUITECTURA_ Javier Arpa<br \/>\n6.- ELAP_ Jos\u00e9 Mar\u00eda Echarte<br \/>\n7.- MANSILLA &amp; TU\u00d1\u00d3N_ Daniel Jim\u00e9nez<br \/>\n8.- EXANDOUNAMANO_ Aurora Adalid<br \/>\n9.- FAKE INDUSTRIES_ Francisco Gonz\u00e1lez y Nuria \u00c1lvarez<br \/>\n10.- GAP_ Luis Moreno y Emilio Tu\u00f1\u00f3n (2006)<br \/>\n11.- GRUPO ARANEA_ Miguel \u00c1ngel D\u00edaz Camacho<br \/>\n12.- MEDIOMUNDO_ Mar\u00eda Gonz\u00e1lez y Juanjo L\u00f3pez de la Cruz<br \/>\n13.- MI5_ Francisco Gonz\u00e1lez y Nuria \u00c1lvarez<br \/>\n14.- MMSA_ Alberto Alonso<br \/>\n15.- NIETO SOBEJANO_ N\u00e9stor Montenegro.<br \/>\n16.- OAB_ Alberto Pe\u00f1in<br \/>\n17.- SELGAS CANO_ Gonzalo Herrero<br \/>\n18.- SOL 89_ Miguel Villegas (Arquitextonica)<br \/>\n19.- TALLER DE CASQUER\u00cdA_ Jes\u00fas Donaire<br \/>\n20.- TEMPERATURAS EXTREMAS_ Raquel Mart\u00ednez e Ignacio Vicente-Sandoval<br \/>\n21.- VAUMM_ Stepienybarno<br \/>\n22.- ZULOARK_ Maite Borjabad<\/p><\/blockquote>\n<p style=\"text-align: center;\"><a href=\"https:\/\/stepienybarno.es\/blog\/wp-content\/uploads\/2015\/10\/VAUMM_-Stepienybarno-Couples-Co.-22-Spanish-Architecture-EDICIONES-ASIMETRICAS-BRIJUNI.jpg\"><img loading=\"lazy\" decoding=\"async\" class=\"aligncenter size-full wp-image-18716\" title=\"VAUMM_ Stepienybarno- Couples &amp; Co. 22-Spanish Architecture-EDICIONES-ASIMETRICAS-BRIJUNI\" src=\"https:\/\/stepienybarno.es\/blog\/wp-content\/uploads\/2015\/10\/VAUMM_-Stepienybarno-Couples-Co.-22-Spanish-Architecture-EDICIONES-ASIMETRICAS-BRIJUNI.jpg\" alt=\"VAUMM_ Stepienybarno- Couples &amp; Co. 22-Spanish Architecture-EDICIONES-ASIMETRICAS-BRIJUNI\" width=\"650\" height=\"422\" srcset=\"https:\/\/stepienybarno.es\/blog\/wp-content\/uploads\/2015\/10\/VAUMM_-Stepienybarno-Couples-Co.-22-Spanish-Architecture-EDICIONES-ASIMETRICAS-BRIJUNI.jpg 650w, https:\/\/stepienybarno.es\/blog\/wp-content\/uploads\/2015\/10\/VAUMM_-Stepienybarno-Couples-Co.-22-Spanish-Architecture-EDICIONES-ASIMETRICAS-BRIJUNI-180x117.jpg 180w, https:\/\/stepienybarno.es\/blog\/wp-content\/uploads\/2015\/10\/VAUMM_-Stepienybarno-Couples-Co.-22-Spanish-Architecture-EDICIONES-ASIMETRICAS-BRIJUNI-550x357.jpg 550w, https:\/\/stepienybarno.es\/blog\/wp-content\/uploads\/2015\/10\/VAUMM_-Stepienybarno-Couples-Co.-22-Spanish-Architecture-EDICIONES-ASIMETRICAS-BRIJUNI-316x205.jpg 316w\" sizes=\"(max-width: 650px) 100vw, 650px\" \/><\/a><\/p>\n<blockquote>\n<p align=\"left\">M\u00e1s informaci\u00f3n en:<\/p>\n<p align=\"left\"><a href=\"http:\/\/edicionesasimetricas.com\/Couples-Co-22-Mirror-Stories-of-Spanish-Architecture-VVAA\">http:\/\/edicionesasimetricas.com\/Couples-Co-22-Mirror-Stories-of-Spanish-Architecture-VVAA<\/a><\/p>\n<\/blockquote>\n<p align=\"left\">\n<blockquote>\n<p align=\"left\">Tambi\u00e9n en:<\/p>\n<p align=\"left\"><a href=\"http:\/\/www.arquilecturas.com\/2015\/10\/mas-que-couples.html#more\">http:\/\/www.arquilecturas.com\/2015\/10\/mas-que-couples.html#more<\/a><\/p>\n<p><a href=\"http:\/\/arquitextonica.net\/2015\/10\/12\/parece-facil-sobre-sol89-arquitectos-para-la-exposicion-couples-co\/\" target=\"_blank\" rel=\"noopener\"><\/a><\/p>\n<p><a href=\"http:\/\/arquitextonica.net\/2015\/10\/12\/parece-facil-sobre-sol89-arquitectos-para-la-exposicion-couples-co\/\" target=\"_blank\" rel=\"noopener\"><\/a><\/p>\n<p><a href=\"http:\/\/arquitextonica.net\/2015\/10\/12\/parece-facil-sobre-sol89-arquitectos-para-la-exposicion-couples-co\/\" target=\"_blank\" rel=\"noopener\"><\/p>\n<p align=\"left\">\n<p><\/a><a href=\"http:\/\/arquitextonica.net\/2015\/10\/12\/parece-facil-sobre-sol89-arquitectos-para-la-exposicion-couples-co\/\" target=\"_blank\" rel=\"noopener\"><\/a><a href=\"http:\/\/arquitextonica.net\/2015\/10\/12\/parece-facil-sobre-sol89-arquitectos-para-la-exposicion-couples-co\/\" target=\"_blank\" rel=\"noopener\"><\/a><\/p>\n<p align=\"left\">\n<blockquote class=\"wp-embedded-content\" data-secret=\"6REBDMEx7K\"><p><a href=\"http:\/\/arquitextonica.net\/2015\/10\/12\/parece-facil-sobre-sol89-arquitectos-para-la-exposicion-couples-co\/\">Parece f\u00e1cil. Sobre Sol89 arquitectos para la exposici\u00f3n Couples &#038; Co.<\/a><\/p><\/blockquote>\n<p><iframe loading=\"lazy\" class=\"wp-embedded-content\" sandbox=\"allow-scripts\" security=\"restricted\" style=\"position: absolute; clip: rect(1px, 1px, 1px, 1px);\" src=\"http:\/\/arquitextonica.net\/2015\/10\/12\/parece-facil-sobre-sol89-arquitectos-para-la-exposicion-couples-co\/embed\/#?secret=6REBDMEx7K\" data-secret=\"6REBDMEx7K\" width=\"600\" height=\"338\" title=\"&#8220;Parece f\u00e1cil.&lt;\/br&gt; Sobre Sol89 arquitectos para la exposici\u00f3n &lt;em&gt;Couples &#038; Co.&lt;\/em&gt;&#8221; &#8212; arquitextonica.net\" frameborder=\"0\" marginwidth=\"0\" marginheight=\"0\" scrolling=\"no\"><\/iframe><\/p>\n<p align=\"left\">\n<\/blockquote>\n<p align=\"left\">\n<p align=\"left\">*<span style=\"color: #999999;\"> Este art\u00edculo ha sido escrito con car\u00e1cter divulgativo y sin ning\u00fan tipo de \u00e1nimo de lucro. As\u00ed que, si te apetece compartirlo en cualquier otro medio, estaremos encantados de que lo hagas siempre y cuando cites el lugar donde lo has encontrado.<\/span><\/p>\n<p align=\"left\"><a href=\"https:\/\/twitter.com\/stepienybarno\"><span style=\"color: #999999;\">STEPIENYBARNO EN TWITTER _ @stepienybarno<\/span><\/a><\/p>\n<p align=\"left\"><a href=\"http:\/\/www.linkedin.com\/company\/stepienybarno\"><span style=\"color: #999999;\">STEPIENYBARNO EN LINKEDIN<\/span><\/a><\/p>\n<p align=\"left\"><a href=\"https:\/\/www.facebook.com\/pages\/BLOG-DE-STEPIENYBARNO\/78001079029\"><span style=\"color: #999999;\">STEPIENYBARNO EN FACEBOOK<\/span><\/a><\/p>\n<p align=\"left\"><span style=\"color: #999999;\">* Stepienybarno est\u00e1 formado por Agnieszka Stepien y Lorenzo Barn\u00f3 y desde mayo del 2009 estamos en la red con\u00a0 la presente publicaci\u00f3n digital (Blog) de arquitectura.<\/span><\/p>\n<p align=\"left\"><span style=\"color: #999999;\">Nuestra actividad se sustenta en tres pilares b\u00e1sicos: la investigaci\u00f3n, la publicaci\u00f3n y la redacci\u00f3n de proyectos de arquitectura.<\/span><\/p>\n<p align=\"left\"><span style=\"color: #999999;\">A su vez, somos socios cofundadores de <a href=\"http:\/\/sinergiasostenible.org\/\">SINERGIA SOSTENIBLE<\/a>, redactores de <a href=\"http:\/\/www.laciudadviva.org\/blogs\/?author=45\">LA CIUDAD VIVA<\/a> y directores del blog de FUNDACI\u00d3N ARQUIA.<\/span><\/p>\n<p align=\"left\"><span style=\"color: #999999;\">* Los editores de esta publicaci\u00f3n digital no nos hacemos cargo de de los comentarios y\u00a0 conceptos vertidos en los textos firmados por otras personas, siendo \u00e9stos de responsabilidad exclusiva de sus autores.<\/span><\/p>\n<p align=\"left\"><span style=\"color: #999999;\">* Tu comentario pudiera ser moderado, por lo tanto, aunque aparezca inmediatamente al ser publicado en la entrada, los editores de esta publicaci\u00f3n digital nos reservamos el derecho tanto de editarlo (si fuera necesario, para hacerlo m\u00e1s legible) como de eliminarlo en el caso de que se usen expresiones incorrectas (descalificaciones, palabras malsonantes\u2026). A su vez, si quieres comentar desde el anonimato puedes hacerlo, aunque, nosotros personalmente, agradecemos que tod@s nos podamos identificar.<\/span><\/p>\n","protected":false},"excerpt":{"rendered":"<p>Estupendo cat\u00e1logo de la  exposici\u00f3n colectiva de Berl\u00edn  que han comisariado Brijuni Arquitectos &#8211; Beatriz Villanueva y Francisco J. Casas- y Teresa S\u00e1nchez de Ler\u00edn.<\/p>\n<p>La edici\u00f3n del libro es exquisita y ha corrido a cargo de Ediciones Asim\u00e9tricas.<\/p>\n<p>Adem\u00e1s, tenemos la suerte de participar con un peque\u00f1o texto dedicado al estudio de arquitectura Vaumm; as\u00ed que \u00a1estamos encantados!<\/p>\n<p>(m\u00e1s&#8230;)<\/p>\n","protected":false},"author":2,"featured_media":0,"comment_status":"open","ping_status":"closed","sticky":false,"template":"","format":"standard","meta":{"om_disable_all_campaigns":false,"_monsterinsights_skip_tracking":false,"_monsterinsights_sitenote_active":false,"_monsterinsights_sitenote_note":"","_monsterinsights_sitenote_category":0,"_uf_show_specific_survey":0,"_uf_disable_surveys":false,"episode_type":"","audio_file":"","cover_image":"","cover_image_id":"","duration":"","filesize":"","date_recorded":"","explicit":"","block":"","filesize_raw":"","footnotes":""},"categories":[34,4],"tags":[5075,1641,130,245,3372,258,3170,3718,541,3288,3715,457,520,607,3713,3712,3707,3710,3703,676,3702,1375,3716,876,281,698,3711,2700,3714,697,3717,3709,3706,952,416,3705,859,672,3708,3704,2255,3557,547,35,3258,3701,175,834],"series":[],"class_list":["post-18714","post","type-post","status-publish","format-standard","hentry","category-actualidad","category-arquilectura","tag-alberto-alonso-oro","tag-alberto-penin","tag-andres-perea","tag-antonio-jimenez-torrecillas","tag-archikubik","tag-arquitextonica","tag-aurora-adalid","tag-churtichaga-y-de-la-cuadra-salcedo","tag-cruz-y-ortiz","tag-daniel-jimenez","tag-djarquitectura","tag-elap","tag-elisa-valero","tag-emilio-tunon","tag-exandounamano","tag-fake-industries","tag-francisco-gonzalez","tag-gap","tag-gonzalo-herrero","tag-grupo-aranea","tag-ignacio-vicente-sandoval","tag-jaume-prat-ortells","tag-javier-arpa","tag-jesus-donaire","tag-jose-maria-echarte","tag-juanjo-lopez-de-la-cruz","tag-luis-moreno","tag-maite-borjabad","tag-mansilla-tunon","tag-maria-gonzalez","tag-marta-pellegrin","tag-mediomundo","tag-mi5","tag-miguel-angel-diaz-camacho","tag-miguel-villegas","tag-mmsa","tag-nestor-montenegro","tag-nieto-sobejano","tag-nuria-alvarez","tag-oab","tag-raquel-martinez","tag-selgas-cano","tag-sol-89","tag-stepienybarno","tag-taller-de-casqueria","tag-temperaturas-extremas","tag-vaumm","tag-zuloark"],"aioseo_notices":[],"episode_featured_image":false,"episode_player_image":"https:\/\/stepienybarno.es\/blog\/wp-content\/uploads\/2020\/11\/stepienybarno-podcast-scaled.jpg","download_link":"","player_link":"","audio_player":false,"episode_data":{"playerMode":"dark","subscribeUrls":[],"rssFeedUrl":"https:\/\/stepienybarno.es\/blog\/feed\/podcast\/podcast-de-stepienybarno","embedCode":"<blockquote class=\"wp-embedded-content\" data-secret=\"AbsaPz0L8q\"><a href=\"https:\/\/stepienybarno.es\/blog\/2015\/10\/12\/couples-co-22-mirror-stories-of-spanish-architecture\/\">COUPLES &#038; CO. 22 MIRROR STORIES OF SPANISH ARCHITECTURE<\/a><\/blockquote><iframe sandbox=\"allow-scripts\" security=\"restricted\" src=\"https:\/\/stepienybarno.es\/blog\/2015\/10\/12\/couples-co-22-mirror-stories-of-spanish-architecture\/embed\/#?secret=AbsaPz0L8q\" width=\"500\" height=\"350\" title=\"\u00abCOUPLES &#038; CO. 22 MIRROR STORIES OF SPANISH ARCHITECTURE\u00bb \u2014 Blog de STEPIEN Y BARNO - publicaci\u00f3n digital sobre arquitectura\" data-secret=\"AbsaPz0L8q\" frameborder=\"0\" marginwidth=\"0\" marginheight=\"0\" scrolling=\"no\" class=\"wp-embedded-content\"><\/iframe><script type=\"text\/javascript\">\n\/* <![CDATA[ *\/\n\/*! This file is auto-generated *\/\n!function(d,l){\"use strict\";l.querySelector&&d.addEventListener&&\"undefined\"!=typeof URL&&(d.wp=d.wp||{},d.wp.receiveEmbedMessage||(d.wp.receiveEmbedMessage=function(e){var t=e.data;if((t||t.secret||t.message||t.value)&&!\/[^a-zA-Z0-9]\/.test(t.secret)){for(var s,r,n,a=l.querySelectorAll('iframe[data-secret=\"'+t.secret+'\"]'),o=l.querySelectorAll('blockquote[data-secret=\"'+t.secret+'\"]'),c=new RegExp(\"^https?:$\",\"i\"),i=0;i<o.length;i++)o[i].style.display=\"none\";for(i=0;i<a.length;i++)s=a[i],e.source===s.contentWindow&&(s.removeAttribute(\"style\"),\"height\"===t.message?(1e3<(r=parseInt(t.value,10))?r=1e3:~~r<200&&(r=200),s.height=r):\"link\"===t.message&&(r=new URL(s.getAttribute(\"src\")),n=new URL(t.value),c.test(n.protocol))&&n.host===r.host&&l.activeElement===s&&(d.top.location.href=t.value))}},d.addEventListener(\"message\",d.wp.receiveEmbedMessage,!1),l.addEventListener(\"DOMContentLoaded\",function(){for(var e,t,s=l.querySelectorAll(\"iframe.wp-embedded-content\"),r=0;r<s.length;r++)(t=(e=s[r]).getAttribute(\"data-secret\"))||(t=Math.random().toString(36).substring(2,12),e.src+=\"#?secret=\"+t,e.setAttribute(\"data-secret\",t)),e.contentWindow.postMessage({message:\"ready\",secret:t},\"*\")},!1)))}(window,document);\n\/* ]]> *\/\n<\/script>\n"},"_links":{"self":[{"href":"https:\/\/stepienybarno.es\/blog\/wp-json\/wp\/v2\/posts\/18714"}],"collection":[{"href":"https:\/\/stepienybarno.es\/blog\/wp-json\/wp\/v2\/posts"}],"about":[{"href":"https:\/\/stepienybarno.es\/blog\/wp-json\/wp\/v2\/types\/post"}],"author":[{"embeddable":true,"href":"https:\/\/stepienybarno.es\/blog\/wp-json\/wp\/v2\/users\/2"}],"replies":[{"embeddable":true,"href":"https:\/\/stepienybarno.es\/blog\/wp-json\/wp\/v2\/comments?post=18714"}],"version-history":[{"count":8,"href":"https:\/\/stepienybarno.es\/blog\/wp-json\/wp\/v2\/posts\/18714\/revisions"}],"predecessor-version":[{"id":18720,"href":"https:\/\/stepienybarno.es\/blog\/wp-json\/wp\/v2\/posts\/18714\/revisions\/18720"}],"wp:attachment":[{"href":"https:\/\/stepienybarno.es\/blog\/wp-json\/wp\/v2\/media?parent=18714"}],"wp:term":[{"taxonomy":"category","embeddable":true,"href":"https:\/\/stepienybarno.es\/blog\/wp-json\/wp\/v2\/categories?post=18714"},{"taxonomy":"post_tag","embeddable":true,"href":"https:\/\/stepienybarno.es\/blog\/wp-json\/wp\/v2\/tags?post=18714"},{"taxonomy":"series","embeddable":true,"href":"https:\/\/stepienybarno.es\/blog\/wp-json\/wp\/v2\/series?post=18714"}],"curies":[{"name":"wp","href":"https:\/\/api.w.org\/{rel}","templated":true}]}}