{"id":18854,"date":"2015-10-22T09:03:49","date_gmt":"2015-10-22T07:03:49","guid":{"rendered":"https:\/\/www.stepienybarno.es\/blog\/?p=18854"},"modified":"2015-10-21T22:28:40","modified_gmt":"2015-10-21T20:28:40","slug":"contexto-como-arquitectura","status":"publish","type":"post","link":"https:\/\/stepienybarno.es\/blog\/2015\/10\/22\/contexto-como-arquitectura\/","title":{"rendered":"CONTEXTO COMO ARQUITECTURA"},"content":{"rendered":"<p><a href=\"https:\/\/stepienybarno.es\/blog\/wp-content\/uploads\/2015\/10\/stepienybarno-blog-stepien-y-barno-arquitectura-ARQUINE-Pedro-hernandez.jpg\"><img loading=\"lazy\" decoding=\"async\" class=\"aligncenter size-medium wp-image-18855\" title=\"stepienybarno-blog-stepien-y-barno-arquitectura-ARQUINE-Pedro-hernandez\" src=\"https:\/\/stepienybarno.es\/blog\/wp-content\/uploads\/2015\/10\/stepienybarno-blog-stepien-y-barno-arquitectura-ARQUINE-Pedro-hernandez-350x263.jpg\" alt=\"stepienybarno-blog-stepien-y-barno-arquitectura-ARQUINE-Pedro-hernandez\" width=\"350\" height=\"263\" \/><\/a><\/p>\n<p>Por Pedro Hern\u00e1ndez Desde <a href=\"http:\/\/www.arquine.com\/\" target=\"_blank\">Arquine<\/a><\/p>\n<p><!--more--><\/p>\n<p><strong>\u201c<\/strong>Frank O. Gehry es, sin duda, uno de los pilares del denominado\u00a0<em>Star-System<\/em> <em>Arquitect\u00f3nico<\/em>. \u2018Su\u2019 Museo Guggenheim en Bilbao es uno de esos proyectos al que se se\u00f1ala cuando se quiere poner de manifiesto las caracter\u00edsticas de esta arquitectura. Esta\u00a0<em>Starchitecture<\/em> es una arquitectura excesiva, en forma y costo, que tiende a desvincularse de cualquier idea de lo social, y se conecta con los grandes poderes econ\u00f3micos y la espectacularizaci\u00f3n medi\u00e1tica, una arquitectura convertida en un objeto meramente est\u00e9tico, pura mercanc\u00eda, lista para ser consumida.<\/p>\n<p>Bilbao catapult\u00f3 a la fama mundial al arquitecto canadiense y trajo tras de s\u00ed -apoyado en un momento de enorme bonanza econ\u00f3mica- el deseo de presidentes, alcaldes o empresarios por producir un gran edificio que, adem\u00e1s de atraer al jugoso turismo y sus ingresos, permitiera convertir cualquier peque\u00f1a ciudad en un \u00edcono global. Llegada la crisis, se cuestion\u00f3 entonces la desmesura de unos arquitectos a los que les parec\u00eda importar m\u00e1s su obra que su utilidad y ser meros ide\u00f3logos al servicio del capital. Preguntado por esta situaci\u00f3n,\u00a0<a href=\"http:\/\/www.arquine.com\/el-dedo\/\" target=\"_blank\">Gehry se defendi\u00f3 con su dedo coraz\u00f3n<\/a>. Un movimiento sencillo, que le cost\u00f3 airadas cr\u00edticas desde distintos frentes que acabaron por reducir y caricaturizar su trabajo a simples gestos, tan aislados como el perpetrado como respuesta. (\u2026)\u201d<\/p>\n<blockquote>\n<p align=\"center\">Acceder al art\u00edculo, <a href=\"http:\/\/www.arquine.com\/contexto-como-arquitectura\/\" target=\"_blank\">AQU\u00cd<\/a><\/p>\n<\/blockquote>\n<p><a href=\"http:\/\/www.lacol.org\/\"><\/a><\/p>\n<p><em>Noticia seleccionada por el Canal de arquitectura STEPIENYBARNO.<\/em><\/p>\n<p><a href=\"https:\/\/twitter.com\/stepienybarno\" target=\"_blank\"><em>STEPIENYBARNO EN TWITTER _ @stepienybarno<\/em><\/a><\/p>\n<p><a href=\"http:\/\/www.linkedin.com\/company\/stepienybarno\" target=\"_blank\"><em>STEPIENYBARNO EN LINKEDIN<\/em><\/a><\/p>\n<p><a href=\"https:\/\/www.facebook.com\/pages\/BLOG-DE-STEPIENYBARNO\/78001079029\" target=\"_blank\"><em>STEPIENYBARNO EN FACEBOOK<\/em><\/a><\/p>\n<p><em><span style=\"color: #888888;\">*Stepienybarno est\u00e1 formado por Agnieszka Stepien y Lorenzo Barn\u00f3 y desde mayo del 2009 estamos en la red con\u00a0 la presente publicaci\u00f3n digital (Blog) de arquitectura.<\/span><\/em><\/p>\n<p><em><span style=\"color: #888888;\">Nuestra actividad se sustenta en tres pilares b\u00e1sicos: la investigaci\u00f3n, la publicaci\u00f3n (comunicaci\u00f3n y difusi\u00f3n) y la redacci\u00f3n de proyectos de arquitectura.<\/span><\/em><\/p>\n<p><em><span style=\"color: #888888;\">A su vez, somos socios cofundadores de<\/span><\/em><em> <\/em><a href=\"http:\/\/sinergiasostenible.org\/\" target=\"_blank\"><em>SINERGIA SOSTENIBLE<\/em><\/a><em><span style=\"color: #888888;\">, redactores de<\/span><\/em><em> <\/em><a href=\"http:\/\/www.laciudadviva.org\/blogs\/?author=45\" target=\"_blank\"><em>LA CIUDAD VIVA<\/em><\/a><em> <\/em><span style=\"color: #888888;\"><em>y directores del blog de<\/em><em> <\/em><\/span><a href=\"http:\/\/blogfundacion.arquia.es\/\" target=\"_blank\"><em>FUNDACI\u00d3N ARQUIA<span style=\"color: #888888;\">.<\/span><\/em><\/a><\/p>\n<p><em><span style=\"color: #888888;\">* Los editores de esta publicaci\u00f3n digital no nos hacemos cargo de de los comentarios y\u00a0 conceptos vertidos en los textos firmados por otras personas, siendo \u00e9stos de responsabilidad exclusiva de sus autores.<\/span><\/em><\/p>\n<p><em><span style=\"color: #888888;\">* Tu comentario podr\u00e1 ser moderado, por lo tanto, aunque aparezca inmediatamente al ser publicado en la entrada, los editores de esta publicaci\u00f3n digital nos reservamos el derecho tanto de editarlo (si fuera necesario, para hacerlo m\u00e1s legible) como de eliminarlo en el caso de que se usen expresiones incorrectas (descalificaciones, palabras malsonantes\u2026). A su vez, si quieres comentar desde el anonimato puedes hacerlo, aunque, nosotros personalmente, agradecemos que tod@s nos podamos identificar.<\/span><\/em><\/p>\n","protected":false},"excerpt":{"rendered":"<p>Por Pedro Hern\u00e1ndez Desde Arquine<\/p>\n<p>(m\u00e1s&#8230;)<\/p>\n","protected":false},"author":2,"featured_media":0,"comment_status":"open","ping_status":"closed","sticky":false,"template":"","format":"standard","meta":{"om_disable_all_campaigns":false,"_monsterinsights_skip_tracking":false,"_monsterinsights_sitenote_active":false,"_monsterinsights_sitenote_note":"","_monsterinsights_sitenote_category":0,"_uf_show_specific_survey":0,"_uf_disable_surveys":false,"episode_type":"","audio_file":"","cover_image":"","cover_image_id":"","duration":"","filesize":"","date_recorded":"","explicit":"","block":"","filesize_raw":"","footnotes":""},"categories":[244],"tags":[3162,1360],"series":[],"class_list":["post-18854","post","type-post","status-publish","format-standard","hentry","category-canal-de-arquitectura","tag-arquine","tag-pedro-hernandez"],"aioseo_notices":[],"episode_featured_image":false,"episode_player_image":"https:\/\/stepienybarno.es\/blog\/wp-content\/uploads\/2020\/11\/stepienybarno-podcast-scaled.jpg","download_link":"","player_link":"","audio_player":false,"episode_data":{"playerMode":"dark","subscribeUrls":[],"rssFeedUrl":"https:\/\/stepienybarno.es\/blog\/feed\/podcast\/podcast-de-stepienybarno","embedCode":"<blockquote class=\"wp-embedded-content\" data-secret=\"5aOAY5JCaA\"><a href=\"https:\/\/stepienybarno.es\/blog\/2015\/10\/22\/contexto-como-arquitectura\/\">CONTEXTO COMO ARQUITECTURA<\/a><\/blockquote><iframe sandbox=\"allow-scripts\" security=\"restricted\" src=\"https:\/\/stepienybarno.es\/blog\/2015\/10\/22\/contexto-como-arquitectura\/embed\/#?secret=5aOAY5JCaA\" width=\"500\" height=\"350\" title=\"\u00abCONTEXTO COMO ARQUITECTURA\u00bb \u2014 Blog de STEPIEN Y BARNO - publicaci\u00f3n digital sobre arquitectura\" data-secret=\"5aOAY5JCaA\" frameborder=\"0\" marginwidth=\"0\" marginheight=\"0\" scrolling=\"no\" class=\"wp-embedded-content\"><\/iframe><script type=\"text\/javascript\">\n\/* <![CDATA[ *\/\n\/*! This file is auto-generated *\/\n!function(d,l){\"use strict\";l.querySelector&&d.addEventListener&&\"undefined\"!=typeof URL&&(d.wp=d.wp||{},d.wp.receiveEmbedMessage||(d.wp.receiveEmbedMessage=function(e){var t=e.data;if((t||t.secret||t.message||t.value)&&!\/[^a-zA-Z0-9]\/.test(t.secret)){for(var s,r,n,a=l.querySelectorAll('iframe[data-secret=\"'+t.secret+'\"]'),o=l.querySelectorAll('blockquote[data-secret=\"'+t.secret+'\"]'),c=new RegExp(\"^https?:$\",\"i\"),i=0;i<o.length;i++)o[i].style.display=\"none\";for(i=0;i<a.length;i++)s=a[i],e.source===s.contentWindow&&(s.removeAttribute(\"style\"),\"height\"===t.message?(1e3<(r=parseInt(t.value,10))?r=1e3:~~r<200&&(r=200),s.height=r):\"link\"===t.message&&(r=new URL(s.getAttribute(\"src\")),n=new URL(t.value),c.test(n.protocol))&&n.host===r.host&&l.activeElement===s&&(d.top.location.href=t.value))}},d.addEventListener(\"message\",d.wp.receiveEmbedMessage,!1),l.addEventListener(\"DOMContentLoaded\",function(){for(var e,t,s=l.querySelectorAll(\"iframe.wp-embedded-content\"),r=0;r<s.length;r++)(t=(e=s[r]).getAttribute(\"data-secret\"))||(t=Math.random().toString(36).substring(2,12),e.src+=\"#?secret=\"+t,e.setAttribute(\"data-secret\",t)),e.contentWindow.postMessage({message:\"ready\",secret:t},\"*\")},!1)))}(window,document);\n\/* ]]> *\/\n<\/script>\n"},"_links":{"self":[{"href":"https:\/\/stepienybarno.es\/blog\/wp-json\/wp\/v2\/posts\/18854"}],"collection":[{"href":"https:\/\/stepienybarno.es\/blog\/wp-json\/wp\/v2\/posts"}],"about":[{"href":"https:\/\/stepienybarno.es\/blog\/wp-json\/wp\/v2\/types\/post"}],"author":[{"embeddable":true,"href":"https:\/\/stepienybarno.es\/blog\/wp-json\/wp\/v2\/users\/2"}],"replies":[{"embeddable":true,"href":"https:\/\/stepienybarno.es\/blog\/wp-json\/wp\/v2\/comments?post=18854"}],"version-history":[{"count":2,"href":"https:\/\/stepienybarno.es\/blog\/wp-json\/wp\/v2\/posts\/18854\/revisions"}],"predecessor-version":[{"id":18857,"href":"https:\/\/stepienybarno.es\/blog\/wp-json\/wp\/v2\/posts\/18854\/revisions\/18857"}],"wp:attachment":[{"href":"https:\/\/stepienybarno.es\/blog\/wp-json\/wp\/v2\/media?parent=18854"}],"wp:term":[{"taxonomy":"category","embeddable":true,"href":"https:\/\/stepienybarno.es\/blog\/wp-json\/wp\/v2\/categories?post=18854"},{"taxonomy":"post_tag","embeddable":true,"href":"https:\/\/stepienybarno.es\/blog\/wp-json\/wp\/v2\/tags?post=18854"},{"taxonomy":"series","embeddable":true,"href":"https:\/\/stepienybarno.es\/blog\/wp-json\/wp\/v2\/series?post=18854"}],"curies":[{"name":"wp","href":"https:\/\/api.w.org\/{rel}","templated":true}]}}