{"id":18870,"date":"2015-10-22T19:17:25","date_gmt":"2015-10-22T17:17:25","guid":{"rendered":"https:\/\/www.stepienybarno.es\/blog\/?p=18870"},"modified":"2015-10-22T17:13:47","modified_gmt":"2015-10-22T15:13:47","slug":"la-%e2%80%9ckokfelt%e2%80%9d-casa-minima-de-intensidad-maxima%e2%80%a6-jacobsen-1955-57","status":"publish","type":"post","link":"https:\/\/stepienybarno.es\/blog\/2015\/10\/22\/la-%e2%80%9ckokfelt%e2%80%9d-casa-minima-de-intensidad-maxima%e2%80%a6-jacobsen-1955-57\/","title":{"rendered":"LA \u201cKOKFELT\u201d, CASA M\u00cdNIMA DE INTENSIDAD M\u00c1XIMA\u2026 (JACOBSEN, 1955-57)"},"content":{"rendered":"<p style=\"text-align: center;\"><a href=\"https:\/\/stepienybarno.es\/blog\/wp-content\/uploads\/2015\/10\/stepienybarno-blog-stepien-y-barno-arquitectura-rodrigo-almonacid-r-arquitectura.jpg\"><img loading=\"lazy\" decoding=\"async\" class=\"size-full wp-image-18871 aligncenter\" title=\"stepienybarno-blog-stepien-y-barno-arquitectura-rodrigo-almonacid-r-arquitectura\" src=\"https:\/\/stepienybarno.es\/blog\/wp-content\/uploads\/2015\/10\/stepienybarno-blog-stepien-y-barno-arquitectura-rodrigo-almonacid-r-arquitectura.jpg\" alt=\"stepienybarno-blog-stepien-y-barno-arquitectura-rodrigo-almonacid-r-arquitectura\" width=\"500\" height=\"500\" srcset=\"https:\/\/stepienybarno.es\/blog\/wp-content\/uploads\/2015\/10\/stepienybarno-blog-stepien-y-barno-arquitectura-rodrigo-almonacid-r-arquitectura.jpg 500w, https:\/\/stepienybarno.es\/blog\/wp-content\/uploads\/2015\/10\/stepienybarno-blog-stepien-y-barno-arquitectura-rodrigo-almonacid-r-arquitectura-180x180.jpg 180w, https:\/\/stepienybarno.es\/blog\/wp-content\/uploads\/2015\/10\/stepienybarno-blog-stepien-y-barno-arquitectura-rodrigo-almonacid-r-arquitectura-224x224.jpg 224w, https:\/\/stepienybarno.es\/blog\/wp-content\/uploads\/2015\/10\/stepienybarno-blog-stepien-y-barno-arquitectura-rodrigo-almonacid-r-arquitectura-316x316.jpg 316w\" sizes=\"(max-width: 500px) 100vw, 500px\" \/><\/a><\/p>\n<p>Por Rodrigo Almonacid Desde <a href=\"https:\/\/rarquitectura.wordpress.com\/\" target=\"_blank\">R-Arquitectura<\/a><\/p>\n<p><!--more--><\/p>\n<p>\u201cLa casa\u00a0<strong>Kokfelt<\/strong>, m\u00e1s que una casa, es una forma de vida, una\u00a0<em>d\u00edaita<\/em> o\u00a0<em>di\u00e6ta<\/em> que dir\u00edan los cl\u00e1sicos. Fue dise\u00f1ada por el dan\u00e9s\u00a0<strong>Arne Jacobsen<\/strong> entre 1955 y terminada de construir\u00a0en 1957 como alojamiento de verano para una peque\u00f1a familia. No es de esas piezas memorables por su car\u00e1cter mod\u00e9lico en t\u00e9rminos formales ni tecnol\u00f3gicos, pero a su autor le permiti\u00f3 afianzar una l\u00ednea de investigaci\u00f3n dom\u00e9stica que dar\u00eda frutos tan brillantes como la\u00a0<a href=\"http:\/\/upcommons.upc.edu\/bitstream\/handle\/2099\/13764\/DPA26_62_Bardi.pdf?sequence=1\" target=\"_blank\">Siesby <\/a>(1957) y la<a href=\"https:\/\/rarquitectura.files.wordpress.com\/2013\/03\/arne-jacobsen-casas-prefabricadas-kubeflex-c-rodrigo-almonacid-phd-architect.pdf\" target=\"_blank\">Jensen <\/a>(1960), seguramente m\u00e1s conocidas por todos.<\/p>\n<p>M\u00e1s all\u00e1 de tratar aqu\u00ed de su g\u00e9nesis, me parece oportuno dedicar esta reflexi\u00f3n a prop\u00f3sito de dos de sus mejores atributos por ser hoy tan despreciados (cuando no denostados): la\u00a0<strong>econom\u00eda de medios<\/strong> y la\u00a0<strong>discreci\u00f3n<\/strong>. Pese a ello (o precisamente por ello) la soluci\u00f3n definitiva muestra una belleza inusitada, basada en lo simple, en lo efectivo y comedido, sin que ello signifique renunciar a la experimentaci\u00f3n. Sin lugar a dudas, la casa\u00a0Kokfelt es uno de los ejercicios m\u00e1s sint\u00e9ticos y precisos de toda la obra de Jacobsen. Es seguramente una de esas obras de la posguerra que mejor responden al\u00a0<a href=\"http:\/\/www.thefreelibrary.com\/HEROISM+versus+EMPIRICISM.-a059601729\" target=\"_blank\"><strong>Nuevo Empirismo<\/strong> escandinavo<\/a>. Su f\u00f3rmula es b\u00e1sica: una<strong>tipolog\u00eda de \u201ccasa-belvedere\u201d<\/strong> de configuraci\u00f3n compacta y construcci\u00f3n elemental.<strong>Una \u201ccaja panor\u00e1mica\u201d \u00edntimamente vinculada al paisaje<\/strong>. (\u2026)\u201d<\/p>\n<blockquote>\n<p align=\"center\">Accede a la reflexi\u00f3n, <a href=\"https:\/\/rarquitectura.wordpress.com\/2015\/09\/02\/casa-kokfelt-jacobsen\/\" target=\"_blank\">AQU\u00cd<\/a><\/p>\n<\/blockquote>\n<p align=\"center\">\n<p><a href=\"http:\/\/www.lacol.org\/\"><\/a><\/p>\n<p><em><span style=\"color: #999999;\">Noticia seleccionada por el Canal de arquitectura STEPIENYBARNO.<\/span><\/em><\/p>\n<p><a href=\"https:\/\/twitter.com\/stepienybarno\" target=\"_blank\"><em>STEPIENYBARNO EN TWITTER _ @stepienybarno<\/em><\/a><\/p>\n<p><a href=\"http:\/\/www.linkedin.com\/company\/stepienybarno\" target=\"_blank\"><em>STEPIENYBARNO EN LINKEDIN<\/em><\/a><\/p>\n<p><a href=\"https:\/\/www.facebook.com\/pages\/BLOG-DE-STEPIENYBARNO\/78001079029\" target=\"_blank\"><em>STEPIENYBARNO EN FACEBOOK<\/em><\/a><\/p>\n<p><em><span style=\"color: #999999;\">*Stepienybarno est\u00e1 formado por Agnieszka Stepien y Lorenzo Barn\u00f3 y desde mayo del 2009 estamos en la red con\u00a0 la presente publicaci\u00f3n digital (Blog) de arquitectura.<\/span><\/em><\/p>\n<p><em><span style=\"color: #999999;\">Nuestra actividad se sustenta en tres pilares b\u00e1sicos: la investigaci\u00f3n, la publicaci\u00f3n (comunicaci\u00f3n y difusi\u00f3n) y la redacci\u00f3n de proyectos de arquitectura.<\/span><\/em><\/p>\n<p><em><span style=\"color: #999999;\">A su vez, somos socios cofundadores de<\/span><\/em><em> <\/em><a href=\"http:\/\/sinergiasostenible.org\/\" target=\"_blank\"><em>SINERGIA SOSTENIBLE<\/em><\/a><em><span style=\"color: #999999;\">, redactores de<\/span><\/em><em> <\/em><a href=\"http:\/\/www.laciudadviva.org\/blogs\/?author=45\" target=\"_blank\"><em>LA CIUDAD VIVA<\/em><\/a><span style=\"color: #999999;\"><em> <\/em><em>y directores del blog de<\/em><em> <\/em><\/span><a href=\"http:\/\/blogfundacion.arquia.es\/\" target=\"_blank\"><em>FUNDACI\u00d3N ARQUIA<span style=\"color: #999999;\">.<\/span><\/em><\/a><\/p>\n<p><em><span style=\"color: #999999;\">* Los editores de esta publicaci\u00f3n digital no nos hacemos cargo de de los comentarios y\u00a0 conceptos vertidos en los textos firmados por otras personas, siendo \u00e9stos de responsabilidad exclusiva de sus autores.<\/span><\/em><\/p>\n<p><em><span style=\"color: #999999;\">* Tu comentario podr\u00e1 ser moderado, por lo tanto, aunque aparezca inmediatamente al ser publicado en la entrada, los editores de esta publicaci\u00f3n digital nos reservamos el derecho tanto de editarlo (si fuera necesario, para hacerlo m\u00e1s legible) como de eliminarlo en el caso de que se usen expresiones incorrectas (descalificaciones, palabras malsonantes\u2026). A su vez, si quieres comentar desde el anonimato puedes hacerlo, aunque, nosotros personalmente, agradecemos que tod@s nos podamos identificar.<\/span><\/em><\/p>\n","protected":false},"excerpt":{"rendered":"<p>Por Rodrigo Almonacid Desde R-Arquitectura<\/p>\n<p>(m\u00e1s&#8230;)<\/p>\n","protected":false},"author":2,"featured_media":0,"comment_status":"open","ping_status":"closed","sticky":false,"template":"","format":"standard","meta":{"om_disable_all_campaigns":false,"_monsterinsights_skip_tracking":false,"_monsterinsights_sitenote_active":false,"_monsterinsights_sitenote_note":"","_monsterinsights_sitenote_category":0,"_uf_show_specific_survey":0,"_uf_disable_surveys":false,"episode_type":"","audio_file":"","cover_image":"","cover_image_id":"","duration":"","filesize":"","date_recorded":"","explicit":"","block":"","filesize_raw":"","footnotes":""},"categories":[244],"tags":[2379,2279],"series":[],"class_list":["post-18870","post","type-post","status-publish","format-standard","hentry","category-canal-de-arquitectura","tag-r-arquitectura","tag-rodrigo-almonacid"],"aioseo_notices":[],"episode_featured_image":false,"episode_player_image":"https:\/\/stepienybarno.es\/blog\/wp-content\/uploads\/2020\/11\/stepienybarno-podcast-scaled.jpg","download_link":"","player_link":"","audio_player":false,"episode_data":{"playerMode":"dark","subscribeUrls":[],"rssFeedUrl":"https:\/\/stepienybarno.es\/blog\/feed\/podcast\/podcast-de-stepienybarno","embedCode":"<blockquote class=\"wp-embedded-content\" data-secret=\"oCIEo3FRWi\"><a href=\"https:\/\/stepienybarno.es\/blog\/2015\/10\/22\/la-%e2%80%9ckokfelt%e2%80%9d-casa-minima-de-intensidad-maxima%e2%80%a6-jacobsen-1955-57\/\">LA \u201cKOKFELT\u201d, CASA M\u00cdNIMA DE INTENSIDAD M\u00c1XIMA\u2026 (JACOBSEN, 1955-57)<\/a><\/blockquote><iframe sandbox=\"allow-scripts\" security=\"restricted\" src=\"https:\/\/stepienybarno.es\/blog\/2015\/10\/22\/la-%e2%80%9ckokfelt%e2%80%9d-casa-minima-de-intensidad-maxima%e2%80%a6-jacobsen-1955-57\/embed\/#?secret=oCIEo3FRWi\" width=\"500\" height=\"350\" title=\"\u00abLA \u201cKOKFELT\u201d, CASA M\u00cdNIMA DE INTENSIDAD M\u00c1XIMA\u2026 (JACOBSEN, 1955-57)\u00bb \u2014 Blog de STEPIEN Y BARNO - publicaci\u00f3n digital sobre arquitectura\" data-secret=\"oCIEo3FRWi\" frameborder=\"0\" marginwidth=\"0\" marginheight=\"0\" scrolling=\"no\" class=\"wp-embedded-content\"><\/iframe><script type=\"text\/javascript\">\n\/* <![CDATA[ *\/\n\/*! This file is auto-generated *\/\n!function(d,l){\"use strict\";l.querySelector&&d.addEventListener&&\"undefined\"!=typeof URL&&(d.wp=d.wp||{},d.wp.receiveEmbedMessage||(d.wp.receiveEmbedMessage=function(e){var t=e.data;if((t||t.secret||t.message||t.value)&&!\/[^a-zA-Z0-9]\/.test(t.secret)){for(var s,r,n,a=l.querySelectorAll('iframe[data-secret=\"'+t.secret+'\"]'),o=l.querySelectorAll('blockquote[data-secret=\"'+t.secret+'\"]'),c=new RegExp(\"^https?:$\",\"i\"),i=0;i<o.length;i++)o[i].style.display=\"none\";for(i=0;i<a.length;i++)s=a[i],e.source===s.contentWindow&&(s.removeAttribute(\"style\"),\"height\"===t.message?(1e3<(r=parseInt(t.value,10))?r=1e3:~~r<200&&(r=200),s.height=r):\"link\"===t.message&&(r=new URL(s.getAttribute(\"src\")),n=new URL(t.value),c.test(n.protocol))&&n.host===r.host&&l.activeElement===s&&(d.top.location.href=t.value))}},d.addEventListener(\"message\",d.wp.receiveEmbedMessage,!1),l.addEventListener(\"DOMContentLoaded\",function(){for(var e,t,s=l.querySelectorAll(\"iframe.wp-embedded-content\"),r=0;r<s.length;r++)(t=(e=s[r]).getAttribute(\"data-secret\"))||(t=Math.random().toString(36).substring(2,12),e.src+=\"#?secret=\"+t,e.setAttribute(\"data-secret\",t)),e.contentWindow.postMessage({message:\"ready\",secret:t},\"*\")},!1)))}(window,document);\n\/* ]]> *\/\n<\/script>\n"},"_links":{"self":[{"href":"https:\/\/stepienybarno.es\/blog\/wp-json\/wp\/v2\/posts\/18870"}],"collection":[{"href":"https:\/\/stepienybarno.es\/blog\/wp-json\/wp\/v2\/posts"}],"about":[{"href":"https:\/\/stepienybarno.es\/blog\/wp-json\/wp\/v2\/types\/post"}],"author":[{"embeddable":true,"href":"https:\/\/stepienybarno.es\/blog\/wp-json\/wp\/v2\/users\/2"}],"replies":[{"embeddable":true,"href":"https:\/\/stepienybarno.es\/blog\/wp-json\/wp\/v2\/comments?post=18870"}],"version-history":[{"count":2,"href":"https:\/\/stepienybarno.es\/blog\/wp-json\/wp\/v2\/posts\/18870\/revisions"}],"predecessor-version":[{"id":18873,"href":"https:\/\/stepienybarno.es\/blog\/wp-json\/wp\/v2\/posts\/18870\/revisions\/18873"}],"wp:attachment":[{"href":"https:\/\/stepienybarno.es\/blog\/wp-json\/wp\/v2\/media?parent=18870"}],"wp:term":[{"taxonomy":"category","embeddable":true,"href":"https:\/\/stepienybarno.es\/blog\/wp-json\/wp\/v2\/categories?post=18870"},{"taxonomy":"post_tag","embeddable":true,"href":"https:\/\/stepienybarno.es\/blog\/wp-json\/wp\/v2\/tags?post=18870"},{"taxonomy":"series","embeddable":true,"href":"https:\/\/stepienybarno.es\/blog\/wp-json\/wp\/v2\/series?post=18870"}],"curies":[{"name":"wp","href":"https:\/\/api.w.org\/{rel}","templated":true}]}}