{"id":18874,"date":"2015-10-23T09:02:10","date_gmt":"2015-10-23T07:02:10","guid":{"rendered":"https:\/\/www.stepienybarno.es\/blog\/?p=18874"},"modified":"2015-10-22T19:43:03","modified_gmt":"2015-10-22T17:43:03","slug":"%c2%bfcuanto-cuestan-las-casas-de-las-series-mas-famosas-de-la-television","status":"publish","type":"post","link":"https:\/\/stepienybarno.es\/blog\/2015\/10\/23\/%c2%bfcuanto-cuestan-las-casas-de-las-series-mas-famosas-de-la-television\/","title":{"rendered":"\u00bfCU\u00c1NTO CUESTAN LAS CASAS DE LAS SERIES M\u00c1S FAMOSAS DE LA TELEVISI\u00d3N?"},"content":{"rendered":"<p style=\"text-align: center;\"><a href=\"https:\/\/stepienybarno.es\/blog\/wp-content\/uploads\/2015\/10\/stepienybarno-blog-stepien-y-barno-arquitectura-EL-MUNDO.jpg\"><img loading=\"lazy\" decoding=\"async\" class=\"size-full wp-image-18875 aligncenter\" title=\"stepienybarno-blog-stepien-y-barno-arquitectura-EL-MUNDO\" src=\"https:\/\/stepienybarno.es\/blog\/wp-content\/uploads\/2015\/10\/stepienybarno-blog-stepien-y-barno-arquitectura-EL-MUNDO.jpg\" alt=\"stepienybarno-blog-stepien-y-barno-arquitectura-EL-MUNDO\" width=\"500\" height=\"273\" srcset=\"https:\/\/stepienybarno.es\/blog\/wp-content\/uploads\/2015\/10\/stepienybarno-blog-stepien-y-barno-arquitectura-EL-MUNDO.jpg 500w, https:\/\/stepienybarno.es\/blog\/wp-content\/uploads\/2015\/10\/stepienybarno-blog-stepien-y-barno-arquitectura-EL-MUNDO-180x98.jpg 180w, https:\/\/stepienybarno.es\/blog\/wp-content\/uploads\/2015\/10\/stepienybarno-blog-stepien-y-barno-arquitectura-EL-MUNDO-316x173.jpg 316w\" sizes=\"(max-width: 500px) 100vw, 500px\" \/><\/a><\/p>\n<p>Por Lara Carrasco Desde <a href=\"http:\/\/www.elmundo.es\/\" target=\"_blank\">El Mundo<\/a><\/p>\n<p><!--more--><\/p>\n<p><strong>\u201c<\/strong>Los personajes m\u00e1s famosos de las series de televisi\u00f3n suelen tener lujosos chal\u00e9s, bohemios apartamentos en el centro, lofts envidiables, etc. Pero poco sabemos de las caracter\u00edsticas de sus viviendas. \u00bfCu\u00e1nto costar\u00eda vivir en la casa de Carrie Bradshaw? \u00bfY en la de M\u00f3nica y Rachel de Friends en pleno centro de Nueva York? \u00bfSer\u00eda muy caro residir en el chal\u00e9 de Walter White? Varias inmobiliarias brit\u00e1nicas y estadounidenses, como The Corcoran Group o Brown Harris Stevens, han estimado el precio de las casas, la mayor\u00eda reales, m\u00e1s famosas de la televisi\u00f3n. En total, han valorado 25 inmuebles, de los que ELMUNDO.ES ha seleccionado los 10 principales. (\u2026)\u201d<\/p>\n<blockquote>\n<p style=\"text-align: center;\">Acceder al art\u00edculo, <a href=\"http:\/\/www.elmundo.es\/economia\/2015\/09\/24\/55fab08ae2704e0c4b8b4593.html\" target=\"_blank\">AQU\u00cd<\/a><\/p>\n<p style=\"text-align: center;\">\n<\/blockquote>\n<p><em><span style=\"color: #999999;\">Noticia seleccionada por el Canal de arquitectura STEPIENYBARNO.<\/span><\/em><\/p>\n<p><a href=\"https:\/\/twitter.com\/stepienybarno\" target=\"_blank\"><em>STEPIENYBARNO EN TWITTER _ @stepienybarno<\/em><\/a><\/p>\n<p><a href=\"http:\/\/www.linkedin.com\/company\/stepienybarno\" target=\"_blank\"><em>STEPIENYBARNO EN LINKEDIN<\/em><\/a><\/p>\n<p><a href=\"https:\/\/www.facebook.com\/pages\/BLOG-DE-STEPIENYBARNO\/78001079029\" target=\"_blank\"><em>STEPIENYBARNO EN FACEBOOK<\/em><\/a><\/p>\n<p><em><span style=\"color: #999999;\">*Stepienybarno est\u00e1 formado por Agnieszka Stepien y Lorenzo Barn\u00f3 y desde mayo del 2009 estamos en la red con\u00a0 la presente publicaci\u00f3n digital (Blog) de arquitectura.<\/span><\/em><\/p>\n<p><em><span style=\"color: #999999;\">Nuestra actividad se sustenta en tres pilares b\u00e1sicos: la investigaci\u00f3n, la publicaci\u00f3n (comunicaci\u00f3n y difusi\u00f3n) y la redacci\u00f3n de proyectos de arquitectura.<\/span><\/em><\/p>\n<p><em><span style=\"color: #999999;\">A su vez, somos socios cofundadores de<\/span><\/em><em> <\/em><a href=\"http:\/\/sinergiasostenible.org\/\" target=\"_blank\"><em>SINERGIA SOSTENIBLE<\/em><\/a><span style=\"color: #999999;\"><em>, redactores de<\/em><em> <\/em><\/span><a href=\"http:\/\/www.laciudadviva.org\/blogs\/?author=45\" target=\"_blank\"><em>LA CIUDAD VIVA<\/em><\/a><em> <\/em><span style=\"color: #999999;\"><em>y directores del blog de<\/em><em> <\/em><\/span><a href=\"http:\/\/blogfundacion.arquia.es\/\" target=\"_blank\"><em>FUNDACI\u00d3N ARQUIA<span style=\"color: #999999;\">.<\/span><\/em><\/a><\/p>\n<p><em><span style=\"color: #999999;\">* Los editores de esta publicaci\u00f3n digital no nos hacemos cargo de de los comentarios y\u00a0 conceptos vertidos en los textos firmados por otras personas, siendo \u00e9stos de responsabilidad exclusiva de sus autores.<\/span><\/em><\/p>\n<p><em><span style=\"color: #999999;\">* Tu comentario podr\u00e1 ser moderado, por lo tanto, aunque aparezca inmediatamente al ser publicado en la entrada, los editores de esta publicaci\u00f3n digital nos reservamos el derecho tanto de editarlo (si fuera necesario, para hacerlo m\u00e1s legible) como de eliminarlo en el caso de que se usen expresiones incorrectas (descalificaciones, palabras malsonantes\u2026). A su vez, si quieres comentar desde el anonimato puedes hacerlo, aunque, nosotros personalmente, agradecemos que tod@s nos podamos identificar.<\/span><\/em><\/p>\n<h1><em> <\/em><\/h1>\n","protected":false},"excerpt":{"rendered":"<p>Por Lara Carrasco Desde El Mundo<\/p>\n<p>(m\u00e1s&#8230;)<\/p>\n","protected":false},"author":2,"featured_media":0,"comment_status":"open","ping_status":"closed","sticky":false,"template":"","format":"standard","meta":{"om_disable_all_campaigns":false,"_monsterinsights_skip_tracking":false,"_monsterinsights_sitenote_active":false,"_monsterinsights_sitenote_note":"","_monsterinsights_sitenote_category":0,"_uf_show_specific_survey":0,"_uf_disable_surveys":false,"episode_type":"","audio_file":"","cover_image":"","cover_image_id":"","duration":"","filesize":"","date_recorded":"","explicit":"","block":"","filesize_raw":"","footnotes":""},"categories":[244],"tags":[1136,3736],"series":[],"class_list":["post-18874","post","type-post","status-publish","format-standard","hentry","category-canal-de-arquitectura","tag-el-mundo","tag-lara-carrasco"],"aioseo_notices":[],"episode_featured_image":false,"episode_player_image":"https:\/\/stepienybarno.es\/blog\/wp-content\/uploads\/2020\/11\/stepienybarno-podcast-scaled.jpg","download_link":"","player_link":"","audio_player":false,"episode_data":{"playerMode":"dark","subscribeUrls":[],"rssFeedUrl":"https:\/\/stepienybarno.es\/blog\/feed\/podcast\/podcast-de-stepienybarno","embedCode":"<blockquote class=\"wp-embedded-content\" data-secret=\"4mgMASfhyU\"><a href=\"https:\/\/stepienybarno.es\/blog\/2015\/10\/23\/%c2%bfcuanto-cuestan-las-casas-de-las-series-mas-famosas-de-la-television\/\">\u00bfCU\u00c1NTO CUESTAN LAS CASAS DE LAS SERIES M\u00c1S FAMOSAS DE LA TELEVISI\u00d3N?<\/a><\/blockquote><iframe sandbox=\"allow-scripts\" security=\"restricted\" src=\"https:\/\/stepienybarno.es\/blog\/2015\/10\/23\/%c2%bfcuanto-cuestan-las-casas-de-las-series-mas-famosas-de-la-television\/embed\/#?secret=4mgMASfhyU\" width=\"500\" height=\"350\" title=\"\u00ab\u00bfCU\u00c1NTO CUESTAN LAS CASAS DE LAS SERIES M\u00c1S FAMOSAS DE LA TELEVISI\u00d3N?\u00bb \u2014 Blog de STEPIEN Y BARNO - publicaci\u00f3n digital sobre arquitectura\" data-secret=\"4mgMASfhyU\" frameborder=\"0\" marginwidth=\"0\" marginheight=\"0\" scrolling=\"no\" class=\"wp-embedded-content\"><\/iframe><script type=\"text\/javascript\">\n\/* <![CDATA[ *\/\n\/*! This file is auto-generated *\/\n!function(d,l){\"use strict\";l.querySelector&&d.addEventListener&&\"undefined\"!=typeof URL&&(d.wp=d.wp||{},d.wp.receiveEmbedMessage||(d.wp.receiveEmbedMessage=function(e){var t=e.data;if((t||t.secret||t.message||t.value)&&!\/[^a-zA-Z0-9]\/.test(t.secret)){for(var s,r,n,a=l.querySelectorAll('iframe[data-secret=\"'+t.secret+'\"]'),o=l.querySelectorAll('blockquote[data-secret=\"'+t.secret+'\"]'),c=new RegExp(\"^https?:$\",\"i\"),i=0;i<o.length;i++)o[i].style.display=\"none\";for(i=0;i<a.length;i++)s=a[i],e.source===s.contentWindow&&(s.removeAttribute(\"style\"),\"height\"===t.message?(1e3<(r=parseInt(t.value,10))?r=1e3:~~r<200&&(r=200),s.height=r):\"link\"===t.message&&(r=new URL(s.getAttribute(\"src\")),n=new URL(t.value),c.test(n.protocol))&&n.host===r.host&&l.activeElement===s&&(d.top.location.href=t.value))}},d.addEventListener(\"message\",d.wp.receiveEmbedMessage,!1),l.addEventListener(\"DOMContentLoaded\",function(){for(var e,t,s=l.querySelectorAll(\"iframe.wp-embedded-content\"),r=0;r<s.length;r++)(t=(e=s[r]).getAttribute(\"data-secret\"))||(t=Math.random().toString(36).substring(2,12),e.src+=\"#?secret=\"+t,e.setAttribute(\"data-secret\",t)),e.contentWindow.postMessage({message:\"ready\",secret:t},\"*\")},!1)))}(window,document);\n\/* ]]> *\/\n<\/script>\n"},"_links":{"self":[{"href":"https:\/\/stepienybarno.es\/blog\/wp-json\/wp\/v2\/posts\/18874"}],"collection":[{"href":"https:\/\/stepienybarno.es\/blog\/wp-json\/wp\/v2\/posts"}],"about":[{"href":"https:\/\/stepienybarno.es\/blog\/wp-json\/wp\/v2\/types\/post"}],"author":[{"embeddable":true,"href":"https:\/\/stepienybarno.es\/blog\/wp-json\/wp\/v2\/users\/2"}],"replies":[{"embeddable":true,"href":"https:\/\/stepienybarno.es\/blog\/wp-json\/wp\/v2\/comments?post=18874"}],"version-history":[{"count":3,"href":"https:\/\/stepienybarno.es\/blog\/wp-json\/wp\/v2\/posts\/18874\/revisions"}],"predecessor-version":[{"id":18877,"href":"https:\/\/stepienybarno.es\/blog\/wp-json\/wp\/v2\/posts\/18874\/revisions\/18877"}],"wp:attachment":[{"href":"https:\/\/stepienybarno.es\/blog\/wp-json\/wp\/v2\/media?parent=18874"}],"wp:term":[{"taxonomy":"category","embeddable":true,"href":"https:\/\/stepienybarno.es\/blog\/wp-json\/wp\/v2\/categories?post=18874"},{"taxonomy":"post_tag","embeddable":true,"href":"https:\/\/stepienybarno.es\/blog\/wp-json\/wp\/v2\/tags?post=18874"},{"taxonomy":"series","embeddable":true,"href":"https:\/\/stepienybarno.es\/blog\/wp-json\/wp\/v2\/series?post=18874"}],"curies":[{"name":"wp","href":"https:\/\/api.w.org\/{rel}","templated":true}]}}