{"id":18891,"date":"2015-10-26T10:36:45","date_gmt":"2015-10-26T08:36:45","guid":{"rendered":"https:\/\/www.stepienybarno.es\/blog\/?p=18891"},"modified":"2015-10-26T10:43:49","modified_gmt":"2015-10-26T08:43:49","slug":"entrevista-con-jose-farina-tojo-arquiblogs","status":"publish","type":"post","link":"https:\/\/stepienybarno.es\/blog\/2015\/10\/26\/entrevista-con-jose-farina-tojo-arquiblogs\/","title":{"rendered":"ENTREVISTA CON JOS\u00c9 FARI\u00d1A TOJO #ArquiBlogs"},"content":{"rendered":"<p style=\"text-align: center;\"><a href=\"https:\/\/stepienybarno.es\/blog\/wp-content\/uploads\/2015\/10\/jose-fari\u00f1a-stepeinybarno-blog-urbanismo.png\"><img loading=\"lazy\" decoding=\"async\" class=\"alignnone size-full wp-image-18894\" title=\"jose-fari\u00f1a-stepeinybarno-blog-urbanismo\" src=\"https:\/\/stepienybarno.es\/blog\/wp-content\/uploads\/2015\/10\/jose-fari\u00f1a-stepeinybarno-blog-urbanismo.png\" alt=\"jose-fari\u00f1a-stepeinybarno-blog-urbanismo\" width=\"350\" height=\"239\" srcset=\"https:\/\/stepienybarno.es\/blog\/wp-content\/uploads\/2015\/10\/jose-fari\u00f1a-stepeinybarno-blog-urbanismo.png 350w, https:\/\/stepienybarno.es\/blog\/wp-content\/uploads\/2015\/10\/jose-fari\u00f1a-stepeinybarno-blog-urbanismo-180x123.png 180w, https:\/\/stepienybarno.es\/blog\/wp-content\/uploads\/2015\/10\/jose-fari\u00f1a-stepeinybarno-blog-urbanismo-316x216.png 316w\" sizes=\"(max-width: 350px) 100vw, 350px\" \/><\/a><\/p>\n<p>Como bien sab\u00e9is, las entrevistas siempre han sido uno de los hilos conductores de nuestro blog de Stepienybarno.<\/p>\n<p>Hemos hecho de muchos tipos y formatos; pero, todav\u00eda, no hab\u00edamos hecho una serie enfocada en los blogs de arquitectura. As\u00ed que, nos hemos animado con el tema y hoy tenemos a nuestro primer entrevistado. Se trata de una persona a la que queremos y admiramos mucho: Jos\u00e9 Fari\u00f1a.<\/p>\n<p>De hecho no es <a href=\"https:\/\/stepienybarno.es\/blog\/a-r-q-u-i-e-n-t-r-e-v-i-s-t-a-s\/jose-farina\/\" target=\"_blank\">la primera vez que le entrevistamos<\/a> y, si se deja \u00a1no ser\u00e1 la \u00faltima!<\/p>\n<p>All\u00e1 vamos\u2026<\/p>\n<p><!--more--><\/p>\n<p><span style=\"color: #808080;\">1_ \u00bfC\u00f3mo empezaste en el mundo de los blogs de arquitectura?<\/span><\/p>\n<p>Partiendo del hecho de que mi blog no es de arquitectura sino de urbanismo, territorio y paisaje (aunque para algunos no lo parezca hay bastante diferencia entre arquitectura y urbanismo), empec\u00e9 <strong>buscando un medio flexible de comunicar a los alumnos determinadas cuestiones<\/strong> que no se suelen plantear en las aulas si se siguen los programas aprobados.<\/p>\n<p>Digamos que, como medio de <strong>complementar la ense\u00f1anza universitaria.<\/strong><\/p>\n<p><span style=\"color: #808080;\">2_ Te animar\u00edas a contarnos cu\u00e1nto tiempo a la semana dedicas al blog y a todo lo que tiene que ver con \u00e9l. \u00bfQu\u00e9 rutinas mantienes para que el blog siempre est\u00e9 a punto?<\/span><\/p>\n<p>Todos los d\u00edas miro si hay comentarios (que no suele haber, los alumnos son reacios a reconocer que no entienden algo o tienen miedo de decir algo de \u201cpoco nivel\u201d) y los contesto si son preguntas. Y <strong>un par de tardes al mes las dedico a preparar los art\u00edculos.<\/strong> Tambi\u00e9n, voy recopilando las informaciones que me llegan de congresos o convocatorias de revistas y las pego en el lateral. Eso me puede llevar, de media,<strong> unos diez minutos diarios.<\/strong><\/p>\n<p><span style=\"color: #808080;\">3_\u00a0 \u00bfCu\u00e1les son los puntos fuertes de tu blog? \u00bfC\u00f3mo es tu l\u00ednea editorial?<\/span><\/p>\n<p>Supongo que la <strong>claridad y la coherencia.<\/strong> Respecto a la l\u00ednea editorial no creo que exista en un blog. Un blog lo entiendo como algo personal. No as\u00ed una revista en la cual hay normalmente un consejo de redacci\u00f3n y diferentes opiniones sobre algunos temas. Estas diferentes opiniones se consensuan en una l\u00ednea editorial (o se imponen por la propiedad de la revista, claro). En un blog carece de objeto una l\u00ednea editorial. <strong>La l\u00ednea editorial es la personalidad del bloguero. <\/strong>A menos que el blog, en realidad, no sea aut\u00e9ntico sino una revista o un diario, o una plataforma\u2026 con disfraz de blog. El hecho de que algunos art\u00edculos no sean m\u00edos, sino trabajos de los alumnos no cambia la realidad: elijo esos trabajos porque son coherentes con lo que pienso. Es como si, en el fondo, los hubiera escrito yo (o no me hubiera importado escribirlos).<\/p>\n<p><span style=\"color: #808080;\">4_ \u00bfHas colaborado con otros blogs de arquitectura? Cu\u00e9ntanos lo que m\u00e1s valoras de otros blogs de arquitectura\u2026<\/span><\/p>\n<p>No, algunos han reproducido algunos de mis art\u00edculos, citando o sin citar procedencia, pero no recuerdo haber escrito para ninguno. Para revistas s\u00ed, claro. Leo alg\u00fan blog de arquitectura de vez en cuando, pero de forma sistem\u00e1tica pocos, cuatro o cinco. <strong>Lo que m\u00e1s me interesa son aquellos aspectos relacionados con el territorio y la gente que lo habita.<\/strong><\/p>\n<p><span style=\"color: #808080;\">5_ \u00bfQu\u00e9 tipo de post son los que mejor funcionan en tu blog? \u00bfCu\u00e1l ha sido tu post m\u00e1s visitado y\/o comentando hasta el momento?<\/span><\/p>\n<p>No entiendo la expresi\u00f3n de los \u201cpost que mejor funcionan en mi blog\u201d. Mi objetivo no es conseguir muchas visitas, sino que mis alumnos aprendan. <strong>Algunos de los art\u00edculos han tenido una gran difusi\u00f3n cuando los han reproducido plataformas generalistas pero eso no me interesa.<\/strong> No me interesa lo m\u00e1s m\u00ednimo que un art\u00edculo como \u201cEl fe\u00edsmo en Galicia\u201d multiplique por mil el n\u00famero de visitas del que, por ejemplo he dedicado al \u201cCentenario de Roland Barthes\u201d si los que leen el primero se limitan a mirar las im\u00e1genes, decir que estos gallegos est\u00e1n locos y pasar a otra cosa.<\/p>\n<p>Me parece muy bien para un blog de entretenimiento, pero <strong>yo prefiero 4 lectores que sean capaces de leer las aproximadamente ocho p\u00e1ginas de que consta cada art\u00edculo y llegar al final<\/strong>, que 4.000 que miren por encima las fotos y salten al siguiente sin que, para ellos, represente nada. Digamos que no pretendo robustecer \u201cLa sociedad del espect\u00e1culo\u201d.<\/p>\n<p><span style=\"color: #808080;\">6_ H\u00e1blanos un poco c\u00f3mo va la visibilidad del blog. \u00bfHas monetizado directamente o te has planteado monetizar tu blog?<\/span><\/p>\n<p>No, <strong>lo considero parte de mi funci\u00f3n docente por la que ya me paga el Estado.<\/strong><\/p>\n<p><span style=\"color: #808080;\">7_ \u00bfQu\u00e9 importancia juegan las redes sociales a la hora de difundir tu blog? \u00bfTienes alg\u00fan tipo de estrategia de Social Media?<\/span><\/p>\n<p>No pretendo difundir mi blog m\u00e1s que entre mis alumnos, para lo que <strong>no necesito de las redes sociales ni ninguna estrategia de Social Media<\/strong> que, comprendo, resultan indispensables cuando los objetivos del blog son distintos.<\/p>\n<p><span style=\"color: #808080;\">8_ \u00bfCrees que tener tu propio blog te ha abierto otras puertas?<\/span><\/p>\n<p>No, creo que <strong>me ha facilitado mi labor docente.<\/strong><\/p>\n<p><span style=\"color: #808080;\">9_ \u00bfAnimar\u00edas a otr@s compa\u00f1er@s a tener su propio blog? \u00bfQu\u00e9 consejo dar\u00edas a quienes est\u00e1n empezando con su blog?<\/span><\/p>\n<p>S\u00ed, claro, por supuesto. Se trata de una herramienta fundamental en el siglo en el que estamos. Lo que s\u00ed les aconsejar\u00eda es <strong>que tengan claros los objetivos a conseguir.<\/strong><\/p>\n<p><span style=\"color: #808080;\">10_ \u00bfQu\u00e9 expectativas tienes para el blog en un futuro no muy lejano?<\/span><\/p>\n<p>Seguir, m\u00e1s o menos, como hasta ahora. Dentro de unos a\u00f1os, cuando me jubile,<strong> lo reconvertir\u00e9 en una revista o en un repositorio de temas urbanos<\/strong> ya que su objetivo original no tendr\u00e1 objeto. Probablemente dedicado a la <strong>investigaci\u00f3n<\/strong>; es decir, tambi\u00e9n, bastante alejado de las grandes masas lectoras (bueno, en lugar de \u201cmasas lectoras\u201d deber\u00eda haber escrito \u201cmasas poco lectoras\u201d ja ja).<\/p>\n<blockquote><p><strong>Blog de Jos\u00e9 Fari\u00f1a:<\/strong> <a href=\"http:\/\/elblogdefarina.blogspot.com.es\/\" target=\"_blank\">http:\/\/elblogdefarina.blogspot.com.es\/<\/a><\/p><\/blockquote>\n<blockquote><p><strong>Post relacionados:<\/strong><\/p>\n<p>Entresvista con JOS\u00c9 FARI\u00d1A<\/p>\n<p><a href=\"https:\/\/stepienybarno.es\/blog\/a-r-q-u-i-e-n-t-r-e-v-i-s-t-a-s\/jose-farina\/\" target=\"_blank\">https:\/\/stepienybarno.es\/blog\/a-r-q-u-i-e-n-t-r-e-v-i-s-t-a-s\/jose-farina\/<\/a><\/p><\/blockquote>\n<p align=\"left\"><strong> <\/strong><\/p>\n<p><span style=\"color: #808080;\">* Este art\u00edculo ha sido escrito con car\u00e1cter divulgativo y sin ning\u00fan tipo de \u00e1nimo de lucro. As\u00ed que, si te apetece compartirlo en cualquier otro medio, estaremos encantados de que lo hagas siempre y cuando cites el lugar donde lo has encontrado.<\/span><\/p>\n<p><a href=\"https:\/\/twitter.com\/stepienybarno\"><span style=\"color: #808080;\">STEPIENYBARNO EN TWITTER _ @stepienybarno<\/span><\/a><\/p>\n<p><a href=\"http:\/\/www.linkedin.com\/company\/stepienybarno\"><span style=\"color: #808080;\">STEPIENYBARNO EN LINKEDIN<\/span><\/a><\/p>\n<p><a href=\"https:\/\/www.facebook.com\/pages\/BLOG-DE-STEPIENYBARNO\/78001079029\"><span style=\"color: #808080;\">STEPIENYBARNO EN FACEBOOK<\/span><\/a><\/p>\n<p><span style=\"color: #808080;\">* Stepienybarno est\u00e1 formado por Agnieszka Stepien y Lorenzo Barn\u00f3 y desde mayo del 2009 estamos en la red con\u00a0 la presente publicaci\u00f3n digital (Blog) de arquitectura.<\/span><\/p>\n<p><span style=\"color: #808080;\">Nuestra actividad se sustenta en tres pilares b\u00e1sicos: la investigaci\u00f3n, la publicaci\u00f3n y la redacci\u00f3n de proyectos de arquitectura.<\/span><\/p>\n<p align=\"left\"><span style=\"color: #808080;\">A su vez, somos socios cofundadores de <a href=\"http:\/\/sinergiasostenible.org\/\">SINERGIA SOSTENIBLE<\/a>, redactores de <a href=\"http:\/\/www.laciudadviva.org\/blogs\/?author=45\">LA CIUDAD VIVA<\/a> y directores del blog de FUNDACI\u00d3N ARQUIA.<\/span><\/p>\n<p><span style=\"color: #808080;\">* Los editores de esta publicaci\u00f3n digital no nos hacemos cargo de de los comentarios y\u00a0 conceptos vertidos en los textos firmados por otras personas, siendo \u00e9stos de responsabilidad exclusiva de sus autores.<\/span><\/p>\n<p><span style=\"color: #808080;\">* Tu comentario pudiera ser moderado, por lo tanto, aunque aparezca inmediatamente al ser publicado en la entrada, los editores de esta publicaci\u00f3n digital nos reservamos el derecho tanto de editarlo (si fuera necesario, para hacerlo m\u00e1s legible) como de eliminarlo en el caso de que se usen expresiones incorrectas (descalificaciones, palabras malsonantes\u2026). A su vez, si quieres comentar desde el anonimato puedes hacerlo, aunque, nosotros personalmente, agradecemos que tod@s nos podamos identificar.<\/span><\/p>\n","protected":false},"excerpt":{"rendered":"<p>Como bien sab\u00e9is, las entrevistas siempre han sido uno de los hilos conductores de nuestro blog de Stepienybarno.<\/p>\n<p>Hemos hecho de muchos tipos y formatos; pero, todav\u00eda, no hab\u00edamos hecho una serie enfocada en los blogs de arquitectura. As\u00ed que, nos hemos animado con el tema y hoy tenemos a nuestro primer entrevistado. Se trata de una persona a la que queremos y admiramos mucho: Jos\u00e9 Fari\u00f1a.<\/p>\n<p>De hecho no es la primera vez que le entrevistamos y, si se deja \u00a1no ser\u00e1 la \u00faltima!<\/p>\n<p>All\u00e1 vamos\u2026<\/p>\n<p>(m\u00e1s&#8230;)<\/p>\n","protected":false},"author":2,"featured_media":0,"comment_status":"open","ping_status":"closed","sticky":false,"template":"","format":"standard","meta":{"om_disable_all_campaigns":false,"_monsterinsights_skip_tracking":false,"_monsterinsights_sitenote_active":false,"_monsterinsights_sitenote_note":"","_monsterinsights_sitenote_category":0,"_uf_show_specific_survey":0,"_uf_disable_surveys":false,"episode_type":"","audio_file":"","cover_image":"","cover_image_id":"","duration":"","filesize":"","date_recorded":"","explicit":"","block":"","filesize_raw":"","footnotes":""},"categories":[34,63],"tags":[3738,33,128],"series":[],"class_list":["post-18891","post","type-post","status-publish","format-standard","hentry","category-actualidad","category-arqui-entrevista","tag-arquiblogs","tag-blog","tag-jose-farina"],"aioseo_notices":[],"episode_featured_image":false,"episode_player_image":"https:\/\/stepienybarno.es\/blog\/wp-content\/uploads\/2020\/11\/stepienybarno-podcast-scaled.jpg","download_link":"","player_link":"","audio_player":false,"episode_data":{"playerMode":"dark","subscribeUrls":[],"rssFeedUrl":"https:\/\/stepienybarno.es\/blog\/feed\/podcast\/podcast-de-stepienybarno","embedCode":"<blockquote class=\"wp-embedded-content\" data-secret=\"yQ04O2wJls\"><a href=\"https:\/\/stepienybarno.es\/blog\/2015\/10\/26\/entrevista-con-jose-farina-tojo-arquiblogs\/\">ENTREVISTA CON JOS\u00c9 FARI\u00d1A TOJO #ArquiBlogs<\/a><\/blockquote><iframe sandbox=\"allow-scripts\" security=\"restricted\" src=\"https:\/\/stepienybarno.es\/blog\/2015\/10\/26\/entrevista-con-jose-farina-tojo-arquiblogs\/embed\/#?secret=yQ04O2wJls\" width=\"500\" height=\"350\" title=\"\u00abENTREVISTA CON JOS\u00c9 FARI\u00d1A TOJO #ArquiBlogs\u00bb \u2014 Blog de STEPIEN Y BARNO - publicaci\u00f3n digital sobre arquitectura\" data-secret=\"yQ04O2wJls\" frameborder=\"0\" marginwidth=\"0\" marginheight=\"0\" scrolling=\"no\" class=\"wp-embedded-content\"><\/iframe><script type=\"text\/javascript\">\n\/* <![CDATA[ *\/\n\/*! This file is auto-generated *\/\n!function(d,l){\"use strict\";l.querySelector&&d.addEventListener&&\"undefined\"!=typeof URL&&(d.wp=d.wp||{},d.wp.receiveEmbedMessage||(d.wp.receiveEmbedMessage=function(e){var t=e.data;if((t||t.secret||t.message||t.value)&&!\/[^a-zA-Z0-9]\/.test(t.secret)){for(var s,r,n,a=l.querySelectorAll('iframe[data-secret=\"'+t.secret+'\"]'),o=l.querySelectorAll('blockquote[data-secret=\"'+t.secret+'\"]'),c=new RegExp(\"^https?:$\",\"i\"),i=0;i<o.length;i++)o[i].style.display=\"none\";for(i=0;i<a.length;i++)s=a[i],e.source===s.contentWindow&&(s.removeAttribute(\"style\"),\"height\"===t.message?(1e3<(r=parseInt(t.value,10))?r=1e3:~~r<200&&(r=200),s.height=r):\"link\"===t.message&&(r=new URL(s.getAttribute(\"src\")),n=new URL(t.value),c.test(n.protocol))&&n.host===r.host&&l.activeElement===s&&(d.top.location.href=t.value))}},d.addEventListener(\"message\",d.wp.receiveEmbedMessage,!1),l.addEventListener(\"DOMContentLoaded\",function(){for(var e,t,s=l.querySelectorAll(\"iframe.wp-embedded-content\"),r=0;r<s.length;r++)(t=(e=s[r]).getAttribute(\"data-secret\"))||(t=Math.random().toString(36).substring(2,12),e.src+=\"#?secret=\"+t,e.setAttribute(\"data-secret\",t)),e.contentWindow.postMessage({message:\"ready\",secret:t},\"*\")},!1)))}(window,document);\n\/* ]]> *\/\n<\/script>\n"},"_links":{"self":[{"href":"https:\/\/stepienybarno.es\/blog\/wp-json\/wp\/v2\/posts\/18891"}],"collection":[{"href":"https:\/\/stepienybarno.es\/blog\/wp-json\/wp\/v2\/posts"}],"about":[{"href":"https:\/\/stepienybarno.es\/blog\/wp-json\/wp\/v2\/types\/post"}],"author":[{"embeddable":true,"href":"https:\/\/stepienybarno.es\/blog\/wp-json\/wp\/v2\/users\/2"}],"replies":[{"embeddable":true,"href":"https:\/\/stepienybarno.es\/blog\/wp-json\/wp\/v2\/comments?post=18891"}],"version-history":[{"count":6,"href":"https:\/\/stepienybarno.es\/blog\/wp-json\/wp\/v2\/posts\/18891\/revisions"}],"predecessor-version":[{"id":18897,"href":"https:\/\/stepienybarno.es\/blog\/wp-json\/wp\/v2\/posts\/18891\/revisions\/18897"}],"wp:attachment":[{"href":"https:\/\/stepienybarno.es\/blog\/wp-json\/wp\/v2\/media?parent=18891"}],"wp:term":[{"taxonomy":"category","embeddable":true,"href":"https:\/\/stepienybarno.es\/blog\/wp-json\/wp\/v2\/categories?post=18891"},{"taxonomy":"post_tag","embeddable":true,"href":"https:\/\/stepienybarno.es\/blog\/wp-json\/wp\/v2\/tags?post=18891"},{"taxonomy":"series","embeddable":true,"href":"https:\/\/stepienybarno.es\/blog\/wp-json\/wp\/v2\/series?post=18891"}],"curies":[{"name":"wp","href":"https:\/\/api.w.org\/{rel}","templated":true}]}}