{"id":18930,"date":"2015-10-28T10:17:07","date_gmt":"2015-10-28T08:17:07","guid":{"rendered":"https:\/\/www.stepienybarno.es\/blog\/?p=18930"},"modified":"2015-10-28T10:17:07","modified_gmt":"2015-10-28T08:17:07","slug":"baja-la-vivienda-sube-el-coste-de-su-compra","status":"publish","type":"post","link":"https:\/\/stepienybarno.es\/blog\/2015\/10\/28\/baja-la-vivienda-sube-el-coste-de-su-compra\/","title":{"rendered":"BAJA LA VIVIENDA. SUBE EL COSTE DE SU COMPRA"},"content":{"rendered":"<p style=\"text-align: center;\"><a href=\"https:\/\/stepienybarno.es\/blog\/wp-content\/uploads\/2015\/10\/stepienybarno-blog-stepien-y-barno-arquitectura-arquitasa-baja-vivienda.jpg\"><img loading=\"lazy\" decoding=\"async\" class=\"size-full wp-image-18931 aligncenter\" title=\"stepienybarno-blog-stepien-y-barno-arquitectura-arquitasa-baja-vivienda\" src=\"https:\/\/stepienybarno.es\/blog\/wp-content\/uploads\/2015\/10\/stepienybarno-blog-stepien-y-barno-arquitectura-arquitasa-baja-vivienda.jpg\" alt=\"stepienybarno-blog-stepien-y-barno-arquitectura-arquitasa-baja-vivienda\" width=\"500\" height=\"375\" srcset=\"https:\/\/stepienybarno.es\/blog\/wp-content\/uploads\/2015\/10\/stepienybarno-blog-stepien-y-barno-arquitectura-arquitasa-baja-vivienda.jpg 500w, https:\/\/stepienybarno.es\/blog\/wp-content\/uploads\/2015\/10\/stepienybarno-blog-stepien-y-barno-arquitectura-arquitasa-baja-vivienda-180x135.jpg 180w, https:\/\/stepienybarno.es\/blog\/wp-content\/uploads\/2015\/10\/stepienybarno-blog-stepien-y-barno-arquitectura-arquitasa-baja-vivienda-316x237.jpg 316w\" sizes=\"(max-width: 500px) 100vw, 500px\" \/><\/a><\/p>\n<p>Desde <a href=\"http:\/\/www.arquitasa.com\/\" target=\"_blank\">Arquitasa<\/a><\/p>\n<p><!--more--><\/p>\n<p><strong>\u201c<\/strong>Mientras el precio de la\u00a0<strong>vivienda<\/strong> descend\u00eda sin freno en el \u00faltimo lustro,\u00a0<strong>el coste<\/strong> de todo lo que rodea a su compra no ha dejado de subir. Es decir, mientras el patrimonio de los ciudadanos iba descendiendo de valor y el dinero obtenido por la venta de un inmueble iba siendo menor, para el comprador iban aumentando progresivamente todos los costes que acompa\u00f1an a dicha compra, esto es, impuestos, notar\u00edas, registro, gastos inherentes a la firma de un cr\u00e9dito, etc\u2026\/\u00a0<a href=\"http:\/\/www.idealista.com\/news\/inmobiliario\/vivienda\/2013\/10\/02\/670463-que-gastos-acarrea-la-compra-de-una-vivienda-nueva-o-usada\" target=\"_blank\">idealista<\/a><\/p>\n<p>Han ido apareciendo nuevos gastos y aumentado los ya existentes, en un desenfrenado af\u00e1n recaudador de las diferentes Administraciones P\u00fablicas y de los estamentos protegidos que act\u00faan en r\u00e9gimen monopol\u00edstico. El referido coste a\u00f1adido supera en la mayor\u00eda de las Comunidades Aut\u00f3nomas espa\u00f1olas<strong>el 10 % del valor del inmueble adquirido<\/strong>. M\u00e1s del doble de la mayor\u00eda de los pa\u00edses europeos \/\u00a0<a href=\"http:\/\/www.idealista.com\/news\/inmobiliario\/vivienda\/2015\/10\/05\/739441-el-coste-de-transmitir-una-propiedad-en-espana-duplica-al-promedio-de-europa-y-la\" target=\"_blank\">idealista<\/a>. Como caricatura de la situaci\u00f3n los costes inherentes a la compra de un inmueble cuestan en Espa\u00f1a treinta veces m\u00e1s que en Polonia. (\u2026)\u201d<\/p>\n<blockquote>\n<p align=\"center\">Accede a la noticia, <a href=\"http:\/\/www.arquitasa.com\/baja-la-vivienda-sube-el-coste-de-su-compra\/\" target=\"_blank\">AQU\u00cd<\/a><\/p>\n<\/blockquote>\n<p><a href=\"http:\/\/www.lacol.org\/\"><\/a><\/p>\n<p><em><span style=\"color: #999999;\">Noticia seleccionada por el Canal de arquitectura STEPIENYBARNO.<\/span><\/em><\/p>\n<p><a href=\"https:\/\/twitter.com\/stepienybarno\" target=\"_blank\"><em>STEPIENYBARNO EN TWITTER _ @stepienybarno<\/em><\/a><\/p>\n<p><a href=\"http:\/\/www.linkedin.com\/company\/stepienybarno\" target=\"_blank\"><em>STEPIENYBARNO EN LINKEDIN<\/em><\/a><\/p>\n<p><a href=\"https:\/\/www.facebook.com\/pages\/BLOG-DE-STEPIENYBARNO\/78001079029\" target=\"_blank\"><em>STEPIENYBARNO EN FACEBOOK<\/em><\/a><\/p>\n<p><em><span style=\"color: #999999;\">*Stepienybarno est\u00e1 formado por Agnieszka Stepien y Lorenzo Barn\u00f3 y desde mayo del 2009 estamos en la red con\u00a0 la presente publicaci\u00f3n digital (Blog) de arquitectura.<\/span><\/em><\/p>\n<p><em><span style=\"color: #999999;\">Nuestra actividad se sustenta en tres pilares b\u00e1sicos: la investigaci\u00f3n, la publicaci\u00f3n (comunicaci\u00f3n y difusi\u00f3n) y la redacci\u00f3n de proyectos de arquitectura.<\/span><\/em><\/p>\n<p><span style=\"color: #999999;\"><em>A su vez, somos socios cofundadores de<\/em><em> <\/em><\/span><a href=\"http:\/\/sinergiasostenible.org\/\" target=\"_blank\"><em>SINERGIA SOSTENIBLE<\/em><\/a><span style=\"color: #999999;\"><em>, redactores de<\/em><em> <\/em><\/span><a href=\"http:\/\/www.laciudadviva.org\/blogs\/?author=45\" target=\"_blank\"><em>LA CIUDAD VIVA<\/em><\/a><span style=\"color: #999999;\"><em> <\/em><em>y directores del blog de<\/em><\/span><em> <\/em><a href=\"http:\/\/blogfundacion.arquia.es\/\" target=\"_blank\"><em>FUNDACI\u00d3N ARQUIA<span style=\"color: #999999;\">.<\/span><\/em><\/a><\/p>\n<p><em><span style=\"color: #999999;\">* Los editores de esta publicaci\u00f3n digital no nos hacemos cargo de de los comentarios y\u00a0 conceptos vertidos en los textos firmados por otras personas, siendo \u00e9stos de responsabilidad exclusiva de sus autores.<\/span><\/em><\/p>\n<p><em><span style=\"color: #999999;\">* Tu comentario podr\u00e1 ser moderado, por lo tanto, aunque aparezca inmediatamente al ser publicado en la entrada, los editores de esta publicaci\u00f3n digital nos reservamos el derecho tanto de editarlo (si fuera necesario, para hacerlo m\u00e1s legible) como de eliminarlo en el caso de que se usen expresiones incorrectas (descalificaciones, palabras malsonantes\u2026). A su vez, si quieres comentar desde el anonimato puedes hacerlo, aunque, nosotros personalmente, agradecemos que tod@s nos podamos identificar.<\/span><\/em><\/p>\n","protected":false},"excerpt":{"rendered":"<p>Desde Arquitasa<\/p>\n<p>(m\u00e1s&#8230;)<\/p>\n","protected":false},"author":2,"featured_media":0,"comment_status":"open","ping_status":"closed","sticky":false,"template":"","format":"standard","meta":{"om_disable_all_campaigns":false,"_monsterinsights_skip_tracking":false,"_monsterinsights_sitenote_active":false,"_monsterinsights_sitenote_note":"","_monsterinsights_sitenote_category":0,"_uf_show_specific_survey":0,"_uf_disable_surveys":false,"episode_type":"","audio_file":"","cover_image":"","cover_image_id":"","duration":"","filesize":"","date_recorded":"","explicit":"","block":"","filesize_raw":"","footnotes":""},"categories":[244],"tags":[3541],"series":[],"class_list":["post-18930","post","type-post","status-publish","format-standard","hentry","category-canal-de-arquitectura","tag-arquitasa"],"aioseo_notices":[],"episode_featured_image":false,"episode_player_image":"https:\/\/stepienybarno.es\/blog\/wp-content\/uploads\/2020\/11\/stepienybarno-podcast-scaled.jpg","download_link":"","player_link":"","audio_player":false,"episode_data":{"playerMode":"dark","subscribeUrls":[],"rssFeedUrl":"https:\/\/stepienybarno.es\/blog\/feed\/podcast\/podcast-de-stepienybarno","embedCode":"<blockquote class=\"wp-embedded-content\" data-secret=\"LrCOWZ98ZI\"><a href=\"https:\/\/stepienybarno.es\/blog\/2015\/10\/28\/baja-la-vivienda-sube-el-coste-de-su-compra\/\">BAJA LA VIVIENDA. SUBE EL COSTE DE SU COMPRA<\/a><\/blockquote><iframe sandbox=\"allow-scripts\" security=\"restricted\" src=\"https:\/\/stepienybarno.es\/blog\/2015\/10\/28\/baja-la-vivienda-sube-el-coste-de-su-compra\/embed\/#?secret=LrCOWZ98ZI\" width=\"500\" height=\"350\" title=\"\u00abBAJA LA VIVIENDA. SUBE EL COSTE DE SU COMPRA\u00bb \u2014 Blog de STEPIEN Y BARNO - publicaci\u00f3n digital sobre arquitectura\" data-secret=\"LrCOWZ98ZI\" frameborder=\"0\" marginwidth=\"0\" marginheight=\"0\" scrolling=\"no\" class=\"wp-embedded-content\"><\/iframe><script type=\"text\/javascript\">\n\/* <![CDATA[ *\/\n\/*! This file is auto-generated *\/\n!function(d,l){\"use strict\";l.querySelector&&d.addEventListener&&\"undefined\"!=typeof URL&&(d.wp=d.wp||{},d.wp.receiveEmbedMessage||(d.wp.receiveEmbedMessage=function(e){var t=e.data;if((t||t.secret||t.message||t.value)&&!\/[^a-zA-Z0-9]\/.test(t.secret)){for(var s,r,n,a=l.querySelectorAll('iframe[data-secret=\"'+t.secret+'\"]'),o=l.querySelectorAll('blockquote[data-secret=\"'+t.secret+'\"]'),c=new RegExp(\"^https?:$\",\"i\"),i=0;i<o.length;i++)o[i].style.display=\"none\";for(i=0;i<a.length;i++)s=a[i],e.source===s.contentWindow&&(s.removeAttribute(\"style\"),\"height\"===t.message?(1e3<(r=parseInt(t.value,10))?r=1e3:~~r<200&&(r=200),s.height=r):\"link\"===t.message&&(r=new URL(s.getAttribute(\"src\")),n=new URL(t.value),c.test(n.protocol))&&n.host===r.host&&l.activeElement===s&&(d.top.location.href=t.value))}},d.addEventListener(\"message\",d.wp.receiveEmbedMessage,!1),l.addEventListener(\"DOMContentLoaded\",function(){for(var e,t,s=l.querySelectorAll(\"iframe.wp-embedded-content\"),r=0;r<s.length;r++)(t=(e=s[r]).getAttribute(\"data-secret\"))||(t=Math.random().toString(36).substring(2,12),e.src+=\"#?secret=\"+t,e.setAttribute(\"data-secret\",t)),e.contentWindow.postMessage({message:\"ready\",secret:t},\"*\")},!1)))}(window,document);\n\/* ]]> *\/\n<\/script>\n"},"_links":{"self":[{"href":"https:\/\/stepienybarno.es\/blog\/wp-json\/wp\/v2\/posts\/18930"}],"collection":[{"href":"https:\/\/stepienybarno.es\/blog\/wp-json\/wp\/v2\/posts"}],"about":[{"href":"https:\/\/stepienybarno.es\/blog\/wp-json\/wp\/v2\/types\/post"}],"author":[{"embeddable":true,"href":"https:\/\/stepienybarno.es\/blog\/wp-json\/wp\/v2\/users\/2"}],"replies":[{"embeddable":true,"href":"https:\/\/stepienybarno.es\/blog\/wp-json\/wp\/v2\/comments?post=18930"}],"version-history":[{"count":2,"href":"https:\/\/stepienybarno.es\/blog\/wp-json\/wp\/v2\/posts\/18930\/revisions"}],"predecessor-version":[{"id":18933,"href":"https:\/\/stepienybarno.es\/blog\/wp-json\/wp\/v2\/posts\/18930\/revisions\/18933"}],"wp:attachment":[{"href":"https:\/\/stepienybarno.es\/blog\/wp-json\/wp\/v2\/media?parent=18930"}],"wp:term":[{"taxonomy":"category","embeddable":true,"href":"https:\/\/stepienybarno.es\/blog\/wp-json\/wp\/v2\/categories?post=18930"},{"taxonomy":"post_tag","embeddable":true,"href":"https:\/\/stepienybarno.es\/blog\/wp-json\/wp\/v2\/tags?post=18930"},{"taxonomy":"series","embeddable":true,"href":"https:\/\/stepienybarno.es\/blog\/wp-json\/wp\/v2\/series?post=18930"}],"curies":[{"name":"wp","href":"https:\/\/api.w.org\/{rel}","templated":true}]}}