{"id":18945,"date":"2015-10-28T17:10:22","date_gmt":"2015-10-28T15:10:22","guid":{"rendered":"https:\/\/www.stepienybarno.es\/blog\/?p=18945"},"modified":"2015-10-28T17:10:22","modified_gmt":"2015-10-28T15:10:22","slug":"nuevo-curso-de-stepienybarno-en-el-colegio-de-arquitectos-de-cadiz","status":"publish","type":"post","link":"https:\/\/stepienybarno.es\/blog\/2015\/10\/28\/nuevo-curso-de-stepienybarno-en-el-colegio-de-arquitectos-de-cadiz\/","title":{"rendered":"NUEVO CURSO DE STEPIENYBARNO EN EL COLEGIO DE ARQUITECTOS DE C\u00c1DIZ."},"content":{"rendered":"<p style=\"text-align: center;\"><a href=\"https:\/\/stepienybarno.es\/blog\/wp-content\/uploads\/2015\/10\/STEPIENYBARNO-logo_blanco_3501.jpg\"><img loading=\"lazy\" decoding=\"async\" class=\"alignnone size-full wp-image-18947\" title=\"STEPIENYBARNO logo_blanco_350\" src=\"https:\/\/stepienybarno.es\/blog\/wp-content\/uploads\/2015\/10\/STEPIENYBARNO-logo_blanco_3501.jpg\" alt=\"STEPIENYBARNO logo_blanco_350\" width=\"350\" height=\"350\" srcset=\"https:\/\/stepienybarno.es\/blog\/wp-content\/uploads\/2015\/10\/STEPIENYBARNO-logo_blanco_3501.jpg 350w, https:\/\/stepienybarno.es\/blog\/wp-content\/uploads\/2015\/10\/STEPIENYBARNO-logo_blanco_3501-180x180.jpg 180w, https:\/\/stepienybarno.es\/blog\/wp-content\/uploads\/2015\/10\/STEPIENYBARNO-logo_blanco_3501-224x224.jpg 224w, https:\/\/stepienybarno.es\/blog\/wp-content\/uploads\/2015\/10\/STEPIENYBARNO-logo_blanco_3501-316x316.jpg 316w\" sizes=\"(max-width: 350px) 100vw, 350px\" \/><\/a><\/p>\n<p>Despu\u00e9s de la estupenda experiencia del primer curso que dimos en la sede del Colegio de arquitectos de C\u00e1diz (enfocado en temas de Identidad Digital), el mes que viene volvemos a la carga con un curso \/ taller enfocado en el mundo de la comunicaci\u00f3n online.<\/p>\n<p>As\u00ed, los d\u00edas 18 y 19 de noviembre estaremos profundizando en c\u00f3mo nos comunicamos y c\u00f3mo nos podemos comunicar los arquitectos, bajando a tierra las ideas con herramientas digitales.<\/p>\n<p>Tambi\u00e9n daremos un buen repaso al mundo de las webs, blogs y redes sociales.<\/p>\n<p>\u00a1Tiene pinta de que no nos vamos a aburrir!<\/p>\n<p><!--more--><\/p>\n<p>El temario que abordaremos ser\u00e1 el siguiente:<\/p>\n<blockquote><p><span style=\"text-decoration: underline;\">COMUNICACI\u00d3N ONLINE<\/span><\/p>\n<p><strong>1_<\/strong> <strong>Nociones <\/strong>fundamentales de comunicaci\u00f3n online.<\/p>\n<p><strong>2_<\/strong> \u00bf<strong>C\u00f3mo nos hemos comunicado los arquitectos<\/strong>? \u00bfC\u00f3mo nos comunicamos los arquitectos en estos tiempos <strong>2.0<\/strong>?<\/p>\n<p><strong>3_ \u00bf<\/strong>Qu\u00e9 fue del <strong>correo electr\u00f3nico<\/strong>? \u00bfYa muri\u00f3 o, por el contrario, sigue vivo y coleando?<strong><\/strong><\/p>\n<p><span style=\"text-decoration: underline;\">WEB + BLOG<\/span><\/p>\n<p><strong>4_<\/strong> Ideas claves para tener una buena <strong>web<\/strong> de arquitectura.<\/p>\n<p><strong>5_<\/strong> Ideas claves para tener un buen <strong>blog <\/strong>de arquitectura.<\/p>\n<p><strong>6_<\/strong> Buenos <strong>ejemplos<\/strong> de web y blog de arquitectura.<\/p>\n<p><span style=\"text-decoration: underline;\">REDES SOCIALES<\/span><\/p>\n<p><strong>7_<\/strong> <strong>Facebook + Twitter.<\/strong><\/p>\n<p>\u00bfQu\u00e9 hacer en Facebook? \u00bfMe hago una p\u00e1gina o un perfil?<\/p>\n<p>Todo el mundo est\u00e1 en Twitter, pero \u00bfpor d\u00f3nde se empieza?<\/p>\n<p><strong>8_<\/strong> <strong>Otras redes sociales.<\/strong><\/p>\n<p>\u00bfPara qu\u00e9 sirve estar en Linkedin? \u00bfHay que estar en todas las redes sociales? \u00bfC\u00f3mo va eso de Pinterest e Instagram?<\/p>\n<p><strong>9_<\/strong> <strong>Ejemplos<\/strong> de arquitectos que lo est\u00e9n haciendo bien las redes sociales<\/p><\/blockquote>\n<p>La metodolog\u00eda del curso no estar\u00e1 basada en un interminable discurso te\u00f3rico del ponente. Muy al contrario se intentar\u00e1 abordar todos los temas propuestos con <strong>esp\u00edritu participativo y de\u00a0 interacci\u00f3n <\/strong>entre los asistentes; todo ello desde una visi\u00f3n tan<strong> pr\u00e1ctica como te\u00f3rica.<\/strong><\/p>\n<p>Es importante recalcar que, por un lado,\u00a0 los alumnos s\u00ed se llevar\u00e1n <strong>conocimientos t\u00e9cnicos sobre las principales herramientas digitales<\/strong> y, por otro lado, adquirir\u00e1n una <strong>visi\u00f3n panor\u00e1mica y transversal<\/strong> de este nuevo mundo de la comunicaci\u00f3n online para arquitectos.<\/p>\n<p>\u00a1Ya os contaremos qu\u00e9 tal la experiencia!!<\/p>\n<blockquote><p><strong>POST RELACIONADOS:<\/strong><\/p>\n<p>CURSO ONLINE DE IDENTIDAD DIGITAL PARA ARQUITECTOS _ tercera edici\u00f3n.<\/p>\n<p><a href=\"https:\/\/stepienybarno.es\/blog\/2015\/04\/15\/curso-online-de-identidad-digital-para-arquitectos-_-tercera-edicion\/#more-16879\">https:\/\/stepienybarno.es\/blog\/2015\/04\/15\/curso-online-de-identidad-digital-para-arquitectos-_-tercera-edicion\/#more-16879<\/a><\/p><\/blockquote>\n<p>*<span style=\"color: #999999;\"> Este art\u00edculo ha sido escrito con car\u00e1cter divulgativo y sin ning\u00fan tipo de \u00e1nimo de lucro. As\u00ed que, si te apetece compartirlo en cualquier otro medio, estaremos encantados de que lo hagas siempre y cuando cites el lugar donde lo has encontrado.<\/span><\/p>\n<p><a href=\"https:\/\/twitter.com\/stepienybarno\"><span style=\"color: #999999;\">STEPIENYBARNO EN TWITTER _ @stepienybarno<\/span><\/a><\/p>\n<p><a href=\"http:\/\/www.linkedin.com\/company\/stepienybarno\"><span style=\"color: #999999;\">STEPIENYBARNO EN LINKEDIN<\/span><\/a><\/p>\n<p><a href=\"https:\/\/www.facebook.com\/pages\/BLOG-DE-STEPIENYBARNO\/78001079029\"><span style=\"color: #999999;\">STEPIENYBARNO EN FACEBOOK<\/span><\/a><\/p>\n<p><span style=\"color: #999999;\">* Stepienybarno est\u00e1 formado por Agnieszka Stepien y Lorenzo Barn\u00f3 y desde mayo del 2009 estamos en la red con\u00a0 la presente publicaci\u00f3n digital (Blog) de arquitectura.<\/span><\/p>\n<p><span style=\"color: #999999;\">Nuestra actividad se sustenta en tres pilares b\u00e1sicos: la investigaci\u00f3n, la publicaci\u00f3n y la redacci\u00f3n de proyectos de arquitectura.<\/span><\/p>\n<p align=\"left\"><span style=\"color: #999999;\">A su vez, somos socios cofundadores de <a href=\"http:\/\/sinergiasostenible.org\/\">SINERGIA SOSTENIBLE<\/a>, redactores de <a href=\"http:\/\/www.laciudadviva.org\/blogs\/?author=45\">LA CIUDAD VIVA<\/a> y directores del blog de FUNDACI\u00d3N ARQUIA.<\/span><\/p>\n<p><span style=\"color: #999999;\">* Los editores de esta publicaci\u00f3n digital no nos hacemos cargo de de los comentarios y\u00a0 conceptos vertidos en los textos firmados por otras personas, siendo \u00e9stos de responsabilidad exclusiva de sus autores.<\/span><\/p>\n<p><span style=\"color: #999999;\">* Tu comentario pudiera ser moderado, por lo tanto, aunque aparezca inmediatamente al ser publicado en la entrada, los editores de esta publicaci\u00f3n digital nos reservamos el derecho tanto de editarlo (si fuera necesario, para hacerlo m\u00e1s legible) como de eliminarlo en el caso de que se usen expresiones incorrectas (descalificaciones, palabras malsonantes\u2026). A su vez, si quieres comentar desde el anonimato puedes hacerlo, aunque, nosotros personalmente, agradecemos que tod@s nos podamos identificar.<\/span><\/p>\n","protected":false},"excerpt":{"rendered":"<p>Despu\u00e9s de la estupenda experiencia del primer curso que dimos en la sede del Colegio de arquitectos de C\u00e1diz (enfocado en temas de Identidad Digital), el mes que viene volvemos a la carga con un curso \/ taller enfocado en el mundo de la comunicaci\u00f3n online.<\/p>\n<p>As\u00ed, los d\u00edas 18 y 19 de noviembre estaremos profundizando en c\u00f3mo nos comunicamos y c\u00f3mo nos podemos comunicar los arquitectos, bajando a tierra las ideas con herramientas digitales.<\/p>\n<p>Tambi\u00e9n daremos un buen repaso al mundo de las webs, blogs y redes sociales.<\/p>\n<p>\u00a1Tiene pinta de que no nos vamos a aburrir!<\/p>\n<p>(m\u00e1s&#8230;)<\/p>\n","protected":false},"author":2,"featured_media":0,"comment_status":"open","ping_status":"closed","sticky":false,"template":"","format":"standard","meta":{"om_disable_all_campaigns":false,"_monsterinsights_skip_tracking":false,"_monsterinsights_sitenote_active":false,"_monsterinsights_sitenote_note":"","_monsterinsights_sitenote_category":0,"_uf_show_specific_survey":0,"_uf_disable_surveys":false,"episode_type":"","audio_file":"","cover_image":"","cover_image_id":"","duration":"","filesize":"","date_recorded":"","explicit":"","block":"","filesize_raw":"","footnotes":""},"categories":[34,22],"tags":[3747,3164,35],"series":[],"class_list":["post-18945","post","type-post","status-publish","format-standard","hentry","category-actualidad","category-identidad-digital-syb","tag-colegio-de-arquitectos-de-cadiz","tag-comunicacion-online","tag-stepienybarno"],"aioseo_notices":[],"episode_featured_image":false,"episode_player_image":"https:\/\/stepienybarno.es\/blog\/wp-content\/uploads\/2020\/11\/stepienybarno-podcast-scaled.jpg","download_link":"","player_link":"","audio_player":false,"episode_data":{"playerMode":"dark","subscribeUrls":[],"rssFeedUrl":"https:\/\/stepienybarno.es\/blog\/feed\/podcast\/podcast-de-stepienybarno","embedCode":"<blockquote class=\"wp-embedded-content\" data-secret=\"9nYBR2hW2P\"><a href=\"https:\/\/stepienybarno.es\/blog\/2015\/10\/28\/nuevo-curso-de-stepienybarno-en-el-colegio-de-arquitectos-de-cadiz\/\">NUEVO CURSO DE STEPIENYBARNO EN EL COLEGIO DE ARQUITECTOS DE C\u00c1DIZ.<\/a><\/blockquote><iframe sandbox=\"allow-scripts\" security=\"restricted\" src=\"https:\/\/stepienybarno.es\/blog\/2015\/10\/28\/nuevo-curso-de-stepienybarno-en-el-colegio-de-arquitectos-de-cadiz\/embed\/#?secret=9nYBR2hW2P\" width=\"500\" height=\"350\" title=\"\u00abNUEVO CURSO DE STEPIENYBARNO EN EL COLEGIO DE ARQUITECTOS DE C\u00c1DIZ.\u00bb \u2014 Blog de STEPIEN Y BARNO - publicaci\u00f3n digital sobre arquitectura\" data-secret=\"9nYBR2hW2P\" frameborder=\"0\" marginwidth=\"0\" marginheight=\"0\" scrolling=\"no\" class=\"wp-embedded-content\"><\/iframe><script type=\"text\/javascript\">\n\/* <![CDATA[ *\/\n\/*! This file is auto-generated *\/\n!function(d,l){\"use strict\";l.querySelector&&d.addEventListener&&\"undefined\"!=typeof URL&&(d.wp=d.wp||{},d.wp.receiveEmbedMessage||(d.wp.receiveEmbedMessage=function(e){var t=e.data;if((t||t.secret||t.message||t.value)&&!\/[^a-zA-Z0-9]\/.test(t.secret)){for(var s,r,n,a=l.querySelectorAll('iframe[data-secret=\"'+t.secret+'\"]'),o=l.querySelectorAll('blockquote[data-secret=\"'+t.secret+'\"]'),c=new RegExp(\"^https?:$\",\"i\"),i=0;i<o.length;i++)o[i].style.display=\"none\";for(i=0;i<a.length;i++)s=a[i],e.source===s.contentWindow&&(s.removeAttribute(\"style\"),\"height\"===t.message?(1e3<(r=parseInt(t.value,10))?r=1e3:~~r<200&&(r=200),s.height=r):\"link\"===t.message&&(r=new URL(s.getAttribute(\"src\")),n=new URL(t.value),c.test(n.protocol))&&n.host===r.host&&l.activeElement===s&&(d.top.location.href=t.value))}},d.addEventListener(\"message\",d.wp.receiveEmbedMessage,!1),l.addEventListener(\"DOMContentLoaded\",function(){for(var e,t,s=l.querySelectorAll(\"iframe.wp-embedded-content\"),r=0;r<s.length;r++)(t=(e=s[r]).getAttribute(\"data-secret\"))||(t=Math.random().toString(36).substring(2,12),e.src+=\"#?secret=\"+t,e.setAttribute(\"data-secret\",t)),e.contentWindow.postMessage({message:\"ready\",secret:t},\"*\")},!1)))}(window,document);\n\/* ]]> *\/\n<\/script>\n"},"_links":{"self":[{"href":"https:\/\/stepienybarno.es\/blog\/wp-json\/wp\/v2\/posts\/18945"}],"collection":[{"href":"https:\/\/stepienybarno.es\/blog\/wp-json\/wp\/v2\/posts"}],"about":[{"href":"https:\/\/stepienybarno.es\/blog\/wp-json\/wp\/v2\/types\/post"}],"author":[{"embeddable":true,"href":"https:\/\/stepienybarno.es\/blog\/wp-json\/wp\/v2\/users\/2"}],"replies":[{"embeddable":true,"href":"https:\/\/stepienybarno.es\/blog\/wp-json\/wp\/v2\/comments?post=18945"}],"version-history":[{"count":2,"href":"https:\/\/stepienybarno.es\/blog\/wp-json\/wp\/v2\/posts\/18945\/revisions"}],"predecessor-version":[{"id":18949,"href":"https:\/\/stepienybarno.es\/blog\/wp-json\/wp\/v2\/posts\/18945\/revisions\/18949"}],"wp:attachment":[{"href":"https:\/\/stepienybarno.es\/blog\/wp-json\/wp\/v2\/media?parent=18945"}],"wp:term":[{"taxonomy":"category","embeddable":true,"href":"https:\/\/stepienybarno.es\/blog\/wp-json\/wp\/v2\/categories?post=18945"},{"taxonomy":"post_tag","embeddable":true,"href":"https:\/\/stepienybarno.es\/blog\/wp-json\/wp\/v2\/tags?post=18945"},{"taxonomy":"series","embeddable":true,"href":"https:\/\/stepienybarno.es\/blog\/wp-json\/wp\/v2\/series?post=18945"}],"curies":[{"name":"wp","href":"https:\/\/api.w.org\/{rel}","templated":true}]}}