{"id":1936,"date":"2010-06-27T11:16:26","date_gmt":"2010-06-27T09:16:26","guid":{"rendered":"https:\/\/www.stepienybarno.es\/blog\/?p=1936"},"modified":"2013-11-01T19:49:39","modified_gmt":"2013-11-01T17:49:39","slug":"alvar-o-alvar-lugares-comunes","status":"publish","type":"post","link":"https:\/\/stepienybarno.es\/blog\/2010\/06\/27\/alvar-o-alvar-lugares-comunes\/","title":{"rendered":"ALVAR O ALVAR, LUGARES COMUNES."},"content":{"rendered":"<p>\u00a0<\/p>\n<p align=\"center\"><img loading=\"lazy\" decoding=\"async\" class=\"alignnone size-full wp-image-1937\" title=\"PORTADA TESINA ALVAR O ALVAR PORTADA stepienybarno 350\" src=\"https:\/\/stepienybarno.es\/blog\/wp-content\/uploads\/2010\/06\/PORTADA-TESINA-ALVAR-O-ALVAR-PORTADA-stepienybarno-350-.jpg\" alt=\"PORTADA TESINA ALVAR O ALVAR PORTADA stepienybarno 350\" width=\"350\" height=\"343\" srcset=\"https:\/\/stepienybarno.es\/blog\/wp-content\/uploads\/2010\/06\/PORTADA-TESINA-ALVAR-O-ALVAR-PORTADA-stepienybarno-350-.jpg 350w, https:\/\/stepienybarno.es\/blog\/wp-content\/uploads\/2010\/06\/PORTADA-TESINA-ALVAR-O-ALVAR-PORTADA-stepienybarno-350--180x176.jpg 180w, https:\/\/stepienybarno.es\/blog\/wp-content\/uploads\/2010\/06\/PORTADA-TESINA-ALVAR-O-ALVAR-PORTADA-stepienybarno-350--316x310.jpg 316w\" sizes=\"(max-width: 350px) 100vw, 350px\" \/><\/p>\n<p>\u00a0<\/p>\n<p>Ma\u00f1ana a estas horas, media mitad de stepienybarno, ya habr\u00e1 pasado la primera meta volante con destino al doctorado. De momento, lo que se avecina es un alto en el camino, un rellano para coger fuerzas y mirar hacia el futuro con decisi\u00f3n. Por ello, quer\u00edamos aprovechar la ocasi\u00f3n para contaros c\u00f3mo hemos vivido esta curiosa etapa de investigaci\u00f3n.<\/p>\n<p>\u00a0<\/p>\n<p><!--more--><\/p>\n<p>En este caso teclea la mitad navarra de Stepienybarno, y en breve ser\u00e1 la mitad polaca quien se pondr\u00e1 manos a la obra para contaros su visi\u00f3n sobre su proyecto de investigaci\u00f3n.<\/p>\n<p>Hacer un doctorado es toda una aventura. Nos metimos en ella con m\u00e1s desconocimiento que otra cosa, y conforme han ido avanzando los meses hemos ido \u00a0pillando por donde van los tiros. Todo es muy acad\u00e9mico y racional, pero lo que ha nosotros m\u00e1s nos ha interesado (por lo menos, hasta ahora) es otro aspecto de car\u00e1cter m\u00e1s vivencial.<\/p>\n<p>\u00a0<\/p>\n<p>All\u00e1 por segundo a\u00f1o de carrera, tengo el recuerdo de haberme enamorado de la arquitectura de Alvar Aalto, como si de un amor a primera vista se tratara. Todo eran intuiciones, que desataban en m\u00ed una excitaci\u00f3n fuera de lo normal. Algunos, a esto les llaman obsesiones, pero creo que ten\u00eda m\u00e1s que ver con el mundo de las pasiones que otra cosa. Durante esta etapa, creo que se pude decir que sal\u00edamos juntos. Aunque, por otro lado, se fehacientemente que me la pegaba con otros estudiantes, e incluso con m\u00e1s de un arquitecto ya madurito, pero yo hac\u00eda como que no me enteraba. Es lo que tiene el amor ciego.<\/p>\n<p>\u00a0<\/p>\n<p>Pero pasada esa primera etapa de atontamiento\/enamoramiento, necesit\u00e9 poner palabras a lo que me estaba sucediendo. \u00a0Verbalizar las intuiciones no es siempre una tarea f\u00e1cil. Pero un buen d\u00eda cay\u00f3 en mis manos un magn\u00edfico libro de Ant\u00f3n Capitel (\u00e9ste tambi\u00e9n deb\u00eda haber tenido su gran romance con el finland\u00e9s!) en el que se pon\u00edan palabras, de manera muy seria y rigurosa, a todas mis alocadas e irracionales intuiciones. As\u00ed que \u00a1eureka!, mi relaci\u00f3n con Aalto, por fin, se consolid\u00f3 como un compromiso realmente serio. Hab\u00eda conseguido racionalizar nuestra aventura.<\/p>\n<p>Aunque tengo que reconocer que yo tambi\u00e9n tuve alg\u00fan escarceo. Fisac, Coderch y alg\u00fan otro grande de la \u00e9poca me sedujeron \u00a1y de que manera!!. Pero bueno, sus innegables encantos no fueron tan eficaces como los vientos n\u00f3rdicos que embriagaban mi coraz\u00f3n.<\/p>\n<p>\u00a0<\/p>\n<p>Tambi\u00e9n me gustar\u00eda recalcar que lo nuestro era una relaci\u00f3n a distancia. De las de antes, sin intern\u00e9 que lo pone ahora todo muy f\u00e1cil!. Por ello, una vez terminada la carrera me dirig\u00ed, presto y decidido a su Finlandia natal. Y efectivamente esas intuiciones (que gracias a Capitel se hab\u00edan convertido en precisos razonamientos), por fin, se convirtieron en sensaciones y emociones de primer nivel. \u00a1Nuestro amor ya era para siempre! Pero cuando cre\u00eda que ser\u00eda el \u00fanico arquitecto en mi vida, el \u00fanico por quien mi coraz\u00f3n siempre palpitar\u00eda sin control. \u00a1Apareci\u00f3 un nuevo pretendiente!. \u00a1Qu\u00e9 vida tan dura la del amor a la arquitectura!<\/p>\n<p>\u00a0<\/p>\n<p>Se trataba de \u00c1lvaro Siza. El portugu\u00e9s lleg\u00f3 sin avisar. Es m\u00e1s mediterr\u00e1neo y se nota, directo al grano, sin coqueteos ni flirteos previos. \u00a0Un d\u00eda pasaba por all\u00ed y se apoder\u00f3 de m\u00ed como si la vida le fuera en ello. Yo ni quer\u00eda, ni dejaba de querer, pero claro, estaba enamorado de otro. \u00bfQu\u00e9 pod\u00eda hacer?<\/p>\n<p>Me encontraba en medio de \u00a0un gran dilema. Por un lado, ya hab\u00eda tenido mi contacto carnal con Aalto y le hab\u00eda declarado mi amor eterno. Mientras que, por otro lado, esas mismas emociones se hab\u00edan puesto de manifiesto en Santiago de Compostela, Cornell\u00e1, Alicante, y varias ciudades portuguesas. As\u00ed que, como pueden imaginar, mantuve un amor a dos bandas. Un amor casi en secreto. Ten\u00eda miedo de que se molestasen si se enteraban, y perderles para siempre.<\/p>\n<p>\u00a0<\/p>\n<p>Hasta que decid\u00ed poner punto y final a todo aquello. No soy bueno guardando secretos, y por mi propia naturaleza sufro mucho con tanta tensi\u00f3n, Por ello, ni corto ni perezoso, les propuse hacer un tr\u00edo. Oigan, cada uno tiene sus debilidades, y \u00a1de perdidos al r\u00edo!<\/p>\n<p>Sorprendentemente la cosa funcion\u00f3! Qu\u00e9 gran alegr\u00eda y que inmenso descanso supuso. Pero claro, lleg\u00f3 el momento de enfrentarme a la tesina, y me parec\u00eda oportuno realizarla sobre mis dos grandes amores arquitect\u00f3nicos. Por ello, me puse a intentar racionalizar todas estas emociones que durante varios a\u00f1os se hab\u00edan ido multiplicando con mi interacci\u00f3n con los dos Alvaros.<\/p>\n<p>\u00a0<\/p>\n<p>Pero antes de terminar esta confesi\u00f3n, todav\u00eda me queda otro secreto que poner encima de la mesa. En realidad no era un tr\u00edo de lo que se trataba, sino \u00a0de un aut\u00e9ntico intercambio de parejas! Ya que \u00a0en toda esta historia, finalmente, he de reconocer que Agnieszka, la mitad femenina de Stepienybarno, fue desde el principio una m\u00e1s de este curioso grupo.<\/p>\n<p>As\u00ed que esta es la verdad de mi proyecto de investigaci\u00f3n. Y ma\u00f1ana tengo que explicar c\u00f3mo ha sido toda esta aventura.\u00a0 \u00bfCreen ustedes que ma\u00f1ana me atrever\u00e9 a contar al tribunal la verdad y nada m\u00e1s que la verdad?<\/p>\n","protected":false},"excerpt":{"rendered":"\n<p>Ma\u00f1ana a estas horas, media mitad de stepienybarno, ya habr\u00e1 pasado la primera meta volante con destino al doctorado. De momento, lo que se avecina es un alto en el camino, un rellano para coger fuerzas y mirar hacia el futuro con decisi\u00f3n. Por ello, quer\u00edamos aprovechar la ocasi\u00f3n para contaros c\u00f3mo hemos vivido esta curiosa etapa de investigaci\u00f3n.<\/p>\n","protected":false},"author":2,"featured_media":0,"comment_status":"open","ping_status":"closed","sticky":false,"template":"","format":"standard","meta":{"om_disable_all_campaigns":false,"_monsterinsights_skip_tracking":false,"_monsterinsights_sitenote_active":false,"_monsterinsights_sitenote_note":"","_monsterinsights_sitenote_category":0,"_uf_show_specific_survey":0,"_uf_disable_surveys":false,"episode_type":"","audio_file":"","cover_image":"","cover_image_id":"","duration":"","filesize":"","date_recorded":"","explicit":"","block":"","filesize_raw":"","footnotes":""},"categories":[34,4],"tags":[125,124,121,9,85,126,65,35,127],"series":[],"class_list":["post-1936","post","type-post","status-publish","format-standard","hentry","category-actualidad","category-arquilectura","tag-alvar-aalto","tag-alvar-o-alvar","tag-alvaro-siza","tag-arquitectura","tag-charlas","tag-d-e-a","tag-educacion","tag-stepienybarno","tag-tesina"],"aioseo_notices":[],"episode_featured_image":false,"episode_player_image":"https:\/\/stepienybarno.es\/blog\/wp-content\/uploads\/2020\/11\/stepienybarno-podcast-scaled.jpg","download_link":"","player_link":"","audio_player":false,"episode_data":{"playerMode":"dark","subscribeUrls":[],"rssFeedUrl":"https:\/\/stepienybarno.es\/blog\/feed\/podcast\/podcast-de-stepienybarno","embedCode":"<blockquote class=\"wp-embedded-content\" data-secret=\"KYcXpWeNHN\"><a href=\"https:\/\/stepienybarno.es\/blog\/2010\/06\/27\/alvar-o-alvar-lugares-comunes\/\">ALVAR O ALVAR, LUGARES COMUNES.<\/a><\/blockquote><iframe sandbox=\"allow-scripts\" security=\"restricted\" src=\"https:\/\/stepienybarno.es\/blog\/2010\/06\/27\/alvar-o-alvar-lugares-comunes\/embed\/#?secret=KYcXpWeNHN\" width=\"500\" height=\"350\" title=\"\u00abALVAR O ALVAR, LUGARES COMUNES.\u00bb \u2014 Blog de STEPIEN Y BARNO - publicaci\u00f3n digital sobre arquitectura\" data-secret=\"KYcXpWeNHN\" frameborder=\"0\" marginwidth=\"0\" marginheight=\"0\" scrolling=\"no\" class=\"wp-embedded-content\"><\/iframe><script type=\"text\/javascript\">\n\/* <![CDATA[ *\/\n\/*! This file is auto-generated *\/\n!function(d,l){\"use strict\";l.querySelector&&d.addEventListener&&\"undefined\"!=typeof URL&&(d.wp=d.wp||{},d.wp.receiveEmbedMessage||(d.wp.receiveEmbedMessage=function(e){var t=e.data;if((t||t.secret||t.message||t.value)&&!\/[^a-zA-Z0-9]\/.test(t.secret)){for(var s,r,n,a=l.querySelectorAll('iframe[data-secret=\"'+t.secret+'\"]'),o=l.querySelectorAll('blockquote[data-secret=\"'+t.secret+'\"]'),c=new RegExp(\"^https?:$\",\"i\"),i=0;i<o.length;i++)o[i].style.display=\"none\";for(i=0;i<a.length;i++)s=a[i],e.source===s.contentWindow&&(s.removeAttribute(\"style\"),\"height\"===t.message?(1e3<(r=parseInt(t.value,10))?r=1e3:~~r<200&&(r=200),s.height=r):\"link\"===t.message&&(r=new URL(s.getAttribute(\"src\")),n=new URL(t.value),c.test(n.protocol))&&n.host===r.host&&l.activeElement===s&&(d.top.location.href=t.value))}},d.addEventListener(\"message\",d.wp.receiveEmbedMessage,!1),l.addEventListener(\"DOMContentLoaded\",function(){for(var e,t,s=l.querySelectorAll(\"iframe.wp-embedded-content\"),r=0;r<s.length;r++)(t=(e=s[r]).getAttribute(\"data-secret\"))||(t=Math.random().toString(36).substring(2,12),e.src+=\"#?secret=\"+t,e.setAttribute(\"data-secret\",t)),e.contentWindow.postMessage({message:\"ready\",secret:t},\"*\")},!1)))}(window,document);\n\/* ]]> *\/\n<\/script>\n"},"_links":{"self":[{"href":"https:\/\/stepienybarno.es\/blog\/wp-json\/wp\/v2\/posts\/1936"}],"collection":[{"href":"https:\/\/stepienybarno.es\/blog\/wp-json\/wp\/v2\/posts"}],"about":[{"href":"https:\/\/stepienybarno.es\/blog\/wp-json\/wp\/v2\/types\/post"}],"author":[{"embeddable":true,"href":"https:\/\/stepienybarno.es\/blog\/wp-json\/wp\/v2\/users\/2"}],"replies":[{"embeddable":true,"href":"https:\/\/stepienybarno.es\/blog\/wp-json\/wp\/v2\/comments?post=1936"}],"version-history":[{"count":9,"href":"https:\/\/stepienybarno.es\/blog\/wp-json\/wp\/v2\/posts\/1936\/revisions"}],"predecessor-version":[{"id":10632,"href":"https:\/\/stepienybarno.es\/blog\/wp-json\/wp\/v2\/posts\/1936\/revisions\/10632"}],"wp:attachment":[{"href":"https:\/\/stepienybarno.es\/blog\/wp-json\/wp\/v2\/media?parent=1936"}],"wp:term":[{"taxonomy":"category","embeddable":true,"href":"https:\/\/stepienybarno.es\/blog\/wp-json\/wp\/v2\/categories?post=1936"},{"taxonomy":"post_tag","embeddable":true,"href":"https:\/\/stepienybarno.es\/blog\/wp-json\/wp\/v2\/tags?post=1936"},{"taxonomy":"series","embeddable":true,"href":"https:\/\/stepienybarno.es\/blog\/wp-json\/wp\/v2\/series?post=1936"}],"curies":[{"name":"wp","href":"https:\/\/api.w.org\/{rel}","templated":true}]}}